{"id":17559,"date":"2025-10-13T13:45:43","date_gmt":"2025-10-13T11:45:43","guid":{"rendered":"https:\/\/monde25.info\/index.php\/2025\/10\/13\/la-valse-des-gouvernements-francais-130-ministres-depuis-2022\/"},"modified":"2025-10-13T13:45:43","modified_gmt":"2025-10-13T11:45:43","slug":"la-valse-des-gouvernements-francais-130-ministres-depuis-2022","status":"publish","type":"post","link":"https:\/\/monde25.info\/index.php\/2025\/10\/13\/la-valse-des-gouvernements-francais-130-ministres-depuis-2022\/","title":{"rendered":"La valse des gouvernements fran\u00e7ais&#8230; 130 ministres depuis 2022"},"content":{"rendered":"<p> <br \/>\n<\/p>\n<div>\n<p>Depuis la r\u00e9\u00e9lection d&rsquo;Emmanuel Macron en mai 2022, 130 personnalit\u00e9s se sont succ\u00e9d\u00e9 au gouvernement, brisant d\u00e9j\u00e0, \u00e0 un an et demi de la prochaine pr\u00e9sidentielle, le record absolu de ministres nomm\u00e9s sous un mandat pr\u00e9sidentiel sous la V<sup>e<\/sup> R\u00e9publique, selon une base de donn\u00e9es de l&rsquo;AFP.<\/p>\n<p>Avec 17 nouvelles t\u00eates apparues dimanche dans la liste du gouvernement Lecornu II (20 en comptant celles du gouvernement Lecornu I), les gouvernements du second quinquennat Macron battent, en moins de trois ans et demi, le pr\u00e9c\u00e9dent record de 117 ministres \u00e9tabli en deux fois plus de temps sous le second septennat de Fran\u00e7ois Mitterrand (1988-1995).<\/p>\n<p>Ces chiffres prennent en compte tous les membres de gouvernement, qu&rsquo;ils soient Premiers ministres, ministres, ministres d\u00e9l\u00e9gu\u00e9s, secr\u00e9taires d&rsquo;\u00c9tat&#8230;<\/p>\n<p>Mais m\u00eame en ne comptant que les ministres de plein exercice, les gouvernements du second quinquennat Macron surpassent ceux du second septennat Mitterrand (65 ministres, contre 64). L\u00e0 encore, en deux fois moins de temps.<\/p>\n<p>\u00c0 ce jour, seul S\u00e9bastien Lecornu, l&rsquo;actuel locataire de Matignon, a particip\u00e9 \u00e0 tous les gouvernements de ce quinquennat.<\/p>\n<p>G\u00e9rald Darmanin et Jean-No\u00ebl Barrot, reconduits dimanche respectivement \u00e0 la Justice et aux Affaires \u00e9trang\u00e8res, ainsi que Agn\u00e8s Pannier-Runacher, sont les rares \u00e9l\u00e9ments de stabilit\u00e9 de ces gouvernements. Mme Pannier-Runacher, de tous les gouvernements depuis 2018, charg\u00e9e de la Transition \u00e9cologique du gouvernement d\u00e9missionnaire, n&rsquo;a pas souhait\u00e9 \u00eatre reconduite.<\/p>\n<p>Mais \u00e0 leurs c\u00f4t\u00e9s se sont succ\u00e9d\u00e9 des dizaines de ministres \u00e9ph\u00e9m\u00e8res. Qui se souvient des passages, sous Michel Barnier par exemple, de Jean-Louis Thi\u00e9riot (ministre d\u00e9l\u00e9gu\u00e9 aupr\u00e8s du ministre des Arm\u00e9es), d&rsquo;Alexandre Portier (ministre d\u00e9l\u00e9gu\u00e9 \u00e0 la R\u00e9ussite scolaire) ou d&rsquo;Olga Givernet (ministre d\u00e9l\u00e9gu\u00e9e de l&rsquo;\u00c9nergie)\u202f?<\/p>\n<p>Plus connue du grand public, Ya\u00ebl Braun-Pivet est rest\u00e9e \u00e0 peine plus d&rsquo;un mois au gouvernement d&rsquo;Elisabeth Borne comme ministre charg\u00e9e des Outre-mer, avant de prendre la pr\u00e9sidence de l&rsquo;Assembl\u00e9e nationale en juin 2022.<\/p>\n<p>Sans compter les nouvelles t\u00eates des gouvernements Lecornu, 66 ministres sont rest\u00e9s en poste moins d&rsquo;un an sous le second quinquennat Macron, parmi lesquels 24 ont tenu moins de trois mois. Neuf d&rsquo;entre eux, renomm\u00e9s dimanche, auront l&rsquo;occasion d&rsquo;am\u00e9liorer leur compteur.<\/p>\n<p>Parmi les nouvelles t\u00eates du nouvel ex\u00e9cutif, figure Nicolas Forissier (Commerce ext\u00e9rieur), qui fait son retour au gouvernement apr\u00e8s 21 ans d&rsquo;absence. Il avait \u00e9t\u00e9 secr\u00e9taire d&rsquo;\u00c9tat \u00e0 l&rsquo;Agriculture dans un gouvernement de Jean-Pierre Raffarin en 2004-2005, sous la pr\u00e9sidence de Jacques Chirac.<\/p>\n<\/div>\n<p><script>(function(d, s, id) {  var js, fjs = d.getElementsByTagName(s)[0];  if (d.getElementById(id)) return;  js = d.createElement(s); js.id = id;  js.src = \"\/\/connect.facebook.net\/fr_FR\/sdk.js#xfbml=1&version=v2.3\";  fjs.parentNode.insertBefore(js, fjs);}(document, \"script\", \"facebook-jssdk\"));<\/script><br \/>\n<br \/><br \/>\n<br \/><a href=\"https:\/\/www.francesoir.fr\/politique-france\/la-valse-des-gouvernements-francais-130-ministres-depuis-2022\" target=\"_blank\"\">Source link <\/a><\/p>\n","protected":false},"excerpt":{"rendered":"<p>Depuis la r\u00e9\u00e9lection d&rsquo;Emmanuel Macron en mai 2022, 130 personnalit\u00e9s se sont succ\u00e9d\u00e9 au gouvernement, brisant d\u00e9j\u00e0, \u00e0 un an et demi de la prochaine pr\u00e9sidentielle, le record absolu de&hellip; <\/p>\n","protected":false},"author":1,"featured_media":17560,"comment_status":"open","ping_status":"open","sticky":false,"template":"","format":"standard","meta":{"footnotes":""},"categories":[1],"tags":[],"class_list":["post-17559","post","type-post","status-publish","format-standard","has-post-thumbnail","hentry","category-non-classe"],"_links":{"self":[{"href":"https:\/\/monde25.info\/index.php\/wp-json\/wp\/v2\/posts\/17559","targetHints":{"allow":["GET"]}}],"collection":[{"href":"https:\/\/monde25.info\/index.php\/wp-json\/wp\/v2\/posts"}],"about":[{"href":"https:\/\/monde25.info\/index.php\/wp-json\/wp\/v2\/types\/post"}],"author":[{"embeddable":true,"href":"https:\/\/monde25.info\/index.php\/wp-json\/wp\/v2\/users\/1"}],"replies":[{"embeddable":true,"href":"https:\/\/monde25.info\/index.php\/wp-json\/wp\/v2\/comments?post=17559"}],"version-history":[{"count":0,"href":"https:\/\/monde25.info\/index.php\/wp-json\/wp\/v2\/posts\/17559\/revisions"}],"wp:featuredmedia":[{"embeddable":true,"href":"https:\/\/monde25.info\/index.php\/wp-json\/wp\/v2\/media\/17560"}],"wp:attachment":[{"href":"https:\/\/monde25.info\/index.php\/wp-json\/wp\/v2\/media?parent=17559"}],"wp:term":[{"taxonomy":"category","embeddable":true,"href":"https:\/\/monde25.info\/index.php\/wp-json\/wp\/v2\/categories?post=17559"},{"taxonomy":"post_tag","embeddable":true,"href":"https:\/\/monde25.info\/index.php\/wp-json\/wp\/v2\/tags?post=17559"}],"curies":[{"name":"wp","href":"https:\/\/api.w.org\/{rel}","templated":true}]}}