{"id":17563,"date":"2025-10-13T14:51:38","date_gmt":"2025-10-13T12:51:38","guid":{"rendered":"https:\/\/monde25.info\/index.php\/2025\/10\/13\/lactrice-anouk-grinberg-depose-plainte-contre-lavocat-de-gerard-depardieu\/"},"modified":"2025-10-13T14:51:38","modified_gmt":"2025-10-13T12:51:38","slug":"lactrice-anouk-grinberg-depose-plainte-contre-lavocat-de-gerard-depardieu","status":"publish","type":"post","link":"https:\/\/monde25.info\/index.php\/2025\/10\/13\/lactrice-anouk-grinberg-depose-plainte-contre-lavocat-de-gerard-depardieu\/","title":{"rendered":"L\u2019actrice Anouk Grinberg d\u00e9pose plainte contre l\u2019avocat de G\u00e9rard Depardieu"},"content":{"rendered":"<p> <br \/>\n<br \/>Selon les informations de Mediapart et du magazine \u00abElle\u00bb, la com\u00e9dienne demande \u00e0 l\u2019ordre des avocats de lancer une enqu\u00eate d\u00e9ontologique \u00e0 l\u2019\u00e9gard de J\u00e9r\u00e9mie Assous. Elle vise des propos \u00abmensongers\u00bb et \u00abd\u00e9gradants\u00bb tenus par le conseil de G\u00e9rard Depardieu sur BFMTV.<br \/>\n<br \/><br \/>\n<br \/><a href=\"https:\/\/www.mediapart.fr\/journal\/france\/131025\/l-actrice-anouk-grinberg-depose-plainte-contre-l-avocat-de-gerard-depardieu\" target=\"_blank\"\">Source link <\/a><\/p>\n","protected":false},"excerpt":{"rendered":"<p>Selon les informations de Mediapart et du magazine \u00abElle\u00bb, la com\u00e9dienne demande \u00e0 l\u2019ordre des avocats de lancer une enqu\u00eate d\u00e9ontologique \u00e0 l\u2019\u00e9gard de J\u00e9r\u00e9mie Assous. Elle vise des propos&hellip; <\/p>\n","protected":false},"author":1,"featured_media":17564,"comment_status":"open","ping_status":"open","sticky":false,"template":"","format":"standard","meta":{"footnotes":""},"categories":[1],"tags":[],"class_list":["post-17563","post","type-post","status-publish","format-standard","has-post-thumbnail","hentry","category-non-classe"],"_links":{"self":[{"href":"https:\/\/monde25.info\/index.php\/wp-json\/wp\/v2\/posts\/17563","targetHints":{"allow":["GET"]}}],"collection":[{"href":"https:\/\/monde25.info\/index.php\/wp-json\/wp\/v2\/posts"}],"about":[{"href":"https:\/\/monde25.info\/index.php\/wp-json\/wp\/v2\/types\/post"}],"author":[{"embeddable":true,"href":"https:\/\/monde25.info\/index.php\/wp-json\/wp\/v2\/users\/1"}],"replies":[{"embeddable":true,"href":"https:\/\/monde25.info\/index.php\/wp-json\/wp\/v2\/comments?post=17563"}],"version-history":[{"count":0,"href":"https:\/\/monde25.info\/index.php\/wp-json\/wp\/v2\/posts\/17563\/revisions"}],"wp:featuredmedia":[{"embeddable":true,"href":"https:\/\/monde25.info\/index.php\/wp-json\/wp\/v2\/media\/17564"}],"wp:attachment":[{"href":"https:\/\/monde25.info\/index.php\/wp-json\/wp\/v2\/media?parent=17563"}],"wp:term":[{"taxonomy":"category","embeddable":true,"href":"https:\/\/monde25.info\/index.php\/wp-json\/wp\/v2\/categories?post=17563"},{"taxonomy":"post_tag","embeddable":true,"href":"https:\/\/monde25.info\/index.php\/wp-json\/wp\/v2\/tags?post=17563"}],"curies":[{"name":"wp","href":"https:\/\/api.w.org\/{rel}","templated":true}]}}