{"id":17567,"date":"2025-10-13T15:57:42","date_gmt":"2025-10-13T13:57:42","guid":{"rendered":"https:\/\/monde25.info\/index.php\/2025\/10\/13\/un-etat-palestinien-ou-une-reserve-palestinienne\/"},"modified":"2025-10-13T15:57:42","modified_gmt":"2025-10-13T13:57:42","slug":"un-etat-palestinien-ou-une-reserve-palestinienne","status":"publish","type":"post","link":"https:\/\/monde25.info\/index.php\/2025\/10\/13\/un-etat-palestinien-ou-une-reserve-palestinienne\/","title":{"rendered":"Un \u00c9tat palestinien ou une r\u00e9serve palestinienne ?"},"content":{"rendered":"<p> <br \/>\n<\/p>\n<div id=\"\">\n<p><i>\u00ab\u00a0Tant que les lions n\u2019auront pas d\u2019historiens, les histoires de chasse glofieront le chasseur.\u00a0\u00bb (proverbe africain)<\/i><\/p>\n<p><strong> Soutenir le g\u00e9nocidaire sioniste et jouer le r\u00f4le de l\u2019avocat de la victime palestinienne<\/strong><\/p>\n<p>Le 22 septembre 2025, \u00e0 la Tribune des Nations-unies, le pr\u00e9sident fran\u00e7ais d\u00e9clara\u00a0:\u00ab\u00a0en 1947,  cette Assembl\u00e9e d\u00e9cidait du partage de la Palestine mandataire entre deux Etats, l\u2019un juif et l\u2019autre arabe, et reconnaissait ainsi le droit de chacun \u00e0 l\u2019autod\u00e9termination. La communaut\u00e9 internationale consacrait l\u00e0 l\u2019Etat d\u2019Isra\u00ebl, accomplissant le destin de ce peuple, enfin, apr\u00e8s des mill\u00e9naires d\u2019errance et de pers\u00e9cution, et qui put fonder l\u00e0 une si belle d\u00e9mocratie.\u00a0\u00bb (1)<\/p>\n<p>Une pr\u00e9cision s\u2019impose, la Palestine fut une terre habit\u00e9e par des arabes juifs, chr\u00e9tiens et musulmans. Les trois qualificatifs juif, chr\u00e9tien et musulman sont \u00e9num\u00e9r\u00e9s pour respecter l\u2019ordre chronologique de leur existence sur cette terre. Terre des trois monoth\u00e9ismes\u00a0!<\/p>\n<p>En 1947, les puissances politiques et militaires Etats-unis, Angleterre, France et U.R.S.S ont d\u00e9cid\u00e9 de modifier la nature de cette terre en tenant en compte l\u2019id\u00e9ologie du mouvement sioniste n\u00e9 en Europe et dont les fondements id\u00e9ologiques furent d\u00e9finis au Congr\u00e8s de B\u00e2le en 1897. Ce choix g\u00e9opolitique des puissants est dans la continuit\u00e9  de la D\u00e9claration Balfour adress\u00e9e par le ministre des Affaires \u00e9trang\u00e8res anglais Lord Arthur Balfour le 2 novembre 1917 \u00e0 Th\u00e9odor Herzl, le p\u00e8re du sionisme politique\u00a0:\u00a0un foyer national pour le peuple juif en terre de Palestine.<\/p>\n<p>Ainsi l\u2019\u00c9tat d\u2019Isra\u00ebl est le produit d\u2019une puissance coloniale et approuv\u00e9 en 1947 par les puissances cit\u00e9es ci-dessus. Evidemment, l \u2019Holocauste nazi fut  le socle sur lequel se sont appuy\u00e9es ces puissances pour fonder l\u2019Etat d\u2019Isra\u00ebl dans un contexte de confrontation g\u00e9o-strat\u00e9gique entre puissances occidentales et U.R.S.S.<\/p>\n<p>En affirmant que cet Etat d\u2019Isra\u00ebl est l\u2019accomplissement du destin de \u00ab\u00a0ce peuple, enfin, apr\u00e8s des mill\u00e9naires d\u2019errance et de pers\u00e9cution\u00a0\u00bb, le pr\u00e9sident fran\u00e7ais omet de pr\u00e9ciser que la pers\u00e9cution des juifs eu lieu en Europe et sous-entend que le peuple palestinien n\u2019est qu\u2019un locataire provisoire sur cette terre. Cette affirmation du pr\u00e9sident fran\u00e7ais est coh\u00e9rente avec ce qu\u2019il a d\u00e9clar\u00e9 en 2017 au d\u00eener du Cri\u00a0:\u00a0\u00ab\u00a0J\u00e9rusalem est la capitale \u00e9ternelle du peuple juif. Je n\u2019ai jamais cess\u00e9 de le dire.\u00a0\u00bb (2)<\/p>\n<p>Une terre o\u00f9 fut fond\u00e9e une \u00ab\u00a0si belle d\u00e9mocratie\u00a0\u00bb qui s\u2019est d\u00e9barrass\u00e9 du peuple palestinien et continue sur cette voie pour l\u2019instauration du Grand Isra\u00ebl.Toujours prisonnier du \u2019\u2019\u00a0en m\u00eame temps\u00a0\u2019\u2019, le pr\u00e9sident fran\u00e7ais  ignore sans doute les propos de Ben Gourion, premier ministre de l\u2019entit\u00e9 sioniste de 1948 \u00e0 1954 et de 1955 \u00e0 1963\u00a0:\u00a0\u00ab\u00a0&#8230;Pourquoi les Palestiniens feraient-ils la paix\u00a0? Si j\u2019\u00e9tais, moi, un leader palestinien, jamais je ne signerai avec Isra\u00ebl. C\u2019est normal, nous avons pris leur pays. Certes, Dieu nous l\u2019a promis, mais en quoi cela peut-il les int\u00e9resser\u00a0? Notre Dieu n\u2019est pas le leur. Nous sommes originaires d\u2019Isra\u00ebl, c\u2019est vrai, mais il y a de cela deux mille ans\u00a0:\u00a0en quoi cela les concerne-t-il\u00a0? Il y a eu l\u2019antis\u00e9mitisme, les nazis, Hitler, Auschwitz, mais est-ce leur faute\u00a0? Ils ne voient qu\u2019une chose\u00a0:\u00a0nous sommes venus et nous avons vol\u00e9 leur pays. Pourquoi l\u2019accepteraient-ils..?\u00a0\u00bb (3)<\/p>\n<p><strong>Un \u00c9tat palestinien\u00a0?<\/strong><\/p>\n<p>En reconnaissant un \u00c9tat palestinien, la France ainsi que l\u2019Angleterre et l\u2019Allemagne esp\u00e8rent effacer des m\u00e9moires leurs participations au g\u00e9nocide \u00e0 Gaza en aidant l\u2019Etat sioniste et sur le plan militaire et sur le plan \u00e9conomique.<\/p>\n<p>Derni\u00e8re \u00e9tape, un plan de paix (4) r\u00e9dig\u00e9 par le chef supr\u00eame de l\u2019imp\u00e9rialisme isra\u00e9lo-occidental, Donald Trump, avec l\u2019aval du premier ministre isra\u00e9lien, sugg\u00e8re l\u2019instauration d\u2019un \u00c9tat palestinien sous des conditions qui annihilent, d\u2019une part, le droit \u00e0 l\u2019autod\u00e9termination du peuple palestinien en tant que peuple colonis\u00e9 et ne dit mot sur les colonies sionistes qui continuent \u00e0 s\u2019\u00e9tendre en Cisjordanie. La future Jud\u00e9e-Samarie\u00a0?<\/p>\n<p>Un \u00c9tat palestinien dont ni le territoire ni les contours ne sont \u00e0 l\u2019ordre du jour.<br class=\"autobr\"\/><br \/>\nBref, un cessez-le-feu n\u2019est nullement synonyme de paix.<br class=\"autobr\"\/><br \/>\nD\u2019o\u00f9 la question\u00a0:\u00a0un \u00c9tat palestinien o\u00f9 une r\u00e9serve palestinienne\u00a0? <br class=\"autobr\"\/><br \/>\nAvec la b\u00e9n\u00e9diction des \u00ab\u00a0dirigeants arabes dans l\u2019habit du serviteur volontaire.\u00a0\u00bb(5)<\/p>\n<p>(1) <a target=\"_blank\" href=\"https:\/\/www.elysee.fr\/emmanuel-macron\/2025\/09\/22\/80e-session-de-lassemblee-generale-des-nations-unies-a-new-york-premiere-journee\" class=\"spip_url spip_out auto\" rel=\"nofollow external\">https:\/\/www.elysee.fr\/emmanuel-macron\/2025\/09\/22\/80e-session-de-lassemblee-generale-des-nations-unies-a-new-york-premiere-journee<\/a><\/p>\n<p>(2) <a target=\"_blank\" href=\"https:\/\/www.lemonde.fr\/international\/article\/2022\/03\/04\/l-autorite-palestinienne-s-indigne-des-propos-tenus-par-m-macron-sur-jerusalem-lors-du-diner-du-crif_6116178_3210.html\" class=\"spip_url spip_out auto\" rel=\"nofollow external\">https:\/\/www.lemonde.fr\/international\/article\/2022\/03\/04\/l-autorite-palestinienne-s-indigne-des-propos-tenus-par-m-macron-sur-jerusalem-lors-du-diner-du-crif_6116178_3210.html<\/a><\/p>\n<p> (3) Goldmann, Nahum. <i>O\u00f9 va Isra\u00ebl\u00a0?<\/i>. Calmann-L\u00e9vy, 1975. p.104<\/p>\n<p> (4) <a target=\"_blank\" href=\"https:\/\/fr.timesofisrael.com\/us-un-plan-en-21-points-pour-mettre-fin-a-la-guerre-a-gaza-et-ouvrir-la-voie-a-un-etat-palestinien\/\" class=\"spip_url spip_out auto\" rel=\"nofollow external\">https:\/\/fr.timesofisrael.com\/us-un-plan-en-21-points-pour-mettre-fin-a-la-guerre-a-gaza-et-ouvrir-la-voie-a-un-etat-palestinien\/<\/a><\/p>\n<p> (5) <a target=\"_blank\" href=\"https:\/\/www.mondialisation.ca\/les-dirigeants-arabes-dans-lhabit-du-serviteur-volontaire\/5697379?doing_wp_cron=1760343473.3682749271392822265625\" class=\"spip_url spip_out auto\" rel=\"nofollow external\">https:\/\/www.mondialisation.ca\/les-dirigeants-arabes-dans-lhabit-du-serviteur-volontaire\/5697379?doing_wp_cron=1760343473.3682749271392822265625<\/a><\/p>\n<p>13\/10\/2025<\/p>\n<\/div>\n<p><br \/>\n<br \/><a href=\"https:\/\/www.legrandsoir.info\/un-etat-palestinien-ou-une-reserve-palestinienne.html\" target=\"_blank\"\">Source link <\/a><\/p>\n","protected":false},"excerpt":{"rendered":"<p>\u00ab\u00a0Tant que les lions n\u2019auront pas d\u2019historiens, les histoires de chasse glofieront le chasseur.\u00a0\u00bb (proverbe africain) Soutenir le g\u00e9nocidaire sioniste et jouer le r\u00f4le de l\u2019avocat de la victime palestinienne&hellip; <\/p>\n","protected":false},"author":1,"featured_media":17568,"comment_status":"open","ping_status":"open","sticky":false,"template":"","format":"standard","meta":{"footnotes":""},"categories":[1],"tags":[],"class_list":["post-17567","post","type-post","status-publish","format-standard","has-post-thumbnail","hentry","category-non-classe"],"_links":{"self":[{"href":"https:\/\/monde25.info\/index.php\/wp-json\/wp\/v2\/posts\/17567","targetHints":{"allow":["GET"]}}],"collection":[{"href":"https:\/\/monde25.info\/index.php\/wp-json\/wp\/v2\/posts"}],"about":[{"href":"https:\/\/monde25.info\/index.php\/wp-json\/wp\/v2\/types\/post"}],"author":[{"embeddable":true,"href":"https:\/\/monde25.info\/index.php\/wp-json\/wp\/v2\/users\/1"}],"replies":[{"embeddable":true,"href":"https:\/\/monde25.info\/index.php\/wp-json\/wp\/v2\/comments?post=17567"}],"version-history":[{"count":0,"href":"https:\/\/monde25.info\/index.php\/wp-json\/wp\/v2\/posts\/17567\/revisions"}],"wp:featuredmedia":[{"embeddable":true,"href":"https:\/\/monde25.info\/index.php\/wp-json\/wp\/v2\/media\/17568"}],"wp:attachment":[{"href":"https:\/\/monde25.info\/index.php\/wp-json\/wp\/v2\/media?parent=17567"}],"wp:term":[{"taxonomy":"category","embeddable":true,"href":"https:\/\/monde25.info\/index.php\/wp-json\/wp\/v2\/categories?post=17567"},{"taxonomy":"post_tag","embeddable":true,"href":"https:\/\/monde25.info\/index.php\/wp-json\/wp\/v2\/tags?post=17567"}],"curies":[{"name":"wp","href":"https:\/\/api.w.org\/{rel}","templated":true}]}}