{"id":17572,"date":"2025-10-13T17:36:42","date_gmt":"2025-10-13T15:36:42","guid":{"rendered":"https:\/\/monde25.info\/index.php\/2025\/10\/13\/le-hamas-ne-deposera-les-armes-que-sil-est-integre-a-larmee-nationale-palestinienne\/"},"modified":"2025-10-13T17:36:42","modified_gmt":"2025-10-13T15:36:42","slug":"le-hamas-ne-deposera-les-armes-que-sil-est-integre-a-larmee-nationale-palestinienne","status":"publish","type":"post","link":"https:\/\/monde25.info\/index.php\/2025\/10\/13\/le-hamas-ne-deposera-les-armes-que-sil-est-integre-a-larmee-nationale-palestinienne\/","title":{"rendered":"Le Hamas ne d\u00e9posera les armes que s\u2019il est int\u00e9gr\u00e9 \u00e0 l\u2019arm\u00e9e nationale palestinienne"},"content":{"rendered":"<p> <br \/>\n<\/p>\n<div>\n<ol class=\"campaign-loop campaign-list\">\n<li id=\"campaign-482494\" class=\"post-482494 campaign type-campaign status-publish hentry campaign-has-goal campaign-has-not-achieved-goal campaign-has-end-date campaign-has-not-ended\">\n\t<a target=\"_blank\" href=\"https:\/\/reseauinternational.net\/campaigns\/campagne-de-dons-septembre-octobre-2025\/\"><\/p>\n<h3>Campagne de dons Octobre 2025<\/h3>\n<p>\t\t\t<\/a><\/p>\n<p>\n\tAppel aux dons \u2013 Votre soutien nous est indispensable pour continuer \u00e0 vous fournir le meilleur de l\u2019information internationale alternative. C\u2019est gr\u00e2ce \u00e0 vos dons que nous pourrons maintenir le cap pour une information plurielle et r\u00e9ellement alternative. Nous comptons sur vous.<\/p>\n<p>\n<span class=\"amount\">6 805,87\u00a0\u20ac<\/span> de l\u2019objectif de <span class=\"goal-amount\">25 000,00\u00a0\u20ac<\/span> atteint<\/p>\n<\/li>\n<\/ol>\n<p>par <strong>The Cradle<\/strong><\/p>\n<p><strong>Netanyahou d\u00e9clare que le Hamas doit d\u00e9poser les armes \u00abde gr\u00e9 ou de force\u00bb \u00e0 la suite de l\u2019accord de cessez-le-feu \u00e0 Gaza.<\/strong><\/p>\n<p>Il a rappel\u00e9 le r\u00f4le jou\u00e9 par Blair, lorsqu\u2019il a soutenu le pr\u00e9sident am\u00e9ricain George Bush et les membres pro-isra\u00e9liens de son administration dans l\u2019invasion de l\u2019Afghanistan et de l\u2019Irak en 2001 et 2003, causant la mort de centaines de milliers de musulmans.<\/p>\n<p>Lors d\u2019une <a target=\"_blank\" href=\"https:\/\/news.sky.com\/story\/hamas-official-thanks-donald-trump-for-peace-deal-but-warns-tony-blair-not-welcome-13448166\">interview<\/a> accord\u00e9e \u00e0 <em>Sky News<\/em> le 10 octobre, le Dr Basem Naim, haut responsable du Hamas, a confirm\u00e9 que le Hamas ne d\u00e9sarmera pas compl\u00e8tement, et que le mouvement ne remettra ses armes qu\u2019\u00e0 un \u00c9tat palestinien si ses combattants sont int\u00e9gr\u00e9s \u00e0 une arm\u00e9e nationale palestinienne.<\/p>\n<p>\u00ab<em>Personne n\u2019est en droit de nous refuser le droit de r\u00e9sister \u00e0 l\u2019occupation d\u2019une arm\u00e9e<\/em>\u00bb, a d\u00e9clar\u00e9 Naim.<\/p>\n<figure class=\"wp-block-embed is-type-rich is-provider-twitter wp-block-embed-twitter\">\n<div class=\"wp-block-embed__wrapper\">\n<div class=\"embed-twitter\">\n<blockquote class=\"twitter-tweet\" data-width=\"550\" data-dnt=\"true\">\n<p lang=\"en\" dir=\"ltr\">JUST IN: Hamas leader Basem Naim to Sky News:<\/p>\n<p>Our weapons are going to be handed over only to the hands of a Palestinian State, and our fighters can be integrated into the Palestinian National Army.<\/p>\n<p>Before that, no one has the right to deny us the right to resist the occupation\u2026 <a target=\"_blank\" href=\"https:\/\/t.co\/QSFT8Ii5am\">pic.twitter.com\/QSFT8Ii5am<\/a><\/p>\n<p>\u2014 Sulaiman Ahmed (@ShaykhSulaiman) <a target=\"_blank\" href=\"https:\/\/twitter.com\/ShaykhSulaiman\/status\/1976726101452820519?ref_src=twsrc%5Etfw\">October 10, 2025<\/a><\/p><\/blockquote>\n<\/div>\n<\/div>\n<\/figure>\n<p>Alors que le cessez-le-feu est entr\u00e9 en vigueur vendredi, le Premier ministre isra\u00e9lien Benjamin Netanyahou a promis qu\u2019Isra\u00ebl pourra reprendre le g\u00e9nocide si le Hamas ne renonce pas \u00e0 ses armes.<\/p>\n<p>\u00ab<em>Le Hamas sera d\u00e9sarm\u00e9 et Gaza d\u00e9militaris\u00e9e\u2026 Si cela peut se faire sans heurts, tant mieux. Sinon, nous aurons recours \u00e0 d\u2019autres tactiques<\/em>\u00bb, a d\u00e9clar\u00e9 Netanyahou dans une allocution t\u00e9l\u00e9vis\u00e9e.<\/p>\n<p>Le Premier ministre fait face \u00e0 la pression des ministres supr\u00e9macistes juifs de son cabinet, qui exigent de poursuivre la guerre afin de proc\u00e9der \u00e0 un nettoyage ethnique de Gaza et de l\u2019annexer pour y \u00e9tablir des colonies juives.<\/p>\n<p>Lors de l\u2019interview de vendredi, Na\u00efm a remerci\u00e9 le pr\u00e9sident am\u00e9ricain Donald Trump, affirmant que le cessez-le-feu n\u2019aurait pas \u00e9t\u00e9 possible sans la pression qu\u2019il a exerc\u00e9e sur Netanyahou.<\/p>\n<p>\u00ab<em>Sans l\u2019intervention personnelle du pr\u00e9sident Trump, je doute que la guerre aurait pris fin<\/em>\u00bb, a d\u00e9clar\u00e9 Na\u00efm.<\/p>\n<p>\u00ab<em>C\u2019est pourquoi nous le remercions pour ses interventions personnelles et pour la pression qu\u2019il a exerc\u00e9e sur Isra\u00ebl afin de mettre fin \u00e0 ce massacre et \u00e0 ces tueries<\/em>\u00bb.<\/p>\n<p>Cependant, il a soulign\u00e9 que Trump doit continuer \u00e0 faire pression sur Isra\u00ebl pour s\u2019assurer que l\u2019accord de cessez-le-feu soit respect\u00e9 \u00e0 l\u2019avenir.<\/p>\n<p>Le Hamas devrait lib\u00e9rer d\u2019ici lundi les 46 otages isra\u00e9liens qu\u2019il d\u00e9tient \u00e0 Gaza, dont 20 sont encore en vie, selon le d\u00e9lai de 72 heures fix\u00e9 par Trump.<\/p>\n<p>\u00ab<em>Nous comptons sur le pr\u00e9sident Trump pour poursuivre son implication personnelle et maintenir une pression maximale sur le Premier ministre isra\u00e9lien Benjamin Netanyahou afin qu\u2019il remplisse ses obligations<\/em>\u00bb, a expliqu\u00e9 Naim.<\/p>\n<p>\u00ab<em>Nous avons d\u00e9j\u00e0 entendu Netanyahou menacer de repartir en guerre, et c\u2019est ce qui se produira si Trump ne s\u2019implique pas davantage pour faire pression sur Netanyahou<\/em>\u00bb.<\/p>\n<p>Naim a \u00e9galement averti que le mouvement rejette toute ing\u00e9rence de l\u2019ancien Premier ministre britannique Tony Blair dans l\u2019administration de Gaza apr\u00e8s la guerre.<\/p>\n<p>Il a rappel\u00e9 le r\u00f4le jou\u00e9 par Blair, lorsqu\u2019il a soutenu le pr\u00e9sident am\u00e9ricain George Bush et les membres pro-isra\u00e9liens de son administration dans l\u2019invasion de l\u2019Afghanistan et de l\u2019Irak en 2001 et 2003, causant la mort de centaines de milliers de musulmans.<\/p>\n<p>\u00ab<em>Nous n\u2019oublions pas son r\u00f4le dans la destruction de l\u2019Irak et de l\u2019Afghanistan<\/em>\u00bb, a expliqu\u00e9 Naim.<\/p>\n<p>Dans le cadre du plan de cessez-le-feu de Trump, Blair cherche \u00e0 diriger un organisme international de supervision charg\u00e9 d\u2019administrer Gaza au nom d\u2019Isra\u00ebl.<\/p>\n<figure class=\"wp-block-embed is-type-rich is-provider-twitter wp-block-embed-twitter\">\n<div class=\"wp-block-embed__wrapper\">\n<div class=\"embed-twitter\">\n<blockquote class=\"twitter-tweet\" data-width=\"550\" data-dnt=\"true\">\n<p lang=\"en\" dir=\"ltr\">Senior Hamas official Dr Basem Naim has exclusively told <a target=\"_blank\" href=\"https:\/\/twitter.com\/SkyYaldaHakim?ref_src=twsrc%5Etfw\">@SkyYaldaHakim<\/a> that Hamas would step aside to allow a Palestinian body to govern a post-war Gaza.<\/p>\n<p>But he warned that former UK Prime Minister Sir Tony Blair would not be welcome in any post-war role for Gaza. <a target=\"_blank\" href=\"https:\/\/t.co\/Di3n3OwZkh\">pic.twitter.com\/Di3n3OwZkh<\/a><\/p>\n<p>\u2014 Sky News (@SkyNews) <a target=\"_blank\" href=\"https:\/\/twitter.com\/SkyNews\/status\/1976689367990010211?ref_src=twsrc%5Etfw\">October 10, 2025<\/a><\/p><\/blockquote>\n<\/div>\n<\/div>\n<\/figure>\n<p>source : <a target=\"_blank\" href=\"https:\/\/thecradle.co\/articles\/hamas-will-only-disarm-if-fighters-integrated-into-palestinian-national-army-official\">The Cradle<\/a> via <a target=\"_blank\" href=\"https:\/\/ssofidelis.substack.com\/p\/le-hamas-ne-deposera-les-armes-que\">Spirit of Free Speech<\/a><\/p>\n<div class=\"sharedaddy sd-block sd-like jetpack-likes-widget-wrapper jetpack-likes-widget-unloaded\" id=\"like-post-wrapper-237719536-488181-68ed0d2eac6de\" data-src=\"https:\/\/widgets.wp.com\/likes\/?ver=15.0.2#blog_id=237719536&amp;post_id=488181&amp;origin=reseauinternational.net&amp;obj_id=237719536-488181-68ed0d2eac6de\" data-name=\"like-post-frame-237719536-488181-68ed0d2eac6de\" data-title=\"Aimer ou rebloguer\">\n<h3 class=\"sd-title\">J\u2019aime \u00e7a\u00a0:<\/h3>\n<p><span class=\"button\"><span>J\u2019aime<\/span><\/span> <span class=\"loading\">chargement\u2026<\/span><\/p>\n<p><span class=\"sd-text-color\"\/><a target=\"_blank\" class=\"sd-link-color\"\/><\/div>\n<p><meta itemscope=\"\" itemprop=\"mainEntityOfPage\" itemtype=\"https:\/\/schema.org\/WebPage\" itemid=\"https:\/\/reseauinternational.net\/le-hamas-ne-deposera-les-armes-que-sil-est-integre-a-larmee-nationale-palestinienne\/\"\/><meta itemprop=\"headline\" content=\"Le Hamas ne d\u00e9posera les armes que s\u2019il est int\u00e9gr\u00e9 \u00e0 l\u2019arm\u00e9e nationale palestinienne\"\/><span style=\"display: none;\" itemprop=\"author\" itemscope=\"\" itemtype=\"https:\/\/schema.org\/Person\"><meta itemprop=\"name\" content=\"R\u00e9seau International\"\/><\/span><span style=\"display: none;\" itemprop=\"image\" itemscope=\"\" itemtype=\"https:\/\/schema.org\/ImageObject\"><meta itemprop=\"url\" content=\"https:\/\/i0.wp.com\/reseauinternational.net\/wp-content\/uploads\/2025\/10\/IMAGE-2025-10-13-102433.jpg?fit=800%2C467&amp;quality=100&amp;ssl=1\"\/><meta itemprop=\"width\" content=\"800\"\/><meta itemprop=\"height\" content=\"467\"\/><\/span><span style=\"display: none;\" itemprop=\"publisher\" itemscope=\"\" itemtype=\"https:\/\/schema.org\/Organization\"><span style=\"display: none;\" itemprop=\"logo\" itemscope=\"\" itemtype=\"https:\/\/schema.org\/ImageObject\"><meta itemprop=\"url\" content=\"https:\/\/reseauinternational.net\/wp-content\/uploads\/2022\/06\/Capture-de\u0301cran-2022-06-14-a\u0300-16.51.07.png\"\/><\/span><meta itemprop=\"name\" content=\"R\u00e9seau International\"\/><\/span><meta itemprop=\"datePublished\" content=\"2025-10-13T09:59:39+00:00\"\/><meta itemprop=\"dateModified\" content=\"2025-10-13T10:00:33+00:00\"\/><\/div>\n<p><script async src=\"\/\/platform.twitter.com\/widgets.js\" charset=\"utf-8\"><\/script><br \/>\n<br \/><br \/>\n<br \/><a href=\"https:\/\/reseauinternational.net\/le-hamas-ne-deposera-les-armes-que-sil-est-integre-a-larmee-nationale-palestinienne\/\" target=\"_blank\"\">Source link <\/a><\/p>\n","protected":false},"excerpt":{"rendered":"<p>Campagne de dons Octobre 2025 Appel aux dons \u2013 Votre soutien nous est indispensable pour continuer \u00e0 vous fournir le meilleur de l\u2019information internationale alternative. C\u2019est gr\u00e2ce \u00e0 vos dons&hellip; <\/p>\n","protected":false},"author":1,"featured_media":17573,"comment_status":"open","ping_status":"open","sticky":false,"template":"","format":"standard","meta":{"footnotes":""},"categories":[1],"tags":[],"class_list":["post-17572","post","type-post","status-publish","format-standard","has-post-thumbnail","hentry","category-non-classe"],"_links":{"self":[{"href":"https:\/\/monde25.info\/index.php\/wp-json\/wp\/v2\/posts\/17572","targetHints":{"allow":["GET"]}}],"collection":[{"href":"https:\/\/monde25.info\/index.php\/wp-json\/wp\/v2\/posts"}],"about":[{"href":"https:\/\/monde25.info\/index.php\/wp-json\/wp\/v2\/types\/post"}],"author":[{"embeddable":true,"href":"https:\/\/monde25.info\/index.php\/wp-json\/wp\/v2\/users\/1"}],"replies":[{"embeddable":true,"href":"https:\/\/monde25.info\/index.php\/wp-json\/wp\/v2\/comments?post=17572"}],"version-history":[{"count":0,"href":"https:\/\/monde25.info\/index.php\/wp-json\/wp\/v2\/posts\/17572\/revisions"}],"wp:featuredmedia":[{"embeddable":true,"href":"https:\/\/monde25.info\/index.php\/wp-json\/wp\/v2\/media\/17573"}],"wp:attachment":[{"href":"https:\/\/monde25.info\/index.php\/wp-json\/wp\/v2\/media?parent=17572"}],"wp:term":[{"taxonomy":"category","embeddable":true,"href":"https:\/\/monde25.info\/index.php\/wp-json\/wp\/v2\/categories?post=17572"},{"taxonomy":"post_tag","embeddable":true,"href":"https:\/\/monde25.info\/index.php\/wp-json\/wp\/v2\/tags?post=17572"}],"curies":[{"name":"wp","href":"https:\/\/api.w.org\/{rel}","templated":true}]}}