{"id":17576,"date":"2025-10-13T18:42:39","date_gmt":"2025-10-13T16:42:39","guid":{"rendered":"https:\/\/monde25.info\/index.php\/2025\/10\/13\/retour-des-peines-de-mort-sous-trump-rt-en-francais\/"},"modified":"2025-10-13T18:42:39","modified_gmt":"2025-10-13T16:42:39","slug":"retour-des-peines-de-mort-sous-trump-rt-en-francais","status":"publish","type":"post","link":"https:\/\/monde25.info\/index.php\/2025\/10\/13\/retour-des-peines-de-mort-sous-trump-rt-en-francais\/","title":{"rendered":"retour des peines de mort sous Trump \u2014 RT en fran\u00e7ais"},"content":{"rendered":"<p> <br \/>\n<br \/><img decoding=\"async\" src=\"https:\/\/mf.b37mrtl.ru\/french\/images\/2025.10\/thumbnail\/68ed043b6f7ccc28d13e3a8f.jpg\" \/><\/p>\n<div>\n<p class=\"text__summary\">\n                                        Les commutations de peine d\u00e9cid\u00e9es par Joe Biden pour des condamn\u00e9s \u00e0 mort n\u2019ont pas \u00e9t\u00e9 maintenues sous l\u2019administration Trump. Leur r\u00e9vocation a conduit au transfert des prisonniers vers une prison f\u00e9d\u00e9rale de s\u00e9curit\u00e9 maximale, marquant une orientation plus stricte du syst\u00e8me p\u00e9nal f\u00e9d\u00e9ral.\n                                    <\/p>\n<p>Quelques heures apr\u00e8s son entr\u00e9e en fonction, Donald Trump a annul\u00e9 les mesures de cl\u00e9mence accord\u00e9es par son pr\u00e9d\u00e9cesseur, Joe Biden, \u00e0 37 d\u00e9tenus condamn\u00e9s pour crimes graves,\u00a0<a target=\"_blank\" href=\"https:\/\/www.wsj.com\/us-news\/law\/death-penalty-trump-convicts-biden-ddfbfd60\" target=\"_blank\" rel=\"noopener noreferrer\">rapporte<\/a>\u00a0<em>The Wall Street Journal<\/em>. En quittant la Maison Blanche, l\u2019ex-pr\u00e9sident avait commu\u00e9 leurs peines de mort en r\u00e9clusion \u00e0 perp\u00e9tuit\u00e9 sans possibilit\u00e9 de lib\u00e9ration conditionnelle, souhaitant \u00e9loigner les \u00c9tats-Unis de la peine capitale.<\/p>\n<p>Sous la supervision du procureur adjoint par int\u00e9rim de l\u2019\u00e9poque, Emil Bove III, les autorit\u00e9s ont renonc\u00e9 aux plans de transfert de la majorit\u00e9 des d\u00e9tenus vers des prisons ordinaires. Tous, \u00e0 l\u2019exception de quelques-uns n\u00e9cessitant un traitement m\u00e9dical sp\u00e9cialis\u00e9, ont \u00e9t\u00e9 envoy\u00e9s \u00e0 la prison f\u00e9d\u00e9rale de Florence, dans le Colorado. Consid\u00e9r\u00e9 comme le plus strict du syst\u00e8me p\u00e9nitentiaire f\u00e9d\u00e9ral, l\u2019\u00e9tablissement impose un r\u00e9gime d\u2019isolement s\u00e9v\u00e8re : les prisonniers y passent vingt-trois heures par jour seuls dans leurs cellules, avec un contact humain limit\u00e9 et des sorties surveill\u00e9es.<\/p>\n<p>Le journal am\u00e9ricain note que, lors d\u2019une r\u00e9union avec la procureure g\u00e9n\u00e9rale Pam Bondi, certains responsables ont propos\u00e9 de renforcer encore les conditions de d\u00e9tention. Aaron Reitz, alors assistant du procureur g\u00e9n\u00e9ral, a d\u00e9clar\u00e9 que les cellules \u00ab laissaient passer la lumi\u00e8re du jour \u00bb et que \u00ab la nourriture y \u00e9tait trop bonne pour ces criminels \u00bb.<\/p>\n<p><a target=\"_blank\" href=\"https:\/\/francais.rt.com\/international\/126229-casse-cul-comment-biden-a-humilie-zelensky-stoltenberg\">Biden<\/a>, oppos\u00e9 \u00e0 la peine de mort au niveau f\u00e9d\u00e9ral, avait instaur\u00e9 un moratoire apr\u00e8s son entr\u00e9e en fonction, tout en maintenant la possibilit\u00e9 de condamnations capitales pour les actes de terrorisme et les meurtres de masse motiv\u00e9s par la haine. Trump a d\u00e9clar\u00e9 soutenir la peine de mort et a indiqu\u00e9 vouloir charger le minist\u00e8re de la Justice de reprendre les ex\u00e9cutions.<\/p>\n<p>Selon <em>The Wall Street Journal<\/em>, Joe Biden cherchait \u00e0 entrer dans l\u2019histoire comme le pr\u00e9sident am\u00e9ricain ayant accord\u00e9 le plus grand nombre de gr\u00e2ces et de commutations de peine. Lors de son dernier jour \u00e0 la Maison Blanche, il a all\u00e9g\u00e9 ou commu\u00e9 les peines de pr\u00e8s de 2 500 d\u00e9tenus purgeant de longues peines d\u2019emprisonnement. D\u2019apr\u00e8s le journal, cette d\u00e9cision a suscit\u00e9 le m\u00e9contentement au sein du d\u00e9partement de la Justice : plusieurs responsables ont estim\u00e9 que les actions de Biden avaient conduit \u00e0 un processus d\u00e9sordonn\u00e9 \u00e0 la Maison Blanche et qu\u2019il avait fait preuve de cl\u00e9mence envers des criminels dont beaucoup avaient un pass\u00e9 violent et ne m\u00e9ritaient pas la gr\u00e2ce.<\/p>\n<\/div>\n<p><br \/>\n<br \/><a href=\"https:\/\/francais.rt.com\/international\/126296-etats-unis-retour-peines-mort-trump\" target=\"_blank\"\">Source link <\/a><\/p>\n","protected":false},"excerpt":{"rendered":"<p>Les commutations de peine d\u00e9cid\u00e9es par Joe Biden pour des condamn\u00e9s \u00e0 mort n\u2019ont pas \u00e9t\u00e9 maintenues sous l\u2019administration Trump. Leur r\u00e9vocation a conduit au transfert des prisonniers vers une&hellip; <\/p>\n","protected":false},"author":1,"featured_media":17577,"comment_status":"open","ping_status":"open","sticky":false,"template":"","format":"standard","meta":{"footnotes":""},"categories":[1],"tags":[],"class_list":["post-17576","post","type-post","status-publish","format-standard","has-post-thumbnail","hentry","category-non-classe"],"_links":{"self":[{"href":"https:\/\/monde25.info\/index.php\/wp-json\/wp\/v2\/posts\/17576","targetHints":{"allow":["GET"]}}],"collection":[{"href":"https:\/\/monde25.info\/index.php\/wp-json\/wp\/v2\/posts"}],"about":[{"href":"https:\/\/monde25.info\/index.php\/wp-json\/wp\/v2\/types\/post"}],"author":[{"embeddable":true,"href":"https:\/\/monde25.info\/index.php\/wp-json\/wp\/v2\/users\/1"}],"replies":[{"embeddable":true,"href":"https:\/\/monde25.info\/index.php\/wp-json\/wp\/v2\/comments?post=17576"}],"version-history":[{"count":0,"href":"https:\/\/monde25.info\/index.php\/wp-json\/wp\/v2\/posts\/17576\/revisions"}],"wp:featuredmedia":[{"embeddable":true,"href":"https:\/\/monde25.info\/index.php\/wp-json\/wp\/v2\/media\/17577"}],"wp:attachment":[{"href":"https:\/\/monde25.info\/index.php\/wp-json\/wp\/v2\/media?parent=17576"}],"wp:term":[{"taxonomy":"category","embeddable":true,"href":"https:\/\/monde25.info\/index.php\/wp-json\/wp\/v2\/categories?post=17576"},{"taxonomy":"post_tag","embeddable":true,"href":"https:\/\/monde25.info\/index.php\/wp-json\/wp\/v2\/tags?post=17576"}],"curies":[{"name":"wp","href":"https:\/\/api.w.org\/{rel}","templated":true}]}}