{"id":17592,"date":"2025-10-14T02:25:29","date_gmt":"2025-10-14T00:25:29","guid":{"rendered":"https:\/\/monde25.info\/index.php\/2025\/10\/14\/le-president-turc-erdogan-participera-au-sommet-de-la-paix-de-charm-el-cheikh-sur-le-cessez-le-feu-a-gaza\/"},"modified":"2025-10-14T02:25:29","modified_gmt":"2025-10-14T00:25:29","slug":"le-president-turc-erdogan-participera-au-sommet-de-la-paix-de-charm-el-cheikh-sur-le-cessez-le-feu-a-gaza","status":"publish","type":"post","link":"https:\/\/monde25.info\/index.php\/2025\/10\/14\/le-president-turc-erdogan-participera-au-sommet-de-la-paix-de-charm-el-cheikh-sur-le-cessez-le-feu-a-gaza\/","title":{"rendered":"Le pr\u00e9sident turc Erdogan participera au Sommet de la paix de Charm el-Cheikh sur le cessez-le-feu \u00e0 Gaza"},"content":{"rendered":"<p> <br \/>\n<\/p>\n<div>\n<ol class=\"campaign-loop campaign-list\">\n<li id=\"campaign-482494\" class=\"post-482494 campaign type-campaign status-publish hentry campaign-has-goal campaign-has-not-achieved-goal campaign-has-end-date campaign-has-not-ended\">\n\t<a target=\"_blank\" href=\"https:\/\/reseauinternational.net\/campaigns\/campagne-de-dons-septembre-octobre-2025\/\"><\/p>\n<h3>Campagne de dons Octobre 2025<\/h3>\n<p>\t\t\t<\/a><\/p>\n<p>\n\tAppel aux dons \u2013 Votre soutien nous est indispensable pour continuer \u00e0 vous fournir le meilleur de l\u2019information internationale alternative. C\u2019est gr\u00e2ce \u00e0 vos dons que nous pourrons maintenir le cap pour une information plurielle et r\u00e9ellement alternative. Nous comptons sur vous.<\/p>\n<p>\n<span class=\"amount\">6 855,87\u00a0\u20ac<\/span> de l\u2019objectif de <span class=\"goal-amount\">25 000,00\u00a0\u20ac<\/span> atteint<\/p>\n<\/li>\n<\/ol>\n<p>par <strong>Fatma Zehra Solmaz<\/strong><\/p>\n<p><strong>Recep Tayyip Erdogan se rendra en \u00c9gypte pour prendre part au sommet co-pr\u00e9sid\u00e9 par les pr\u00e9sidents Sissi et Trump, en pr\u00e9sence de plus de 20 dirigeants internationaux.<\/strong><\/p>\n<p>Le pr\u00e9sident turc Recep Tayyip Erdogan se rendra lundi en \u00c9gypte pour assister au Sommet de la paix de Charm el-Cheikh, \u00e0 l\u2019invitation du pr\u00e9sident \u00e9gyptien Abdel Fattah al-Sissi et du pr\u00e9sident am\u00e9ricain Donald Trump, a annonc\u00e9 le chef de la communication de la pr\u00e9sidence turque, Burhanettin Duran.<\/p>\n<p>Dans un message publi\u00e9 dimanche sur le r\u00e9seau social am\u00e9ricain X, Duran a indiqu\u00e9 : \u00ab<em>Notre pr\u00e9sident doit prononcer un discours lors du sommet et tenir des consultations avec les dirigeants des pays participants<\/em>\u00bb.<\/p>\n<p>Plus de 20 dirigeants internationaux sont attendus \u00e0 ce sommet, qui sera co-pr\u00e9sid\u00e9 par Sissi et Trump. Parmi les participants figureront notamment le pr\u00e9sident fran\u00e7ais Emmanuel Macron, le roi Abdallah II de Jordanie, le roi de Bahre\u00efn Hamad ben Issa Al Khalifa, le Premier ministre britannique Keir Starmer, le chef du gouvernement espagnol Pedro Sanchez, la Premi\u00e8re ministre italienne Giorgia Meloni, le Premier ministre pakistanais Shehbaz Sharif, le chancelier allemand Friedrich Merz et le pr\u00e9sident iranien Ebrahim Ra\u00efssi.<\/p>\n<p>L\u2019\u00c9gypte a indiqu\u00e9 que le sommet vise \u00ab<em>\u00e0 mettre fin \u00e0 la guerre dans la bande de Gaza, \u00e0 renforcer les efforts de paix et de stabilit\u00e9 au Moyen-Orient, et \u00e0 ouvrir une nouvelle phase de s\u00e9curit\u00e9 et de stabilit\u00e9 r\u00e9gionales<\/em>\u00bb.<\/p>\n<p>Mercredi, Donald Trump avait annonc\u00e9 qu\u2019Isra\u00ebl et le Hamas \u00e9taient parvenus \u00e0 un accord sur la premi\u00e8re phase de son plan en 20 points, visant \u00e0 instaurer un cessez-le-feu \u00e0 Gaza. Le plan pr\u00e9voit la lib\u00e9ration de tous les captifs isra\u00e9liens en \u00e9change d\u2019environ 2000 prisonniers palestiniens, ainsi qu\u2019un retrait progressif des forces isra\u00e9liennes de l\u2019ensemble de la bande de Gaza. En effet, cette premi\u00e8re phase est entr\u00e9e en vigueur vendredi.<\/p>\n<p>La deuxi\u00e8me phase du plan pr\u00e9voit la cr\u00e9ation d\u2019un nouveau m\u00e9canisme de gouvernance \u00e0 Gaza, sans la participation du Hamas, le d\u00e9ploiement d\u2019une force multinationale et le d\u00e9sarmement du mouvement.<\/p>\n<p>Depuis octobre 2023, les attaques isra\u00e9liennes ont fait plus de 67 682 morts palestiniens dans la bande de Gaza, pour la plupart des femmes et des enfants, rendant l\u2019enclave en grande partie inhabitable.<\/p>\n<p>source : <a target=\"_blank\" href=\"https:\/\/www.aa.com.tr\/fr\/monde\/le-pr%C3%A9sident-turc-erdogan-participera-au-sommet-de-la-paix-de-charm-el-cheikh-sur-le-cessez-le-feu-%C3%A0-gaza\/3715286\">Agence Anadolu<\/a><\/p>\n<div class=\"sharedaddy sd-block sd-like jetpack-likes-widget-wrapper jetpack-likes-widget-unloaded\" id=\"like-post-wrapper-237719536-488179-68ed800da64fa\" data-src=\"https:\/\/widgets.wp.com\/likes\/?ver=15.0.2#blog_id=237719536&amp;post_id=488179&amp;origin=reseauinternational.net&amp;obj_id=237719536-488179-68ed800da64fa\" data-name=\"like-post-frame-237719536-488179-68ed800da64fa\" data-title=\"Aimer ou rebloguer\">\n<h3 class=\"sd-title\">J\u2019aime \u00e7a\u00a0:<\/h3>\n<p><span class=\"button\"><span>J\u2019aime<\/span><\/span> <span class=\"loading\">chargement\u2026<\/span><\/p>\n<p><span class=\"sd-text-color\"\/><a target=\"_blank\" class=\"sd-link-color\"\/><\/div>\n<p><meta itemscope=\"\" itemprop=\"mainEntityOfPage\" itemtype=\"https:\/\/schema.org\/WebPage\" itemid=\"https:\/\/reseauinternational.net\/le-president-turc-erdogan-participera-au-sommet-de-la-paix-de-charm-el-cheikh-sur-le-cessez-le-feu-a-gaza\/\"\/><meta itemprop=\"headline\" content=\"Le pr\u00e9sident turc Erdogan participera au Sommet de la paix de Charm el-Cheikh sur le cessez-le-feu \u00e0 Gaza\"\/><span style=\"display: none;\" itemprop=\"author\" itemscope=\"\" itemtype=\"https:\/\/schema.org\/Person\"><meta itemprop=\"name\" content=\"R\u00e9seau International\"\/><\/span><span style=\"display: none;\" itemprop=\"image\" itemscope=\"\" itemtype=\"https:\/\/schema.org\/ImageObject\"><meta itemprop=\"url\" content=\"https:\/\/i0.wp.com\/reseauinternational.net\/wp-content\/uploads\/2025\/10\/IMAGE-2025-10-13-102445.jpg?fit=800%2C467&amp;quality=100&amp;ssl=1\"\/><meta itemprop=\"width\" content=\"800\"\/><meta itemprop=\"height\" content=\"467\"\/><\/span><span style=\"display: none;\" itemprop=\"publisher\" itemscope=\"\" itemtype=\"https:\/\/schema.org\/Organization\"><span style=\"display: none;\" itemprop=\"logo\" itemscope=\"\" itemtype=\"https:\/\/schema.org\/ImageObject\"><meta itemprop=\"url\" content=\"https:\/\/reseauinternational.net\/wp-content\/uploads\/2022\/06\/Capture-de\u0301cran-2022-06-14-a\u0300-16.51.07.png\"\/><\/span><meta itemprop=\"name\" content=\"R\u00e9seau International\"\/><\/span><meta itemprop=\"datePublished\" content=\"2025-10-13T09:59:24+00:00\"\/><meta itemprop=\"dateModified\" content=\"2025-10-13T10:00:15+00:00\"\/><\/div>\n<p><br \/>\n<br \/><a href=\"https:\/\/reseauinternational.net\/le-president-turc-erdogan-participera-au-sommet-de-la-paix-de-charm-el-cheikh-sur-le-cessez-le-feu-a-gaza\/\" target=\"_blank\"\">Source link <\/a><\/p>\n","protected":false},"excerpt":{"rendered":"<p>Campagne de dons Octobre 2025 Appel aux dons \u2013 Votre soutien nous est indispensable pour continuer \u00e0 vous fournir le meilleur de l\u2019information internationale alternative. C\u2019est gr\u00e2ce \u00e0 vos dons&hellip; <\/p>\n","protected":false},"author":1,"featured_media":17593,"comment_status":"open","ping_status":"open","sticky":false,"template":"","format":"standard","meta":{"footnotes":""},"categories":[1],"tags":[],"class_list":["post-17592","post","type-post","status-publish","format-standard","has-post-thumbnail","hentry","category-non-classe"],"_links":{"self":[{"href":"https:\/\/monde25.info\/index.php\/wp-json\/wp\/v2\/posts\/17592","targetHints":{"allow":["GET"]}}],"collection":[{"href":"https:\/\/monde25.info\/index.php\/wp-json\/wp\/v2\/posts"}],"about":[{"href":"https:\/\/monde25.info\/index.php\/wp-json\/wp\/v2\/types\/post"}],"author":[{"embeddable":true,"href":"https:\/\/monde25.info\/index.php\/wp-json\/wp\/v2\/users\/1"}],"replies":[{"embeddable":true,"href":"https:\/\/monde25.info\/index.php\/wp-json\/wp\/v2\/comments?post=17592"}],"version-history":[{"count":0,"href":"https:\/\/monde25.info\/index.php\/wp-json\/wp\/v2\/posts\/17592\/revisions"}],"wp:featuredmedia":[{"embeddable":true,"href":"https:\/\/monde25.info\/index.php\/wp-json\/wp\/v2\/media\/17593"}],"wp:attachment":[{"href":"https:\/\/monde25.info\/index.php\/wp-json\/wp\/v2\/media?parent=17592"}],"wp:term":[{"taxonomy":"category","embeddable":true,"href":"https:\/\/monde25.info\/index.php\/wp-json\/wp\/v2\/categories?post=17592"},{"taxonomy":"post_tag","embeddable":true,"href":"https:\/\/monde25.info\/index.php\/wp-json\/wp\/v2\/tags?post=17592"}],"curies":[{"name":"wp","href":"https:\/\/api.w.org\/{rel}","templated":true}]}}