{"id":17594,"date":"2025-10-14T02:58:11","date_gmt":"2025-10-14T00:58:11","guid":{"rendered":"https:\/\/monde25.info\/index.php\/2025\/10\/14\/portugal-la-droite-au-pouvoir-remporte-les-elections-municipales\/"},"modified":"2025-10-14T02:58:11","modified_gmt":"2025-10-14T00:58:11","slug":"portugal-la-droite-au-pouvoir-remporte-les-elections-municipales","status":"publish","type":"post","link":"https:\/\/monde25.info\/index.php\/2025\/10\/14\/portugal-la-droite-au-pouvoir-remporte-les-elections-municipales\/","title":{"rendered":"Portugal, la droite au pouvoir remporte les \u00e9lections municipales"},"content":{"rendered":"<p> <br \/>\n<\/p>\n<div>\n<p><span class=\"cf0\">Le parti du Premier ministre portugais de droite, Luis Montenegro, a gagn\u00e9 les \u00e9lections municipales de dimanche en remportant notamment les villes de Lisbonne et Porto (nord), tandis que droite dure a d\u00e9croch\u00e9 les trois premi\u00e8res mairies de son histoire, selon les r\u00e9sultats publi\u00e9s lundi.<\/span><\/p>\n<p><span class=\"cf0\">Seul ou en coalition, le Parti social-d\u00e9mocrate (PSD, centre droit) de M. Montenegro a fait \u00e9lire 136 maires sur un total de 308, contre 126 pour le Parti socialiste (PS), vainqueur des pr\u00e9c\u00e9dentes \u00e9lections locales en 2021.<\/span><\/p>\n<p><span class=\"cf0\">Le PSD a sign\u00e9 \u00ab\u00a0une victoire sur toute la ligne\u00a0\u00bb et redevient \u00ab\u00a0le plus grand parti au niveau local\u00a0\u00bb, s&rsquo;est f\u00e9licit\u00e9 le chef du gouvernement, reconduit en mai \u00e0 la t\u00eate d&rsquo;un ex\u00e9cutif minoritaire.<\/span><\/p>\n<p><span class=\"cf0\">\u00c0 Lisbonne, la coalition men\u00e9e par le maire sortant Carlos Moedas a obtenu 41,7\u2009% des voix contre 34\u2009% pour la liste unissant toute la gauche \u00e0 l&rsquo;exception du Parti communiste.<\/span><\/p>\n<p><span class=\"cf0\">\u00c0 Porto, la grande ville du nord du pays, le maire sortant, un ind\u00e9pendant soutenu par la droite, ne s&rsquo;est pas repr\u00e9sent\u00e9. Le candidat du camp gouvernemental, Pedro Duarte, s&rsquo;est impos\u00e9 de justesse avec 37,3\u2009% des voix contre 35,5\u2009% pour son rival socialiste.<\/span><\/p>\n<p><span class=\"cf0\">Le parti d&rsquo;extr\u00eame droite Chega (\u00ab\u00a0Assez\u00a0\u00bb) fond\u00e9 en 2019 a remport\u00e9 ses toutes premi\u00e8res mairies, mais son r\u00e9sultat est rest\u00e9 en de\u00e7\u00e0 de ses attentes apr\u00e8s avoir d\u00e9pass\u00e9 le PS aux l\u00e9gislatives de mai pour devenir la principale force d&rsquo;opposition au Parlement, avec un score de 18\u2009%.<\/span><\/p>\n<p><span class=\"cf0\">Dimanche, Chega a recueilli 11,9\u2009% des voix \u00e0 travers le pays, contre 4,2\u2009% en 2021, mais n&rsquo;est arriv\u00e9 en t\u00eate que dans trois communes\u00a0: la station baln\u00e9aire d&rsquo;Albufeira, dans la r\u00e9gion de l&rsquo;Algarve (sud), la bourgade d&rsquo;Entroncamento dans le district de Santar\u00e9m (centre) et la petite commune rurale de Sao Vicente, sur l&rsquo;\u00eele de Mad\u00e8re.<\/span><\/p>\n<p><span class=\"cf0\">Aux l\u00e9gislatives de mai, le parti \u00e9tait arriv\u00e9 en t\u00eate dans une soixantaine de communes et avait dit esp\u00e9rer s&rsquo;imposer de nouveau dans environ la moiti\u00e9 d&rsquo;entre elles.<\/span><\/p>\n<p><span class=\"cf0\">\u00ab\u00a0J&rsquo;ai toujours dit qu&rsquo;il n&rsquo;y a pas de partis de pouvoir qui ne soient pas implant\u00e9s localement. Aujourd&rsquo;hui nous avons franchi ce premier pas, mais nous sommes encore loin des objectifs que nous nous \u00e9tions fix\u00e9s\u00a0\u00bb, a reconnu le pr\u00e9sident de Chega, Andr\u00e9 Ventura.<\/span><\/p>\n<\/div>\n<p><script>(function(d, s, id) {  var js, fjs = d.getElementsByTagName(s)[0];  if (d.getElementById(id)) return;  js = d.createElement(s); js.id = id;  js.src = \"\/\/connect.facebook.net\/fr_FR\/sdk.js#xfbml=1&version=v2.3\";  fjs.parentNode.insertBefore(js, fjs);}(document, \"script\", \"facebook-jssdk\"));<\/script><br \/>\n<br \/><br \/>\n<br \/><a href=\"https:\/\/www.francesoir.fr\/politique-monde\/portugal-la-droite-au-pouvoir-remporte-les-elections-municipales\" target=\"_blank\"\">Source link <\/a><\/p>\n","protected":false},"excerpt":{"rendered":"<p>Le parti du Premier ministre portugais de droite, Luis Montenegro, a gagn\u00e9 les \u00e9lections municipales de dimanche en remportant notamment les villes de Lisbonne et Porto (nord), tandis que droite&hellip; <\/p>\n","protected":false},"author":1,"featured_media":17595,"comment_status":"open","ping_status":"open","sticky":false,"template":"","format":"standard","meta":{"footnotes":""},"categories":[1],"tags":[],"class_list":["post-17594","post","type-post","status-publish","format-standard","has-post-thumbnail","hentry","category-non-classe"],"_links":{"self":[{"href":"https:\/\/monde25.info\/index.php\/wp-json\/wp\/v2\/posts\/17594","targetHints":{"allow":["GET"]}}],"collection":[{"href":"https:\/\/monde25.info\/index.php\/wp-json\/wp\/v2\/posts"}],"about":[{"href":"https:\/\/monde25.info\/index.php\/wp-json\/wp\/v2\/types\/post"}],"author":[{"embeddable":true,"href":"https:\/\/monde25.info\/index.php\/wp-json\/wp\/v2\/users\/1"}],"replies":[{"embeddable":true,"href":"https:\/\/monde25.info\/index.php\/wp-json\/wp\/v2\/comments?post=17594"}],"version-history":[{"count":0,"href":"https:\/\/monde25.info\/index.php\/wp-json\/wp\/v2\/posts\/17594\/revisions"}],"wp:featuredmedia":[{"embeddable":true,"href":"https:\/\/monde25.info\/index.php\/wp-json\/wp\/v2\/media\/17595"}],"wp:attachment":[{"href":"https:\/\/monde25.info\/index.php\/wp-json\/wp\/v2\/media?parent=17594"}],"wp:term":[{"taxonomy":"category","embeddable":true,"href":"https:\/\/monde25.info\/index.php\/wp-json\/wp\/v2\/categories?post=17594"},{"taxonomy":"post_tag","embeddable":true,"href":"https:\/\/monde25.info\/index.php\/wp-json\/wp\/v2\/tags?post=17594"}],"curies":[{"name":"wp","href":"https:\/\/api.w.org\/{rel}","templated":true}]}}