{"id":17596,"date":"2025-10-14T03:30:55","date_gmt":"2025-10-14T01:30:55","guid":{"rendered":"https:\/\/monde25.info\/index.php\/2025\/10\/14\/nicolas-sarkozy-sera-incarcere-le-21-octobre-a-la-prison-de-la-sante-rt-en-francais\/"},"modified":"2025-10-14T03:30:55","modified_gmt":"2025-10-14T01:30:55","slug":"nicolas-sarkozy-sera-incarcere-le-21-octobre-a-la-prison-de-la-sante-rt-en-francais","status":"publish","type":"post","link":"https:\/\/monde25.info\/index.php\/2025\/10\/14\/nicolas-sarkozy-sera-incarcere-le-21-octobre-a-la-prison-de-la-sante-rt-en-francais\/","title":{"rendered":"Nicolas Sarkozy sera incarc\u00e9r\u00e9 le 21 octobre \u00e0 la prison de la Sant\u00e9 \u2014 RT en fran\u00e7ais"},"content":{"rendered":"<p> <br \/>\n<br \/><img decoding=\"async\" src=\"https:\/\/mf.b37mrtl.ru\/french\/images\/2025.10\/thumbnail\/68ed39566f7ccc5b9644ba52.jpg\" \/><\/p>\n<div>\n<p class=\"text__summary\">\n                                        Condamn\u00e9 \u00e0 cinq ans de prison ferme dans l\u2019affaire du financement libyen, Nicolas Sarkozy sera incarc\u00e9r\u00e9 le 21 octobre 2025 \u00e0 la prison de la Sant\u00e9, \u00e0 Paris. L\u2019ancien pr\u00e9sident fran\u00e7ais, bien qu\u2019ayant fait appel, doit purger sa peine en raison de son mandat de d\u00e9p\u00f4t avec ex\u00e9cution provisoire.\n                                    <\/p>\n<p>L\u2019ancien pr\u00e9sident fran\u00e7ais Nicolas Sarkozy sera incarc\u00e9r\u00e9 le 21 octobre 2025 \u00e0 la prison de la Sant\u00e9 \u00e0 Paris, ont confirm\u00e9 ce 13 octobre plusieurs sources proches du dossier. <a target=\"_blank\" href=\"https:\/\/francais.rt.com\/france\/125651-nicolas-sarkozy-verdict-saga-judiciaire\">Cette mesure intervient \u00e0 la suite de sa condamnation, le 25 septembre dernier, \u00e0 cinq ans de prison ferme pour association de malfaiteurs<\/a> dans le cadre du proc\u00e8s sur le financement libyen de sa campagne pr\u00e9sidentielle de 2007.<\/p>\n<p>Bien que Nicolas Sarkozy ait interjet\u00e9 appel, la peine n\u2019est pas suspendue, car elle est assortie d\u2019une ex\u00e9cution provisoire. Le tribunal correctionnel de Paris avait justifi\u00e9 cette s\u00e9v\u00e9rit\u00e9 par l\u2019\u00ab\u202fexceptionnelle gravit\u00e9 des faits\u202f\u00bb, commis par un responsable politique aspirant \u00e0 la plus haute fonction de l\u2019\u00c9tat. Le mandat de d\u00e9p\u00f4t \u00e0 effet diff\u00e9r\u00e9 permettait n\u00e9anmoins \u00e0 l\u2019ex-pr\u00e9sident de prendre un court d\u00e9lai avant d\u2019\u00eatre incarc\u00e9r\u00e9, contrairement \u00e0 d\u2019autres condamn\u00e9s de ce m\u00eame proc\u00e8s comme Alexandre Djouhri ou Wahib Nacer, \u00e9crou\u00e9s imm\u00e9diatement.<\/p>\n<h2><strong>Des conditions de d\u00e9tention particuli\u00e8res, mais sans privil\u00e8ges<\/strong><\/h2>\n<p>La prison de la Sant\u00e9, situ\u00e9e dans le 14e arrondissement de Paris, accueillera Nicolas Sarkozy dans le quartier r\u00e9serv\u00e9 aux personnes vuln\u00e9rables. Selon les pr\u00e9cisions de Hugo Vitry, repr\u00e9sentant syndical FO Justice, cette zone est destin\u00e9e aux d\u00e9tenus m\u00e9diatiques ou expos\u00e9s, pour \u00e9viter tout risque de violence, d\u2019intimidation ou de racket. La cellule pr\u00e9vue mesure 9\u202fm\u00b2 et comprend une douche, une t\u00e9l\u00e9vision et un petit r\u00e9frig\u00e9rateur.<\/p>\n<p>Malgr\u00e9 ce dispositif particulier, les autorit\u00e9s p\u00e9nitentiaires affirment qu\u2019il n\u2019y aura aucun traitement de faveur. \u00ab\u202fLes cellules n\u2019ont rien de plus que les autres\u202f\u00bb, a indiqu\u00e9 Hugo Vitry. L\u2019ancien pr\u00e9sident pourra recevoir des visites, b\u00e9n\u00e9ficier d\u2019une promenade quotidienne, mais ses d\u00e9placements au sein de l\u2019\u00e9tablissement seront encadr\u00e9s en permanence.<\/p>\n<p>D\u00e8s son incarc\u00e9ration, ses avocats pourront d\u00e9poser une demande de mise en libert\u00e9. La chambre des appels correctionnels disposera d\u2019un d\u00e9lai de deux mois pour se prononcer. Si cette demande est rejet\u00e9e, Nicolas Sarkozy pourra en formuler de nouvelles ult\u00e9rieurement.<\/p>\n<h2><strong>Un signal politique lourd de sens<\/strong><\/h2>\n<p>L\u2019incarc\u00e9ration de Nicolas Sarkozy est historique. Il devient ainsi le premier ancien chef d\u2019\u00c9tat d\u2019un pays de l\u2019Union europ\u00e9enne \u00e0 \u00eatre r\u00e9ellement emprisonn\u00e9. Une situation embarrassante pour les \u00e9lites politiques fran\u00e7aises. Ce placement sous \u00e9crou marque \u00e9galement un tournant dans la mani\u00e8re dont la justice fran\u00e7aise traite les responsables politiques de haut niveau.<\/p>\n<p><a target=\"_blank\" href=\"https:\/\/francais.rt.com\/france\/125748-je-me-battrai-jusqua-mon-dernier-souffle-nicolas-sarkozy-reagit-a-sa-condamnation-interview-le-jdd\">Alors que certains d\u00e9noncent un traitement injuste, comme le sugg\u00e8re Nicolas Sarkozy lui-m\u00eame<\/a>, la majorit\u00e9 des m\u00e9dias \u00e9voquent un signal fort envoy\u00e9 par la justice.<\/p>\n<p>Le Parquet national financier a rappel\u00e9 qu\u2019il ne confirmait ni n\u2019infirmait l\u2019information, mais toutes les sources concordent d\u00e9sormais\u202f: le 21 octobre \u00e0 10\u202fh, Nicolas Sarkozy passera la porte de la prison de la Sant\u00e9.<\/p>\n<\/div>\n<p><br \/>\n<br \/><a href=\"https:\/\/francais.rt.com\/france\/126301-nicolas-sarkozy-sera-incarcere-21-octobre-prison-sante-paris\" target=\"_blank\"\">Source link <\/a><\/p>\n","protected":false},"excerpt":{"rendered":"<p>Condamn\u00e9 \u00e0 cinq ans de prison ferme dans l\u2019affaire du financement libyen, Nicolas Sarkozy sera incarc\u00e9r\u00e9 le 21 octobre 2025 \u00e0 la prison de la Sant\u00e9, \u00e0 Paris. L\u2019ancien pr\u00e9sident&hellip; <\/p>\n","protected":false},"author":1,"featured_media":17597,"comment_status":"open","ping_status":"open","sticky":false,"template":"","format":"standard","meta":{"footnotes":""},"categories":[1],"tags":[],"class_list":["post-17596","post","type-post","status-publish","format-standard","has-post-thumbnail","hentry","category-non-classe"],"_links":{"self":[{"href":"https:\/\/monde25.info\/index.php\/wp-json\/wp\/v2\/posts\/17596","targetHints":{"allow":["GET"]}}],"collection":[{"href":"https:\/\/monde25.info\/index.php\/wp-json\/wp\/v2\/posts"}],"about":[{"href":"https:\/\/monde25.info\/index.php\/wp-json\/wp\/v2\/types\/post"}],"author":[{"embeddable":true,"href":"https:\/\/monde25.info\/index.php\/wp-json\/wp\/v2\/users\/1"}],"replies":[{"embeddable":true,"href":"https:\/\/monde25.info\/index.php\/wp-json\/wp\/v2\/comments?post=17596"}],"version-history":[{"count":0,"href":"https:\/\/monde25.info\/index.php\/wp-json\/wp\/v2\/posts\/17596\/revisions"}],"wp:featuredmedia":[{"embeddable":true,"href":"https:\/\/monde25.info\/index.php\/wp-json\/wp\/v2\/media\/17597"}],"wp:attachment":[{"href":"https:\/\/monde25.info\/index.php\/wp-json\/wp\/v2\/media?parent=17596"}],"wp:term":[{"taxonomy":"category","embeddable":true,"href":"https:\/\/monde25.info\/index.php\/wp-json\/wp\/v2\/categories?post=17596"},{"taxonomy":"post_tag","embeddable":true,"href":"https:\/\/monde25.info\/index.php\/wp-json\/wp\/v2\/tags?post=17596"}],"curies":[{"name":"wp","href":"https:\/\/api.w.org\/{rel}","templated":true}]}}