{"id":176,"date":"2024-11-15T12:58:47","date_gmt":"2024-11-15T11:58:47","guid":{"rendered":"https:\/\/monde25.info\/index.php\/2024\/11\/15\/le-president-du-faso-rencontre-le-grand-chancelier-des-ordres-nationaux-du-niger\/"},"modified":"2024-11-15T12:58:47","modified_gmt":"2024-11-15T11:58:47","slug":"le-president-du-faso-rencontre-le-grand-chancelier-des-ordres-nationaux-du-niger","status":"publish","type":"post","link":"https:\/\/monde25.info\/index.php\/2024\/11\/15\/le-president-du-faso-rencontre-le-grand-chancelier-des-ordres-nationaux-du-niger\/","title":{"rendered":"Le Pr\u00e9sident du Faso rencontre le Grand Chancelier des Ordres Nationaux du Niger"},"content":{"rendered":"<p> <br \/>\n<\/p>\n<div>\n<div class=\"article__meta\" itemscope=\"\" itemtype=\"https:\/\/schema.org\/Article\">\n<p>https:\/\/fr.sputniknews.africa\/20241115\/le-president-du-faso-rencontre-le-grand-chancelier-des-ordres-nationaux-du-niger-1069245833.html<\/p>\n<p><a target=\"_blank\" itemprop=\"url\" href=\"https:\/\/fr.sputniknews.africa\/20241115\/le-president-du-faso-rencontre-le-grand-chancelier-des-ordres-nationaux-du-niger-1069245833.html\" title=\"Le Pr\u00e9sident du Faso rencontre le Grand Chancelier des Ordres Nationaux du Niger\"\/><\/p>\n<p>Le Pr\u00e9sident du Faso rencontre le Grand Chancelier des Ordres Nationaux du Niger<\/p>\n<p>Le Pr\u00e9sident du Faso rencontre le Grand Chancelier des Ordres Nationaux du Niger<\/p>\n<p>Sputnik Afrique<\/p>\n<p>Le Grand Chancelier des Ordres Nationaux du Niger a visit\u00e9 des fabriques de m\u00e9dailles au Burkina Faso, avant d&rsquo;\u00eatre re\u00e7u par le dirigeant Ibrahim Traor\u00e9&#8230; 15.11.2024, Sputnik Afrique<\/p>\n<p>2024-11-15T12:53+0100<\/p>\n<p>2024-11-15T12:53+0100<\/p>\n<p>2024-11-15T12:53+0100<\/p>\n<p>afrique subsaharienne<\/p>\n<p>burkina faso<\/p>\n<p>niger<\/p>\n<p>m\u00e9daille<\/p>\n<p>https:\/\/cdn1.img.sputniknews.africa\/img\/07e7\/0c\/12\/1064181327_0:31:1081:639_1920x0_80_0_0_6278766168eb152cd6fc8b8fac331c72.jpg<\/p>\n<p>En visite au Faso, le colonel Issaka Labo Bouch\u00e9 a pu d\u00e9couvrir certaines initiatives mises en place en mati\u00e8re de production de m\u00e9dailles, avant de rencontrer le chef d&rsquo;\u00c9tat Ibrahim Traor\u00e9, rapporte un communiqu\u00e9 de la pr\u00e9sidence du Faso.   Il est projet\u00e9 de raffermir les liens entre les Grandes Chancelleries du Burkina Faso, du Niger et du Mali dans le cadre de l&rsquo;Alliance des Etats du Sahel, a-t-il ajout\u00e9.<\/p>\n<p>afrique subsaharienne<\/p>\n<p>burkina faso<\/p>\n<p>niger<\/p>\n<div itemprop=\"copyrightHolder\" itemscope=\"\" itemtype=\"http:\/\/schema.org\/Organization\">\n<p>Sputnik Afrique<\/p>\n<p><a target=\"_blank\" itemprop=\"url\" href=\"https:\/\/fr.sputniknews.africa\" title=\"Sputnik Afrique\"> <\/a><\/p>\n<p>feedback.fr@sputniknews.com<\/p>\n<p>+74956456601<\/p>\n<p>MIA \u201eRossiya Segodnya\u201c<\/p>\n<p><a target=\"_blank\" itemprop=\"sameAs\" href=\"https:\/\/t.me\/sputnik_afrique\"> <\/a><a target=\"_blank\" itemprop=\"sameAs\" href=\"https:\/\/t.me\/sputnik_africa\"> <\/a><a target=\"_blank\" itemprop=\"sameAs\" href=\"https:\/\/t.me\/sputnik_ethiopia\"> <\/a><a target=\"_blank\" itemprop=\"sameAs\" href=\"https:\/\/x.com\/sputnik_afrique\"> <\/a><a target=\"_blank\" itemprop=\"sameAs\" href=\"https:\/\/x.com\/sputnik_africa\"> <\/a><\/div>\n<p>2024<\/p>\n<div itemprop=\"creator\" itemscope=\"\" itemtype=\"http:\/\/schema.org\/Organization\">\n<p>Sputnik Afrique<\/p>\n<p><a target=\"_blank\" itemprop=\"url\" href=\"https:\/\/fr.sputniknews.africa\" title=\"Sputnik Afrique\"> <\/a><\/p>\n<p>feedback.fr@sputniknews.com<\/p>\n<p>+74956456601<\/p>\n<p>MIA \u201eRossiya Segodnya\u201c<\/p>\n<p><a target=\"_blank\" itemprop=\"sameAs\" href=\"https:\/\/t.me\/sputnik_afrique\"> <\/a><a target=\"_blank\" itemprop=\"sameAs\" href=\"https:\/\/t.me\/sputnik_africa\"> <\/a><a target=\"_blank\" itemprop=\"sameAs\" href=\"https:\/\/t.me\/sputnik_ethiopia\"> <\/a><a target=\"_blank\" itemprop=\"sameAs\" href=\"https:\/\/x.com\/sputnik_afrique\"> <\/a><a target=\"_blank\" itemprop=\"sameAs\" href=\"https:\/\/x.com\/sputnik_africa\"> <\/a><\/div>\n<p>Actus<\/p>\n<p>fr_FR<\/p>\n<div itemprop=\"sourceOrganization\" itemscope=\"\" itemtype=\"http:\/\/schema.org\/Organization\">\n<p>Sputnik Afrique<\/p>\n<p><a target=\"_blank\" itemprop=\"url\" href=\"https:\/\/fr.sputniknews.africa\" title=\"Sputnik Afrique\"> <\/a><\/p>\n<p>feedback.fr@sputniknews.com<\/p>\n<p>+74956456601<\/p>\n<p>MIA \u201eRossiya Segodnya\u201c<\/p>\n<p><a target=\"_blank\" itemprop=\"sameAs\" href=\"https:\/\/t.me\/sputnik_afrique\"> <\/a><a target=\"_blank\" itemprop=\"sameAs\" href=\"https:\/\/t.me\/sputnik_africa\"> <\/a><a target=\"_blank\" itemprop=\"sameAs\" href=\"https:\/\/t.me\/sputnik_ethiopia\"> <\/a><a target=\"_blank\" itemprop=\"sameAs\" href=\"https:\/\/x.com\/sputnik_afrique\"> <\/a><a target=\"_blank\" itemprop=\"sameAs\" href=\"https:\/\/x.com\/sputnik_africa\"> <\/a><\/div>\n<p><a target=\"_blank\" itemprop=\"thumbnailUrl\" href=\"https:\/\/cdn1.img.sputniknews.africa\/img\/07e7\/0c\/12\/1064181327_0:31:1081:639_1920x0_80_0_0_6278766168eb152cd6fc8b8fac331c72.jpg\"\/><a target=\"_blank\" itemprop=\"thumbnailUrl\" href=\"https:\/\/cdn1.img.sputniknews.africa\/img\/07e7\/0c\/12\/1064181327_59:0:1019:720_1920x0_80_0_0_cf915b3c57a113b9617854cca236c570.jpg\">https:\/\/cdn1.img.sputniknews.africa\/img\/07e7\/0c\/12\/1064181327_59:0:1019:720_1920x0_80_0_0_cf915b3c57a113b9617854cca236c570.jpg<\/a><a target=\"_blank\" itemprop=\"thumbnailUrl\" href=\"https:\/\/cdn1.img.sputniknews.africa\/img\/07e7\/0c\/12\/1064181327_179:0:899:720_1920x0_80_0_0_e90d5898a60c2604d343f14e6bbb306f.jpg\" title=\"Conseil des ministres tenu \u00e0 Ouagadougou, le mercredi 13 d\u00e9cembre 2023\"\/><\/p>\n<div itemprop=\"publisher\" itemscope=\"\" itemtype=\"http:\/\/schema.org\/Organization\">\n<p>Sputnik Afrique<\/p>\n<p><a target=\"_blank\" itemprop=\"url\" href=\"https:\/\/fr.sputniknews.africa\" title=\"Sputnik Afrique\"> <\/a><\/p>\n<p>feedback.fr@sputniknews.com<\/p>\n<p>+74956456601<\/p>\n<p>MIA \u201eRossiya Segodnya\u201c<\/p>\n<p><a target=\"_blank\" itemprop=\"sameAs\" href=\"https:\/\/t.me\/sputnik_afrique\"> <\/a><a target=\"_blank\" itemprop=\"sameAs\" href=\"https:\/\/t.me\/sputnik_africa\"> <\/a><a target=\"_blank\" itemprop=\"sameAs\" href=\"https:\/\/t.me\/sputnik_ethiopia\"> <\/a><a target=\"_blank\" itemprop=\"sameAs\" href=\"https:\/\/x.com\/sputnik_afrique\"> <\/a><a target=\"_blank\" itemprop=\"sameAs\" href=\"https:\/\/x.com\/sputnik_africa\"> <\/a><\/div>\n<p>afrique subsaharienne, burkina faso, niger, m\u00e9daille<\/p>\n<div itemprop=\"about\" itemscope=\"\" itemtype=\"https:\/\/schema.org\/Thing\">\n<p>afrique subsaharienne, burkina faso, niger, m\u00e9daille<\/p>\n<\/div>\n<\/div>\n<div class=\"article__header\">\n<p>Le Grand Chancelier des Ordres Nationaux du Niger a visit\u00e9 des fabriques de m\u00e9dailles au Burkina Faso, avant d&rsquo;\u00eatre re\u00e7u par le dirigeant Ibrahim Traor\u00e9, rapporte un communiqu\u00e9 de la pr\u00e9sidence du Faso.<\/p>\n<\/div>\n<div class=\"article__body\">\n<div class=\"article__block\" data-type=\"text\">\n<p>En visite au Faso, le colonel Issaka Labo Bouch\u00e9 a pu d\u00e9couvrir certaines initiatives mises en place en mati\u00e8re de production de m\u00e9dailles, avant de rencontrer le chef d&rsquo;\u00c9tat Ibrahim Traor\u00e9, rapporte un communiqu\u00e9 de la pr\u00e9sidence du Faso.  <\/p>\n<\/div>\n<div class=\"article__block\" data-type=\"quote\">\n<div class=\"article__quote\">\n<p>\u00ab\u00a0Nous avons eu l\u2019occasion de visiter les fabriques dans lesquelles, ils font produire leurs d\u00e9corations et cela nous donne une id\u00e9e, un \u00e9lan pour aller dans le cadre du raffermissement des liens de coop\u00e9ration entre les pays de l&rsquo;Alliance des Etats du Sahel\u00a0\u00bb, a d\u00e9clar\u00e9 le responsable nig\u00e9rien. <\/p>\n<\/div>\n<\/div>\n<div class=\"article__block\" data-type=\"text\">\n<p> Il est projet\u00e9 de raffermir les liens entre les Grandes Chancelleries du Burkina Faso, du Niger et du Mali dans le cadre de l&rsquo;Alliance des Etats du Sahel, a-t-il ajout\u00e9.<\/p>\n<\/div>\n<\/div>\n<\/div>\n<p><script async=\"async\" type=\"text\/plain\" class=\"_iub_cs_activate\" data-iub-purposes=\"3\" data-suppressedsrc=\"https:\/\/connect.facebook.net\/en_US\/sdk.js#xfbml=1&amp;version=v3.2\"><\/script><br \/>\n<br \/><br \/>\n<br \/><a href=\"https:\/\/fr.sputniknews.africa\/20241115\/le-president-du-faso-rencontre-le-grand-chancelier-des-ordres-nationaux-du-niger-1069245833.html\" target=\"_blank\"\">Source link <\/a><\/p>\n","protected":false},"excerpt":{"rendered":"<p>https:\/\/fr.sputniknews.africa\/20241115\/le-president-du-faso-rencontre-le-grand-chancelier-des-ordres-nationaux-du-niger-1069245833.html Le Pr\u00e9sident du Faso rencontre le Grand Chancelier des Ordres Nationaux du Niger Le Pr\u00e9sident du Faso rencontre le Grand Chancelier des Ordres Nationaux du Niger Sputnik Afrique Le&hellip; <\/p>\n","protected":false},"author":1,"featured_media":177,"comment_status":"open","ping_status":"open","sticky":false,"template":"","format":"standard","meta":{"footnotes":""},"categories":[1],"tags":[],"class_list":["post-176","post","type-post","status-publish","format-standard","has-post-thumbnail","hentry","category-non-classe"],"_links":{"self":[{"href":"https:\/\/monde25.info\/index.php\/wp-json\/wp\/v2\/posts\/176","targetHints":{"allow":["GET"]}}],"collection":[{"href":"https:\/\/monde25.info\/index.php\/wp-json\/wp\/v2\/posts"}],"about":[{"href":"https:\/\/monde25.info\/index.php\/wp-json\/wp\/v2\/types\/post"}],"author":[{"embeddable":true,"href":"https:\/\/monde25.info\/index.php\/wp-json\/wp\/v2\/users\/1"}],"replies":[{"embeddable":true,"href":"https:\/\/monde25.info\/index.php\/wp-json\/wp\/v2\/comments?post=176"}],"version-history":[{"count":0,"href":"https:\/\/monde25.info\/index.php\/wp-json\/wp\/v2\/posts\/176\/revisions"}],"wp:featuredmedia":[{"embeddable":true,"href":"https:\/\/monde25.info\/index.php\/wp-json\/wp\/v2\/media\/177"}],"wp:attachment":[{"href":"https:\/\/monde25.info\/index.php\/wp-json\/wp\/v2\/media?parent=176"}],"wp:term":[{"taxonomy":"category","embeddable":true,"href":"https:\/\/monde25.info\/index.php\/wp-json\/wp\/v2\/categories?post=176"},{"taxonomy":"post_tag","embeddable":true,"href":"https:\/\/monde25.info\/index.php\/wp-json\/wp\/v2\/tags?post=176"}],"curies":[{"name":"wp","href":"https:\/\/api.w.org\/{rel}","templated":true}]}}