{"id":1761,"date":"2024-12-08T13:48:31","date_gmt":"2024-12-08T12:48:31","guid":{"rendered":"https:\/\/monde25.info\/index.php\/2024\/12\/08\/lislande-reautorise-la-chasse-a-la-baleine-jusquen-2029\/"},"modified":"2024-12-08T13:48:31","modified_gmt":"2024-12-08T12:48:31","slug":"lislande-reautorise-la-chasse-a-la-baleine-jusquen-2029","status":"publish","type":"post","link":"https:\/\/monde25.info\/index.php\/2024\/12\/08\/lislande-reautorise-la-chasse-a-la-baleine-jusquen-2029\/","title":{"rendered":"L\u2019Islande r\u00e9autorise la chasse \u00e0 la baleine jusqu\u2019en 2029"},"content":{"rendered":"<p> <br \/>\n<\/p>\n<div>\n        <span class=\"date\">6 d\u00e9cembre 2024  \u00e0 13h52<\/span><\/p>\n<p class=\"duree_lecture\">\n        Dur\u00e9e de lecture : 2 minutes\n      <\/p>\n<\/p><\/div>\n<div>\n<p>La chasse \u00e0 la baleine va continuer en Islande, malgr\u00e9 les oppositions. Le gouvernement \u2014 d\u00e9missionnaire depuis son \u00e9chec aux \u00e9lections l\u00e9gislatives du 30\u00a0novembre \u2014 <a target=\"_blank\" href=\"https:\/\/www.government.is\/news\/article\/2024\/12\/06\/Licences-for-hunting-of-fin-whales-and-minke-whales-issued-\/\" class=\"spip_out\" rel=\"external\">a accord\u00e9 le 5\u00a0d\u00e9cembre<\/a> un permis de tuer 209 rorquals communs et 217 baleines de Minke (ou <i>\u00ab<small class=\"fine d-inline\">\u00a0<\/small>petits rorquals<small class=\"fine d-inline\">\u00a0<\/small>\u00bb<\/i>) par an. Et ce jusqu\u2019en 2029. L\u2019Union internationale pour la conservation de la nature (<span class=\"caps\">UICN<\/span>) consid\u00e8re les rorquals communs comme <i>\u00ab<small class=\"fine d-inline\">\u00a0<\/small>vuln\u00e9rables<small class=\"fine d-inline\">\u00a0<\/small>\u00bb<\/i>.<\/p>\n<p>Le pr\u00e9c\u00e9dent permis \u00e9tait arriv\u00e9 \u00e0 \u00e9ch\u00e9ance depuis un an. Le <i>Hvalur<\/i>, seul baleinier encore en activit\u00e9 dans le pays, avait tout de m\u00eame obtenu en juin 2024 une autorisation valable un an. Une d\u00e9cision surprenante quand on sait qu\u2019une enqu\u00eate, command\u00e9e par le m\u00eame gouvernement, avait r\u00e9v\u00e9l\u00e9 en 2023 des m\u00e9thodes de chasse non conformes aux lois sur le bien-\u00eatre animal.<\/p>\n<h2 class=\"spip\">Harpons explosifs et agonie prolong\u00e9e<\/h2>\n<p>Les harpons explosifs des chasseurs provoquaient une agonie prolong\u00e9e des baleines, car la chasse pouvait durer jusqu\u2019\u00e0 cinq heures apr\u00e8s le harponnage. La saison (qui s\u2019\u00e9tale de mi-juin \u00e0 septembre) avait alors \u00e9t\u00e9 suspendue et n\u2019avait dur\u00e9 que trois semaines, avec 24 rorquals communs tu\u00e9s.<\/p>\n<p><i>\u00ab<small class=\"fine d-inline\">\u00a0<\/small>La d\u00e9mocratie n\u2019est pas respect\u00e9e et la d\u00e9livrance de permis viole les int\u00e9r\u00eats du climat, de la nature et du bien-\u00eatre des animaux<small class=\"fine d-inline\">\u00a0<\/small>\u00bb<\/i>, ont d\u00e9clar\u00e9 l\u2019association environnementale islandaise et sa branche jeunesse. L\u2019association Whale and Dolphin Conservation a dit \u00eatre <i>\u00ab<small class=\"fine d-inline\">\u00a0<\/small>\u00e9c\u0153ur\u00e9e par cette d\u00e9cision<small class=\"fine d-inline\">\u00a0<\/small>\u00bb<\/i>, prise par un gouvernement int\u00e9rimaire. Il s\u2019agit d\u2019un <i>\u00ab<small class=\"fine d-inline\">\u00a0<\/small>abus de pouvoir choquant<small class=\"fine d-inline\">\u00a0<\/small>\u00bb<\/i>, selon la Fondation Captain <a target=\"_blank\" href=\"https:\/\/www.paulwatsonfoundation.org\/breaking-news-iceland-issues-5-year-whaling-license-to-loftsson\/\" class=\"spip_out\" rel=\"external\">Paul Watson<\/a>.<\/p>\n<p>Le fondateur de celle-ci est actuellement <a target=\"_blank\" href=\"https:\/\/reporterre.net\/Paul-Watson-repond-a-Reporterre-La-prison-est-devenue-mon-navire\">emprisonn\u00e9 au Groenland<\/a> pour s\u2019\u00eatre oppos\u00e9 \u00e0 des baleiniers japonais. L\u2019Islande, la Norv\u00e8ge et le Japon sont les trois seuls pays \u00e0 autoriser encore la chasse commerciale \u00e0 la baleine.<\/p>\n<aside class=\"boite_encarts\">\n<div class=\"encart encart_gris noprint\">\n<p><strong>Il est de retour.<\/strong><\/p>\n<p>Dans quelques semaines, Donald Trump se r\u00e9-installera \u00e0 la Maison Blanche.<\/p>\n<p>Un milliardaire, pour qui le r\u00e9chauffement climatique est \u00ab<small class=\"fine d-inline\">\u00a0<\/small>un canular<small class=\"fine d-inline\">\u00a0<\/small>\u00bb, sera \u00e0 la t\u00eate de la plus grande puissance mondiale.<\/p>\n<p>Dans une d\u00e9cennie cruciale pour l\u2019\u00e9cologie, nous ne pouvons pas nous permettre de perdre plus de temps.<\/p>\n<p>La soci\u00e9t\u00e9 civile doit continuer de se soulever, de se mobiliser et de faire pression sur les puissants.<\/p>\n<p>Mais pour agir, il faut savoir.<\/p>\n<p><strong>Depuis 11 ans, nous publions des articles de qualit\u00e9 sur l\u2019\u00e9cologie, en acc\u00e8s libre et sans publicit\u00e9, pour tous.<\/strong><\/p>\n<p>Nous avons la conviction que l\u2019urgence \u00e9cologique est l\u2019enjeu majeur de notre \u00e9poque.<br class=\"autobr\"\/><br \/>\n Et comme plus de 2 millions de lectrices et lecteurs chaque mois, vous partagez sans doute cette conviction&#8230;<\/p>\n<p>Alors si vous en avez les moyens, sachez qu\u2019un don, m\u00eame d\u20191\u20ac, est un acte de soutien fort pour l\u2019\u00e9cologie et le journalisme ind\u00e9pendant.<br class=\"autobr\"\/><br \/>\n (Et \u00e7a vous prendra moins de temps que la lecture de ce texte).<\/p>\n<p><strong>Si vous le pouvez, choisissez un soutien mensuel. Merci.<\/strong><\/p>\n<p><a target=\"_blank\" href=\"https:\/\/reporterre.net\/dons\" class=\"bt_soutenir\">Je soutiens <i>Reporterre<\/i><\/a><\/p>\n<\/p><\/div>\n<div class=\"encart encart_vert noprint montre_1023\">\n<div class=\"infolettre-form-container noprint\">\n<p>Abonnez-vous \u00e0 la lettre d\u2019info de Reporterre<\/p>\n<\/div><\/div>\n<\/aside>\n<aside class=\"boite_apresarticle encart_note\">\n<\/aside>\n<aside class=\"boite_complement texte\">\n<p>      <!-- zone_forum --><br \/>\n          <\/aside>\n<aside class=\"boite_lireaussi noprint\">\n<\/aside>\n<aside class=\"colonne\">\n<div class=\"article_info cache_1023 noprint\">\n        <span class=\"date\">6 d\u00e9cembre 2024  \u00e0 13h52<\/span><\/p>\n<p class=\"duree_lecture\">\n        Dur\u00e9e de lecture : 2 minutes\n      <\/p>\n<\/p><\/div>\n<div class=\"bloc_infolettre\">\n<div class=\"infolettre-form-container noprint\">\n<p>Abonnez-vous \u00e0 la lettre d\u2019info de Reporterre<\/p>\n<\/div><\/div>\n<\/aside>\n<div id=\"galerie\">\n  <img decoding=\"async\" src=\"\" class=\"principale\" id=\"principale\"\/><\/p>\n<p id=\"legende\">legende<\/p>\n<\/div>\n<footer class=\"noprint\">\n<\/footer>\n<\/div>\n<p><br \/>\n<br \/><a href=\"https:\/\/reporterre.net\/L-Islande-reautorise-la-chasse-a-la-baleine-jusqu-en-2029\" target=\"_blank\"\">Source link <\/a><\/p>\n","protected":false},"excerpt":{"rendered":"<p>6 d\u00e9cembre 2024 \u00e0 13h52 Dur\u00e9e de lecture : 2 minutes La chasse \u00e0 la baleine va continuer en Islande, malgr\u00e9 les oppositions. Le gouvernement \u2014 d\u00e9missionnaire depuis son \u00e9chec&hellip; <\/p>\n","protected":false},"author":1,"featured_media":1762,"comment_status":"open","ping_status":"open","sticky":false,"template":"","format":"standard","meta":{"footnotes":""},"categories":[1],"tags":[],"class_list":["post-1761","post","type-post","status-publish","format-standard","has-post-thumbnail","hentry","category-non-classe"],"_links":{"self":[{"href":"https:\/\/monde25.info\/index.php\/wp-json\/wp\/v2\/posts\/1761","targetHints":{"allow":["GET"]}}],"collection":[{"href":"https:\/\/monde25.info\/index.php\/wp-json\/wp\/v2\/posts"}],"about":[{"href":"https:\/\/monde25.info\/index.php\/wp-json\/wp\/v2\/types\/post"}],"author":[{"embeddable":true,"href":"https:\/\/monde25.info\/index.php\/wp-json\/wp\/v2\/users\/1"}],"replies":[{"embeddable":true,"href":"https:\/\/monde25.info\/index.php\/wp-json\/wp\/v2\/comments?post=1761"}],"version-history":[{"count":0,"href":"https:\/\/monde25.info\/index.php\/wp-json\/wp\/v2\/posts\/1761\/revisions"}],"wp:featuredmedia":[{"embeddable":true,"href":"https:\/\/monde25.info\/index.php\/wp-json\/wp\/v2\/media\/1762"}],"wp:attachment":[{"href":"https:\/\/monde25.info\/index.php\/wp-json\/wp\/v2\/media?parent=1761"}],"wp:term":[{"taxonomy":"category","embeddable":true,"href":"https:\/\/monde25.info\/index.php\/wp-json\/wp\/v2\/categories?post=1761"},{"taxonomy":"post_tag","embeddable":true,"href":"https:\/\/monde25.info\/index.php\/wp-json\/wp\/v2\/tags?post=1761"}],"curies":[{"name":"wp","href":"https:\/\/api.w.org\/{rel}","templated":true}]}}