{"id":17613,"date":"2025-10-14T11:11:45","date_gmt":"2025-10-14T09:11:45","guid":{"rendered":"https:\/\/monde25.info\/index.php\/2025\/10\/14\/le-budget-2026-nouvelle-epreuve-du-feu-pour-lademe\/"},"modified":"2025-10-14T11:11:45","modified_gmt":"2025-10-14T09:11:45","slug":"le-budget-2026-nouvelle-epreuve-du-feu-pour-lademe","status":"publish","type":"post","link":"https:\/\/monde25.info\/index.php\/2025\/10\/14\/le-budget-2026-nouvelle-epreuve-du-feu-pour-lademe\/","title":{"rendered":"Le budget 2026, nouvelle \u00e9preuve du feu pour l&#039;Ademe"},"content":{"rendered":"<p> <br \/>\n<br \/><img loading=\"lazy\" decoding=\"async\" src=\"https:\/\/reporterre.net\/local\/cache-vignettes\/L700xH467\/ademee-c0014.jpg?1760429708\" class=\"spip_logo\" width=\"700\" height=\"467\" alt=\"\" \/><\/p>\n<p>L&rsquo;Agence de la transition \u00e9cologique, prise pour cible par la droite et l&rsquo;extr\u00eame droite, a beaucoup \u00e0 perdre dans la nouvelle cure d&rsquo;aust\u00e9rit\u00e9 annonc\u00e9e pour 2026, dont le budget est pr\u00e9sent\u00e9 \u00e0 partir du 14\u00a0octobre. <br class=\"autobr\" \/> Dans la cacophonie politique d\u00e9marre une s\u00e9quence qui sera d\u00e9terminante pour la transition \u00e9cologique\u00a0: l&rsquo;examen du projet de loi de finances 2026. 70\u00a0jours chrono de discussions parlementaires \u00e0 haut risque, plac\u00e9es sous le signe de l&rsquo;aust\u00e9rit\u00e9 par le pr\u00e9c\u00e9dent gouvernement.\u00a0(\u2026)<\/p>\n<p>                    <a target=\"_blank\" href=\"https:\/\/reporterre.net\/Le-budget-2026-nouvelle-epreuve-du-feu-pour-l-Ademe?utm_source=RSS&amp;utm_medium=RSS\">Lire la suite<\/a><\/p>\n<p>                    &#8211;<br \/>\n                        <a target=\"_blank\" href=\"https:\/\/reporterre.net\/Autres-infos\" rel=\"directory\">Info<\/a><\/p>\n<p>                    \/<br \/>\n                        <a target=\"_blank\" href=\"https:\/\/reporterre.net\/Politique\" rel=\"tag\">Politique<\/a><br \/>\n<br \/><br \/>\n<br \/><a href=\"https:\/\/reporterre.net\/Le-budget-2026-nouvelle-epreuve-du-feu-pour-l-Ademe\" target=\"_blank\"\">Source link <\/a><\/p>\n","protected":false},"excerpt":{"rendered":"<p>L&rsquo;Agence de la transition \u00e9cologique, prise pour cible par la droite et l&rsquo;extr\u00eame droite, a beaucoup \u00e0 perdre dans la nouvelle cure d&rsquo;aust\u00e9rit\u00e9 annonc\u00e9e pour 2026, dont le budget est&hellip; <\/p>\n","protected":false},"author":1,"featured_media":0,"comment_status":"open","ping_status":"open","sticky":false,"template":"","format":"standard","meta":{"footnotes":""},"categories":[1],"tags":[],"class_list":["post-17613","post","type-post","status-publish","format-standard","hentry","category-non-classe"],"_links":{"self":[{"href":"https:\/\/monde25.info\/index.php\/wp-json\/wp\/v2\/posts\/17613","targetHints":{"allow":["GET"]}}],"collection":[{"href":"https:\/\/monde25.info\/index.php\/wp-json\/wp\/v2\/posts"}],"about":[{"href":"https:\/\/monde25.info\/index.php\/wp-json\/wp\/v2\/types\/post"}],"author":[{"embeddable":true,"href":"https:\/\/monde25.info\/index.php\/wp-json\/wp\/v2\/users\/1"}],"replies":[{"embeddable":true,"href":"https:\/\/monde25.info\/index.php\/wp-json\/wp\/v2\/comments?post=17613"}],"version-history":[{"count":0,"href":"https:\/\/monde25.info\/index.php\/wp-json\/wp\/v2\/posts\/17613\/revisions"}],"wp:attachment":[{"href":"https:\/\/monde25.info\/index.php\/wp-json\/wp\/v2\/media?parent=17613"}],"wp:term":[{"taxonomy":"category","embeddable":true,"href":"https:\/\/monde25.info\/index.php\/wp-json\/wp\/v2\/categories?post=17613"},{"taxonomy":"post_tag","embeddable":true,"href":"https:\/\/monde25.info\/index.php\/wp-json\/wp\/v2\/tags?post=17613"}],"curies":[{"name":"wp","href":"https:\/\/api.w.org\/{rel}","templated":true}]}}