{"id":17616,"date":"2025-10-14T12:17:15","date_gmt":"2025-10-14T10:17:15","guid":{"rendered":"https:\/\/monde25.info\/index.php\/2025\/10\/14\/asthme-certains-traitements-polluent-autant-quun-demi-million-de-voitures\/"},"modified":"2025-10-14T12:17:15","modified_gmt":"2025-10-14T10:17:15","slug":"asthme-certains-traitements-polluent-autant-quun-demi-million-de-voitures","status":"publish","type":"post","link":"https:\/\/monde25.info\/index.php\/2025\/10\/14\/asthme-certains-traitements-polluent-autant-quun-demi-million-de-voitures\/","title":{"rendered":"Asthme\u00a0: certains traitements polluent autant qu&#039;un demi-million de voitures"},"content":{"rendered":"<p> <br \/>\n<br \/><img loading=\"lazy\" decoding=\"async\" src=\"https:\/\/reporterre.net\/local\/cache-vignettes\/L700xH467\/ilfautqueturespiiiress-ca771.jpg?1760428495\" class=\"spip_logo\" width=\"700\" height=\"467\" alt=\"\" \/><\/p>\n<p>Une \u00e9tude \u00e9tasunienne pointe le poids carbone des inhalateurs contre l&rsquo;asthme, qui contribuent ainsi \u00e0 aggraver les causes des troubles respiratoires qu&rsquo;ils traitent. Seule porte de sortie\u00a0: des moyens pour le climat&#8230; et la sant\u00e9. <br class=\"autobr\" \/> Des chercheurs de l&rsquo;universit\u00e9 de Californie ont \u00e9valu\u00e9 les \u00e9missions de carbone des inhalateurs utilis\u00e9s pour traiter l&rsquo;asthme et autres maladies respiratoires chroniques. R\u00e9sultat\u00a0: ces dispositifs \u00e9mettent 2\u00a0millions de tonnes de carbone chaque ann\u00e9e\u00a0(\u2026)<\/p>\n<p>                    <a target=\"_blank\" href=\"https:\/\/reporterre.net\/Ventoline-et-cie-certains-traitements-contre-l-asthme-sont-mauvais-pour-le-climat?utm_source=RSS&amp;utm_medium=RSS\">Lire la suite<\/a><\/p>\n<p>                    &#8211;<br \/>\n                        <a target=\"_blank\" href=\"https:\/\/reporterre.net\/Autres-infos\" rel=\"directory\">Info<\/a><\/p>\n<p>                    \/<br \/>\n                        <a target=\"_blank\" href=\"https:\/\/reporterre.net\/Climat-18\" rel=\"tag\">Climat <\/a><br \/>\n                    ,<br \/>\n                        <a target=\"_blank\" href=\"https:\/\/reporterre.net\/Sante\" rel=\"tag\">Sant\u00e9<\/a><br \/>\n<br \/><br \/>\n<br \/><a href=\"https:\/\/reporterre.net\/Ventoline-et-cie-certains-traitements-contre-l-asthme-sont-mauvais-pour-le-climat\" target=\"_blank\"\">Source link <\/a><\/p>\n","protected":false},"excerpt":{"rendered":"<p>Une \u00e9tude \u00e9tasunienne pointe le poids carbone des inhalateurs contre l&rsquo;asthme, qui contribuent ainsi \u00e0 aggraver les causes des troubles respiratoires qu&rsquo;ils traitent. Seule porte de sortie\u00a0: des moyens pour&hellip; <\/p>\n","protected":false},"author":1,"featured_media":0,"comment_status":"open","ping_status":"open","sticky":false,"template":"","format":"standard","meta":{"footnotes":""},"categories":[1],"tags":[],"class_list":["post-17616","post","type-post","status-publish","format-standard","hentry","category-non-classe"],"_links":{"self":[{"href":"https:\/\/monde25.info\/index.php\/wp-json\/wp\/v2\/posts\/17616","targetHints":{"allow":["GET"]}}],"collection":[{"href":"https:\/\/monde25.info\/index.php\/wp-json\/wp\/v2\/posts"}],"about":[{"href":"https:\/\/monde25.info\/index.php\/wp-json\/wp\/v2\/types\/post"}],"author":[{"embeddable":true,"href":"https:\/\/monde25.info\/index.php\/wp-json\/wp\/v2\/users\/1"}],"replies":[{"embeddable":true,"href":"https:\/\/monde25.info\/index.php\/wp-json\/wp\/v2\/comments?post=17616"}],"version-history":[{"count":0,"href":"https:\/\/monde25.info\/index.php\/wp-json\/wp\/v2\/posts\/17616\/revisions"}],"wp:attachment":[{"href":"https:\/\/monde25.info\/index.php\/wp-json\/wp\/v2\/media?parent=17616"}],"wp:term":[{"taxonomy":"category","embeddable":true,"href":"https:\/\/monde25.info\/index.php\/wp-json\/wp\/v2\/categories?post=17616"},{"taxonomy":"post_tag","embeddable":true,"href":"https:\/\/monde25.info\/index.php\/wp-json\/wp\/v2\/tags?post=17616"}],"curies":[{"name":"wp","href":"https:\/\/api.w.org\/{rel}","templated":true}]}}