{"id":17622,"date":"2025-10-14T14:29:31","date_gmt":"2025-10-14T12:29:31","guid":{"rendered":"https:\/\/monde25.info\/index.php\/2025\/10\/14\/eurostar-deraille-avec-une-collection-duniformes-non-genres\/"},"modified":"2025-10-14T14:29:31","modified_gmt":"2025-10-14T12:29:31","slug":"eurostar-deraille-avec-une-collection-duniformes-non-genres","status":"publish","type":"post","link":"https:\/\/monde25.info\/index.php\/2025\/10\/14\/eurostar-deraille-avec-une-collection-duniformes-non-genres\/","title":{"rendered":"Eurostar d\u00e9raille avec une collection d&rsquo;uniformes \u00ab\u00a0non genr\u00e9s\u00a0\u00bb"},"content":{"rendered":"<p> <br \/>\n<\/p>\n<div>\n<p><strong>Depuis le 1er octobre, Eurostar autorise ses 2 600 employ\u00e9s \u00e0 choisir librement entre jupe ou pantalon, quels que soient leur genre ou leur poste. La collection \u00ab\u00a0non genr\u00e9e\u00a0\u00bb, d\u00e9voil\u00e9e \u00e0 la Gare du Nord, a \u00e9t\u00e9 imagin\u00e9e par la cr\u00e9atrice fran\u00e7aise Emmanuelle Plescoff. Elle comprend 54 pi\u00e8ces et se veut \u00e0 la fois inclusive, confortable et \u00e9coresponsable.\u00a0<\/strong><\/p>\n<p>Gwendoline Cazenave, PDG d\u2019Eurostar, assume pleinement le virage : \u00ab C\u2019est une d\u00e9claration audacieuse que nous sommes fiers d\u2019\u00eatre inclusifs, durables et que chez Eurostar, tout le monde a sa place \u00bb, a-t-elle d\u00e9clar\u00e9 sur LinkedIn. Voil\u00e0 donc les Dr. Martens vertes, les jupes et les tailleurs bleus sombres propuls\u00e9s ambassadeurs de la modernit\u00e9 ferroviaire.\u00a0<\/p>\n<p>La man\u0153uvre ne s\u00e9duit pas tout le monde. Sur les r\u00e9seaux sociaux, une partie des usagers grince des dents. \u00ab L\u2019id\u00e9ologie inclusive pr\u00f4n\u00e9e par la gauche woke n\u2019a pas sa place chez une compagnie ferroviaire \u00bb, fulmine un internaute. D\u2019autres d\u00e9noncent une diversion, accusant Eurostar de s\u2019habiller d\u2019inclusivit\u00e9 pour mieux masquer ses probl\u00e8mes op\u00e9rationnels : \u00ab au lieu de s\u2019occuper de futilit\u00e9s, Eurostar ferait mieux de pr\u00e9venir les incidents sur la circulation des trains \u00bb.<\/p>\n<p><em>The Epoch Times<\/em> a relay\u00e9 cette lev\u00e9e de boucliers num\u00e9rique, reflet d\u2019un d\u00e9bat qui d\u00e9passe largement la question du style. L&rsquo;entreprise, quant \u00e0 elle, revendique son ancrage europ\u00e9en, sa volont\u00e9 de faire \u00e9voluer les mentalit\u00e9s et sa lecture contemporaine du service public. Alain Krakovitch, pr\u00e9sident d\u2019Eurostar Group, a salu\u00e9 sur X un \u00ab pas de plus vers l\u2019\u00e9l\u00e9gance \u00bb et \u00ab l\u2019excellence au service de nos clients \u00bb. Sauf qu&rsquo;il prend peut-\u00eatre le train en retard&#8230;<\/p>\n<\/div>\n<p><script>(function(d, s, id) {  var js, fjs = d.getElementsByTagName(s)[0];  if (d.getElementById(id)) return;  js = d.createElement(s); js.id = id;  js.src = \"\/\/connect.facebook.net\/fr_FR\/sdk.js#xfbml=1&version=v2.3\";  fjs.parentNode.insertBefore(js, fjs);}(document, \"script\", \"facebook-jssdk\"));<\/script><br \/>\n<br \/><br \/>\n<br \/><a href=\"https:\/\/www.francesoir.fr\/politique-france\/eurostar-deraille-avec-une-collection-d-uniformes-non-genres\" target=\"_blank\"\">Source link <\/a><\/p>\n","protected":false},"excerpt":{"rendered":"<p>Depuis le 1er octobre, Eurostar autorise ses 2 600 employ\u00e9s \u00e0 choisir librement entre jupe ou pantalon, quels que soient leur genre ou leur poste. La collection \u00ab\u00a0non genr\u00e9e\u00a0\u00bb, d\u00e9voil\u00e9e&hellip; <\/p>\n","protected":false},"author":1,"featured_media":17623,"comment_status":"open","ping_status":"open","sticky":false,"template":"","format":"standard","meta":{"footnotes":""},"categories":[1],"tags":[],"class_list":["post-17622","post","type-post","status-publish","format-standard","has-post-thumbnail","hentry","category-non-classe"],"_links":{"self":[{"href":"https:\/\/monde25.info\/index.php\/wp-json\/wp\/v2\/posts\/17622","targetHints":{"allow":["GET"]}}],"collection":[{"href":"https:\/\/monde25.info\/index.php\/wp-json\/wp\/v2\/posts"}],"about":[{"href":"https:\/\/monde25.info\/index.php\/wp-json\/wp\/v2\/types\/post"}],"author":[{"embeddable":true,"href":"https:\/\/monde25.info\/index.php\/wp-json\/wp\/v2\/users\/1"}],"replies":[{"embeddable":true,"href":"https:\/\/monde25.info\/index.php\/wp-json\/wp\/v2\/comments?post=17622"}],"version-history":[{"count":0,"href":"https:\/\/monde25.info\/index.php\/wp-json\/wp\/v2\/posts\/17622\/revisions"}],"wp:featuredmedia":[{"embeddable":true,"href":"https:\/\/monde25.info\/index.php\/wp-json\/wp\/v2\/media\/17623"}],"wp:attachment":[{"href":"https:\/\/monde25.info\/index.php\/wp-json\/wp\/v2\/media?parent=17622"}],"wp:term":[{"taxonomy":"category","embeddable":true,"href":"https:\/\/monde25.info\/index.php\/wp-json\/wp\/v2\/categories?post=17622"},{"taxonomy":"post_tag","embeddable":true,"href":"https:\/\/monde25.info\/index.php\/wp-json\/wp\/v2\/tags?post=17622"}],"curies":[{"name":"wp","href":"https:\/\/api.w.org\/{rel}","templated":true}]}}