{"id":17631,"date":"2025-10-14T17:47:26","date_gmt":"2025-10-14T15:47:26","guid":{"rendered":"https:\/\/monde25.info\/index.php\/2025\/10\/14\/discours-de-lecornu-les-verts-exasperes\/"},"modified":"2025-10-14T17:47:26","modified_gmt":"2025-10-14T15:47:26","slug":"discours-de-lecornu-les-verts-exasperes","status":"publish","type":"post","link":"https:\/\/monde25.info\/index.php\/2025\/10\/14\/discours-de-lecornu-les-verts-exasperes\/","title":{"rendered":"Discours de Lecornu\u00a0: les Verts exasp\u00e9r\u00e9s"},"content":{"rendered":"<p> <br \/>\n<br \/><img loading=\"lazy\" decoding=\"async\" src=\"https:\/\/reporterre.net\/local\/cache-vignettes\/L700xH466\/afp__20251014__78qz4px__v2__highres__topshotfrancegovernmentpoliticsparliament-0a91d.jpg?1760454231\" class=\"spip_logo\" width=\"700\" height=\"466\" alt=\"\" \/><\/p>\n<p>Suspension de la r\u00e9forme des retraites, renouvellement de sa promesse de ne pas utiliser l&rsquo;article 49.3 de la Constitution&#8230; Le Premier ministre S\u00e9bastien Lecornu a tent\u00e9 de donner des gages lors de sa d\u00e9claration de politique g\u00e9n\u00e9rale mardi 14\u00a0octobre. Le discours, efficace, a dur\u00e9 une trentaine de minutes. <br class=\"autobr\" \/><br \/>\nPoint fort de son intervention, il a annonc\u00e9 qu&rsquo;il proposerait d\u00e8s cet automne au Parlement de suspendre la r\u00e9forme des retraites jusqu&rsquo;en janvier 2028. \u00ab<small class=\"fine d-inline\">\u00a0<\/small>Aucun rel\u00e8vement de l&rsquo;\u00e2ge<small class=\"fine d-inline\">\u00a0<\/small>\u00bb\u00a0(\u2026)<\/p>\n<p>                    <a target=\"_blank\" href=\"https:\/\/reporterre.net\/Discours-de-Lecornu-les-Verts-exasperes?utm_source=RSS&amp;utm_medium=RSS\">Lire la suite<\/a><\/p>\n<p>                    &#8211;<br \/>\n                        <a target=\"_blank\" href=\"https:\/\/reporterre.net\/Breves-20\" rel=\"directory\">En bref<\/a><\/p>\n<p>                    \/<br \/>\n                        <a target=\"_blank\" href=\"https:\/\/reporterre.net\/Politique\" rel=\"tag\">Politique<\/a><br \/>\n<br \/><br \/>\n<br \/><a href=\"https:\/\/reporterre.net\/Discours-de-Lecornu-les-Verts-exasperes\" target=\"_blank\"\">Source link <\/a><\/p>\n","protected":false},"excerpt":{"rendered":"<p>Suspension de la r\u00e9forme des retraites, renouvellement de sa promesse de ne pas utiliser l&rsquo;article 49.3 de la Constitution&#8230; Le Premier ministre S\u00e9bastien Lecornu a tent\u00e9 de donner des gages&hellip; <\/p>\n","protected":false},"author":1,"featured_media":0,"comment_status":"open","ping_status":"open","sticky":false,"template":"","format":"standard","meta":{"footnotes":""},"categories":[1],"tags":[],"class_list":["post-17631","post","type-post","status-publish","format-standard","hentry","category-non-classe"],"_links":{"self":[{"href":"https:\/\/monde25.info\/index.php\/wp-json\/wp\/v2\/posts\/17631","targetHints":{"allow":["GET"]}}],"collection":[{"href":"https:\/\/monde25.info\/index.php\/wp-json\/wp\/v2\/posts"}],"about":[{"href":"https:\/\/monde25.info\/index.php\/wp-json\/wp\/v2\/types\/post"}],"author":[{"embeddable":true,"href":"https:\/\/monde25.info\/index.php\/wp-json\/wp\/v2\/users\/1"}],"replies":[{"embeddable":true,"href":"https:\/\/monde25.info\/index.php\/wp-json\/wp\/v2\/comments?post=17631"}],"version-history":[{"count":0,"href":"https:\/\/monde25.info\/index.php\/wp-json\/wp\/v2\/posts\/17631\/revisions"}],"wp:attachment":[{"href":"https:\/\/monde25.info\/index.php\/wp-json\/wp\/v2\/media?parent=17631"}],"wp:term":[{"taxonomy":"category","embeddable":true,"href":"https:\/\/monde25.info\/index.php\/wp-json\/wp\/v2\/categories?post=17631"},{"taxonomy":"post_tag","embeddable":true,"href":"https:\/\/monde25.info\/index.php\/wp-json\/wp\/v2\/tags?post=17631"}],"curies":[{"name":"wp","href":"https:\/\/api.w.org\/{rel}","templated":true}]}}