{"id":17632,"date":"2025-10-14T18:20:58","date_gmt":"2025-10-14T16:20:58","guid":{"rendered":"https:\/\/monde25.info\/index.php\/2025\/10\/14\/la-foret-face-a-lindustrie-photovoltaique\/"},"modified":"2025-10-14T18:20:58","modified_gmt":"2025-10-14T16:20:58","slug":"la-foret-face-a-lindustrie-photovoltaique","status":"publish","type":"post","link":"https:\/\/monde25.info\/index.php\/2025\/10\/14\/la-foret-face-a-lindustrie-photovoltaique\/","title":{"rendered":"la for\u00eat face \u00e0 l\u2019industrie photovolta\u00efque"},"content":{"rendered":"<p> <br \/>\n<\/p>\n<div>\n<h4><strong>De plus en plus de projets industriels sont justifi\u00e9s au nom de la transition \u00e9cologique, souvent pilot\u00e9s par <a target=\"_blank\" href=\"https:\/\/mrmondialisation.org\/terres-agricoles-bouygues-betonne-basque-lutte\/\">de grandes entreprises en qu\u00eate de rentabilit\u00e9.<\/a> Sous couvert de produire de l\u2019\u00e9nergie \u00ab\u00a0verte\u00a0\u00bb, des territoires sont b\u00e9tonn\u00e9s, d\u00e9bois\u00e9s, transform\u00e9s sans v\u00e9ritable concertation. Dans les Hautes-Alpes, une for\u00eat est aujourd\u2019hui menac\u00e9e par l\u2019installation d\u2019un parc photovolta\u00efque. Face \u00e0 cela, un collectif local se mobilise pour d\u00e9fendre le vivant et repenser la transition \u00e9nerg\u00e9tique autrement.<\/strong><\/h4>\n<p><span style=\"font-weight: 400;\">\u00c0 la Roche-des-Arnauds, dans les Hautes-Alpes, <strong>une for\u00eat vivante est en sursis.<\/strong> Cibl\u00e9e par <strong>un projet photovolta\u00efque industriel port\u00e9 par la soci\u00e9t\u00e9 Valorem,<\/strong> <a target=\"_blank\" href=\"https:\/\/mrmondialisation.org\/une-foret-bretonne-detruite-au-nom-de-la-transition-energetique\/\">cette parcelle bois\u00e9e \u2013 peupl\u00e9e d\u2019esp\u00e8ces prot\u00e9g\u00e9es pourrait \u00eatre ras\u00e9e au nom d\u2019une transition \u00e9nerg\u00e9tique mal pens\u00e9e.<\/a><\/span><\/p>\n<p><span style=\"font-weight: 400;\">Ainsi, <\/span><b>l\u2019association locale <\/b><b>Les S\u00e9rigons Terre Vivante<\/b><b> se bat pour d\u00e9fendre ce lieu<\/b><span style=\"font-weight: 400;\">, en interrogeant<a target=\"_blank\" href=\"https:\/\/mrmondialisation.org\/comment-resister-aux-projets-destructeurs\/\"> les <strong>logiques d\u2019am\u00e9nagement impos\u00e9es sans r\u00e9elle concertation<\/strong>,<\/a> et en rappelant que les \u00e9nergies renouvelables ne doivent pas servir de pr\u00e9texte \u00e0 artificialiser encore davantage les milieux naturels. <\/span>Ici,<b> des artistes, des voisins, des amoureux du vivant qui refusent de voir leur territoire livr\u00e9 au plus offrant. <\/b><span style=\"font-weight: 400;\">Entretien avec Laure de Swarte, membre de cette association <strong>\u00e0 la crois\u00e9e de l\u2019\u00e9cologie populaire et de la cr\u00e9ation artistique.<\/strong><\/span><\/p>\n<h4><b>Mr Mondialisation : Laure, qui \u00eates-vous ?\u00a0<\/b><b\/><\/h4>\n<p><b>Laure de Swarte : <\/b><strong>\u00ab\u00a0<\/strong><strong><i>J<\/i><i>e suis musicienne, artiste et professeure de piano en \u00e9cole de musique.<\/i><i> <\/i><\/strong><i><span style=\"font-weight: 400;\">Je fais aussi partie d\u2019une <\/span><\/i><b><i>compagnie qui fait du spectacle vivant<\/i><\/b> <a target=\"_blank\" href=\"https:\/\/www.tesriensanslaterre.com\/\"><i><span style=\"font-weight: 400;\">T\u2019es rien sans la terre<\/span><\/i><\/a><i><span style=\"font-weight: 400;\">, qui sensibilise \u00e0 <\/span><\/i><b><i>l\u2019environnement, et r\u00e9cemment aux questions li\u00e9es aux handicaps et aux migrations.<\/i><\/b><i><span style=\"font-weight: 400;\"> J\u2019ai eu la chance de conna\u00eetre l\u2019association Les S\u00e9rigons terre vivante via les \u00e9v\u00e9nements artistiques pr\u00e9vus pour pr\u00e9server la for\u00eat de <\/span><\/i><i><span style=\"font-weight: 400;\">Serigons.<\/span><\/i><em>\u00bb<\/em><i\/><\/p>\n<figure id=\"attachment_1046405\" aria-describedby=\"caption-attachment-1046405\" style=\"width: 1024px\" class=\"wp-caption alignnone\"><img fetchpriority=\"high\" decoding=\"async\" class=\"wp-image-1046405 size-medium\" src=\"https:\/\/mrmondialisation.org\/wp-content\/uploads\/2025\/10\/foret-de-serigeons-animation-1024x768.jpg\" alt=\"Avec toutes autorisations - Serigons terres vivantes \" width=\"1024\" height=\"768\" srcset=\"https:\/\/mrmondialisation.org\/wp-content\/uploads\/2025\/10\/foret-de-serigeons-animation-1024x768.jpg 1024w, https:\/\/mrmondialisation.org\/wp-content\/uploads\/2025\/10\/foret-de-serigeons-animation-1524x1143.jpg 1524w, https:\/\/mrmondialisation.org\/wp-content\/uploads\/2025\/10\/foret-de-serigeons-animation-768x576.jpg 768w, https:\/\/mrmondialisation.org\/wp-content\/uploads\/2025\/10\/foret-de-serigeons-animation-1536x1152.jpg 1536w, https:\/\/mrmondialisation.org\/wp-content\/uploads\/2025\/10\/foret-de-serigeons-animation-696x522.jpg 696w, https:\/\/mrmondialisation.org\/wp-content\/uploads\/2025\/10\/foret-de-serigeons-animation-1068x801.jpg 1068w, https:\/\/mrmondialisation.org\/wp-content\/uploads\/2025\/10\/foret-de-serigeons-animation-560x420.jpg 560w, https:\/\/mrmondialisation.org\/wp-content\/uploads\/2025\/10\/foret-de-serigeons-animation-80x60.jpg 80w, https:\/\/mrmondialisation.org\/wp-content\/uploads\/2025\/10\/foret-de-serigeons-animation-265x198.jpg 265w, https:\/\/mrmondialisation.org\/wp-content\/uploads\/2025\/10\/foret-de-serigeons-animation.jpg 1600w\" sizes=\"(max-width: 1024px) 100vw, 1024px\"\/><figcaption id=\"caption-attachment-1046405\" class=\"wp-caption-text\">Avec toutes autorisations \u2013 Serigons terres vivantes<\/figcaption><\/figure>\n<h4><b>Mr Mondialisation : Pouvez-vous nous en dire un peu plus sur la naissance du projet, son contexte et ses aboutissements ?\u00a0<\/b><\/h4>\n<p><b>Laure de Swarte :<\/b> <i><span style=\"font-weight: 400;\">\u00ab\u00a0Avec mon conjoint, Robert qui fait \u00e9galement partie de l\u2019association, nous sommes arriv\u00e9s dans la r\u00e9gion en 2018. <\/span><\/i><strong><i>En 2019, la soci\u00e9t\u00e9 <\/i><i>Valorem<\/i><\/strong><i><span style=\"font-weight: 400;\"><strong>, soci\u00e9t\u00e9 fran\u00e7aise sp\u00e9cialis\u00e9e dans les installations de production d\u2019\u00e9nergie renouvelable,<\/strong> <\/span><\/i><b><i>a d\u00e9march\u00e9 la mairie de la petite commune de La-Roche-des-Arnauds,<\/i><\/b><i><span style=\"font-weight: 400;\"> qui compte 1800 habitants.\u00a0<\/span><\/i><\/p>\n<p><i><span style=\"font-weight: 400;\">La proposition d\u2019<\/span><\/i><b><i>implanter du photovolta\u00efque sur 7 hectares et de verser en contrepartie 20 000 euros chaque ann\u00e9e \u00e0 la commune a d\u2019embl\u00e9e s\u00e9duit le maire.<\/i><\/b><i><span style=\"font-weight: 400;\"> Attention, ici, il n\u2019y a aucun jugement, les maires font leur travail du mieux qu\u2019ils le peuvent, \u00e0 l\u2019ancienne, sans forc\u00e9ment avoir une grosse culture environnementale. <strong>Nous ne sommes pas un cas isol\u00e9, et dans la balance biodiversit\u00e9 versus \u00e9nergie, ils doivent se dire \u201c<\/strong><\/span><\/i><strong>Ohh \u00e7a va ramener de l\u2019argent et c\u2019est \u00e9colo, c\u2019est super.<i>\u00ab\u00a0<\/i><\/strong><\/p>\n<blockquote>\n<p><strong><i>De notre point de vue, c\u2019est <\/i><i>une forme d\u2019abus de confiance de la part des promoteurs,<\/i><i> car les petites communes donnent facilement leur accord \u00e0 des projets comme celui-ci ; <\/i><i>un peu comme les agriculteurs \u00e0 qui l\u2019on propose d\u2019installer sur leur parcelle du photovolta\u00efque, qui peuvent \u00eatre amen\u00e9s \u00e0 penser \u201c<\/i>\u00e7a va me rapporter plus que de cultiver mes salades<\/strong><b><i><strong>\u201d<\/strong><\/i><\/b><strong><i>. <\/i><i>Malheureusement, cela <\/i><i>a des cons\u00e9quences d\u00e9sastreuses pour l\u2019agriculture vivri\u00e8re.\u00a0<\/i><\/strong><\/p>\n<\/blockquote>\n<p><i><span style=\"font-weight: 400;\">\u00c0 l\u2019\u00e9poque, lorsque nous avons eu vent du projet, le projet avait ses d\u00e9fenseurs et ses opposants. <strong>Certains avan\u00e7aient qu\u2019il s\u2019agissait de jeunes pins, sans grande valeur environnementale, que ce n\u2019\u00e9tait pas une grosse perte, mais <a target=\"_blank\" href=\"https:\/\/mrmondialisation.org\/forets-abimees-regenerer-stocker-co2\/\">cette for\u00eat est un tr\u00e9sor pour l\u2019avenir.\u00a0<\/a><\/strong><\/span><\/i><\/p>\n<p><i><span style=\"font-weight: 400;\">J\u2019ai ralli\u00e9 le collectif cr\u00e9\u00e9 \u00e0 l\u2019\u00e9poque plut\u00f4t pour le c\u00f4t\u00e9 culturel, en proposant de<a target=\"_blank\" href=\"https:\/\/mrmondialisation.org\/contre-le-fascisme-cuarteto-tafi-chante-lexil\/\"><strong> soutenir leurs actions par des \u00e9v\u00e8nements musicaux.<\/strong><\/a> Puis notre petit groupe a souhait\u00e9\u00a0 transformer le collectif en association pour avoir plus de poids :<strong> c\u2019est comme \u00e7a qu\u2019est n\u00e9 Les S\u00e9rigons Terre Vivante.<\/strong><\/span><\/i><\/p>\n<p><i><span style=\"font-weight: 400;\">En creusant le sujet, nous avons pris conscience de <\/span><\/i><b><i>nombreuses d\u00e9faillances et du non-respect de certaines r\u00e8gles en vigueur<\/i><\/b><i><span style=\"font-weight: 400;\">, notamment le fait que <strong>la commune n\u2019ait pas fait de concertations avant le lancement du projet.<\/strong> Ajoutons \u00e0 cela le fait que l\u2019entreprise Valorem n\u2019ait pas suffisamment cherch\u00e9 d\u2019alternatives \u2013 ce qui est exig\u00e9 dans le cadre d\u2019une installation comme celle-ci, et a balay\u00e9 d\u2019office nos propositions d\u2019\u00e9tudier un projet sur une surface non naturelle<em>.<\/em><\/span><\/i><\/p>\n<figure id=\"attachment_1046406\" aria-describedby=\"caption-attachment-1046406\" style=\"width: 1024px\" class=\"wp-caption alignnone\"><img loading=\"lazy\" decoding=\"async\" class=\"wp-image-1046406 size-medium\" src=\"https:\/\/mrmondialisation.org\/wp-content\/uploads\/2025\/10\/foret-de-serigeons-1024x768.jpg\" alt=\"Avec toutes autorisations - Serigons terres vivantes \" width=\"1024\" height=\"768\" srcset=\"https:\/\/mrmondialisation.org\/wp-content\/uploads\/2025\/10\/foret-de-serigeons-1024x768.jpg 1024w, https:\/\/mrmondialisation.org\/wp-content\/uploads\/2025\/10\/foret-de-serigeons-1524x1143.jpg 1524w, https:\/\/mrmondialisation.org\/wp-content\/uploads\/2025\/10\/foret-de-serigeons-768x576.jpg 768w, https:\/\/mrmondialisation.org\/wp-content\/uploads\/2025\/10\/foret-de-serigeons-1536x1152.jpg 1536w, https:\/\/mrmondialisation.org\/wp-content\/uploads\/2025\/10\/foret-de-serigeons-696x522.jpg 696w, https:\/\/mrmondialisation.org\/wp-content\/uploads\/2025\/10\/foret-de-serigeons-1068x801.jpg 1068w, https:\/\/mrmondialisation.org\/wp-content\/uploads\/2025\/10\/foret-de-serigeons-560x420.jpg 560w, https:\/\/mrmondialisation.org\/wp-content\/uploads\/2025\/10\/foret-de-serigeons-80x60.jpg 80w, https:\/\/mrmondialisation.org\/wp-content\/uploads\/2025\/10\/foret-de-serigeons-265x198.jpg 265w, https:\/\/mrmondialisation.org\/wp-content\/uploads\/2025\/10\/foret-de-serigeons.jpg 1600w\" sizes=\"auto, (max-width: 1024px) 100vw, 1024px\"\/><figcaption id=\"caption-attachment-1046406\" class=\"wp-caption-text\">Avec toutes autorisations \u2013 Serigons terres vivantes<\/figcaption><\/figure>\n<p><i><span style=\"font-weight: 400;\">Tout cela a pourtant \u00e9t\u00e9 soulign\u00e9 lors de l\u2019enqu\u00eate publique de 2022 sur la modification du PLU, et <\/span><\/i><b><i>confirm\u00e9 par l\u2019avis de l\u2019Autorit\u00e9 environnementale,<\/i><\/b><i><span style=\"font-weight: 400;\"> bien que cet espace naturel devait \u00eatre transform\u00e9 en zone \u00e0 urbaniser avant d\u2019entamer l\u2019installation des panneaux. <\/span><\/i><b><i>L\u2019enqu\u00eateur public a mentionn\u00e9 que ce n\u2019\u00e9tait pas l\u2019espace id\u00e9al pour ce genre de projets<\/i><\/b><i><span style=\"font-weight: 400;\"> et a \u00e9mis des r\u00e9serves, d\u2019autant plus qu\u2019un autre parc avait \u00e9t\u00e9 construit \u00e0 3 km.\u00a0<\/span><\/i><i><span style=\"font-weight: 400;\">Il y a un argument massue pour les entreprises \u00e0 la recherche de la meilleure rentabilit\u00e9 possible : <\/span><\/i><\/p>\n<div class=\"td-a-rec td-a-rec-id-content_inline  tdi_1 td_block_template_1\">\n<span class=\"td-adspot-title\">&#8211; Pour une information libre ! &#8211;<\/span><a target=\"_blank\" href=\"https:\/\/fr.tipeee.com\/mr-mondialisation\" class=\"tipeee-project-small\">Soutenir Mr Japanization sur Tipeee<\/a>\n<\/div>\n<blockquote>\n<p><b><i>Cela co\u00fbte beaucoup moins cher de d\u00e9boiser une for\u00eat pour y implanter les panneaux photovolta\u00efques que de les installer sur des toits, sur un parking, ou une friche, d\u2019o\u00f9 leur f\u00e2cheuse tendance de chercher ce genre d\u2019espaces.<\/i><\/b><\/p>\n<\/blockquote>\n<p><i><span style=\"font-weight: 400;\">Suite \u00e0 notre mobilisation, <\/span><\/i><b><i>Valorem a d\u00fb refaire une \u00e9tude d\u2019impact<\/i><\/b><i><span style=\"font-weight: 400;\">, et ont <\/span><\/i><b><i>d\u00fb proposer une compensation \u00e0 la hauteur du pr\u00e9judice \u00e9cologique : la cr\u00e9ation d\u2019une r\u00e9serve int\u00e9grale dans une autre partie de la for\u00eat communale. <em>\u00bb<\/em><\/i><\/b><\/p>\n<h4><b>Mr Mondialisation : Pourquoi du photovolta\u00efque ici ?\u00a0<\/b><\/h4>\n<p><span style=\"font-weight: 400;\"><b>Laure de Swarte :<\/b> <i>\u00ab\u00a0<\/i>S<\/span><i><span style=\"font-weight: 400;\">ur le d\u00e9partement, il y a <strong>\u00e9norm\u00e9ment d\u2019espaces naturels, de soleil et un temps plut\u00f4t froid, ce qui est parfait pour les projets de photovolta\u00efques. <\/strong>Par\u00a0cons\u00e9quent, il est petit \u00e0 petit grappill\u00e9 par ce genre de projets mont\u00e9s \u00e0 la va-vite.\u00a0<\/span><\/i><\/p>\n<p><b><i>Rien n\u2019est pens\u00e9 sur le moyen long terme<\/i><\/b><i><span style=\"font-weight: 400;\">, et on fait toujours au moins cher pour les entreprises. Ajoutons \u00e0 cela<\/span><\/i><b><i> la pression qu\u2019exerce l\u2019\u00c9tat sur les collectivit\u00e9s avec un objectif de multiplier par 10 les panneaux photovolta\u00efque d\u2019ici 2030, et on obtient ce r\u00e9sultat.\u00a0<\/i><\/b><\/p>\n<figure id=\"attachment_1046403\" aria-describedby=\"caption-attachment-1046403\" style=\"width: 1024px\" class=\"wp-caption alignnone\"><img loading=\"lazy\" decoding=\"async\" class=\"wp-image-1046403 size-medium\" src=\"https:\/\/mrmondialisation.org\/wp-content\/uploads\/2025\/10\/foret-de-serigeons-2-1024x768.jpg\" alt=\"Avec toutes autorisations - Serigons terres vivantes\" width=\"1024\" height=\"768\" srcset=\"https:\/\/mrmondialisation.org\/wp-content\/uploads\/2025\/10\/foret-de-serigeons-2-1024x768.jpg 1024w, https:\/\/mrmondialisation.org\/wp-content\/uploads\/2025\/10\/foret-de-serigeons-2-1524x1143.jpg 1524w, https:\/\/mrmondialisation.org\/wp-content\/uploads\/2025\/10\/foret-de-serigeons-2-768x576.jpg 768w, https:\/\/mrmondialisation.org\/wp-content\/uploads\/2025\/10\/foret-de-serigeons-2-1536x1152.jpg 1536w, https:\/\/mrmondialisation.org\/wp-content\/uploads\/2025\/10\/foret-de-serigeons-2-696x522.jpg 696w, https:\/\/mrmondialisation.org\/wp-content\/uploads\/2025\/10\/foret-de-serigeons-2-1068x801.jpg 1068w, https:\/\/mrmondialisation.org\/wp-content\/uploads\/2025\/10\/foret-de-serigeons-2-560x420.jpg 560w, https:\/\/mrmondialisation.org\/wp-content\/uploads\/2025\/10\/foret-de-serigeons-2-80x60.jpg 80w, https:\/\/mrmondialisation.org\/wp-content\/uploads\/2025\/10\/foret-de-serigeons-2-265x198.jpg 265w, https:\/\/mrmondialisation.org\/wp-content\/uploads\/2025\/10\/foret-de-serigeons-2.jpg 1600w\" sizes=\"auto, (max-width: 1024px) 100vw, 1024px\"\/><figcaption id=\"caption-attachment-1046403\" class=\"wp-caption-text\">Avec toutes autorisations \u2013 Les Serigons terres vivantes<\/figcaption><\/figure>\n<p><b><i>Il est tellement plus facile pour un promoteur de d\u00e9boiser une zone naturelle que de contacter chaque propri\u00e9taire de maisons individuelles ou de centres commerciaux\u2026<\/i><\/b><i><span style=\"font-weight: 400;\"> Or, <\/span><\/i><i>nous sommes pour une \u00e9nergie propre et pour le photovolta\u00efque, mais mieux pens\u00e9s et surtout pas au d\u00e9triment des espaces naturels. <\/i><i>Notre devise est la suivante :<\/i><\/p>\n<blockquote>\n<p><strong>On pr\u00e9f\u00e8re les chants d\u2019oiseaux aux champs de panneaux.<\/strong><\/p>\n<\/blockquote>\n<p><i><span style=\"font-weight: 400;\">Ici, dans les Hautes-alpes, la population augmente d\u20191\u2009% par an et la consommation d\u2019\u00e9nergie d\u20191,5\u2009%. Ces implantations permettent donc plut\u00f4t aux gens de consommer plus alors que l\u2019enjeu est ailleurs :\u00a0 <\/span><\/i><b><i>aidons les gens \u00e0 r\u00e9fl\u00e9chir \u00e0 consommer moins d\u2019\u00e9nergie avant de d\u00e9velopper le parc \u00e9nerg\u00e9tique sans trop r\u00e9fl\u00e9chir aux impacts.<\/i><\/b><i><span style=\"font-weight: 400;\">\u00a0<\/span><\/i><i><span style=\"font-weight: 400;\">Nous sommes n\u00e9anmoins <\/span><\/i><b><i>conscients que la sobri\u00e9t\u00e9 ne suffira pas<\/i><\/b><i><span style=\"font-weight: 400;\">, car il faudra <\/span><\/i><b><i>rapidement \u00e9lectrifier nos usages, si l\u2019on veut atteindre la neutralit\u00e9 carbone. <em>\u00bb<\/em><\/i><\/b><\/p>\n<h4><b>Mr Mondialisation : Y a-t-il des esp\u00e8ces particuli\u00e8rement menac\u00e9es dans cette for\u00eat ?<\/b><b\/><\/h4>\n<p><b>Laure de Swarte :<\/b> <i><span style=\"font-weight: 400;\">\u00ab\u00a0L\u2019impact global est qualifi\u00e9 de <\/span><\/i><b>\u201cmod\u00e9r\u00e9 \u00e0 important\u201d<\/b><i><span style=\"font-weight: 400;\">. A minima, le <strong>g<\/strong><\/span><\/i><b><i>rand rhinolophe, une chauve souris prot\u00e9g\u00e9, l\u2019\u00e9cureuil roux et peut-\u00eatre la salamandre tachet\u00e9e<\/i><\/b><i><span style=\"font-weight: 400;\">, bien qu\u2019on en ait vue qu\u2019une fois avec la LPO \u2013 sont menac\u00e9s. C\u00f4t\u00e9 faune, il y a l\u2019astragale d\u2019autriche. Ces <a target=\"_blank\" href=\"https:\/\/mrmondialisation.org\/role-animaux-regeneration-forets\/\">animaux ont leur importance dans la pr\u00e9servation de la for\u00eat<\/a>.\u00a0<\/span><\/i><\/p>\n<figure id=\"attachment_1046408\" aria-describedby=\"caption-attachment-1046408\" style=\"width: 1024px\" class=\"wp-caption alignnone\"><img loading=\"lazy\" decoding=\"async\" class=\"wp-image-1046408 size-medium\" src=\"https:\/\/mrmondialisation.org\/wp-content\/uploads\/2025\/10\/grand-rhinolophe-1024x768.jpg\" alt=\"\" width=\"1024\" height=\"768\" srcset=\"https:\/\/mrmondialisation.org\/wp-content\/uploads\/2025\/10\/grand-rhinolophe-1024x768.jpg 1024w, https:\/\/mrmondialisation.org\/wp-content\/uploads\/2025\/10\/grand-rhinolophe-1524x1143.jpg 1524w, https:\/\/mrmondialisation.org\/wp-content\/uploads\/2025\/10\/grand-rhinolophe-768x576.jpg 768w, https:\/\/mrmondialisation.org\/wp-content\/uploads\/2025\/10\/grand-rhinolophe-1536x1152.jpg 1536w, https:\/\/mrmondialisation.org\/wp-content\/uploads\/2025\/10\/grand-rhinolophe-2048x1536.jpg 2048w, https:\/\/mrmondialisation.org\/wp-content\/uploads\/2025\/10\/grand-rhinolophe-696x522.jpg 696w, https:\/\/mrmondialisation.org\/wp-content\/uploads\/2025\/10\/grand-rhinolophe-1068x801.jpg 1068w, https:\/\/mrmondialisation.org\/wp-content\/uploads\/2025\/10\/grand-rhinolophe-560x420.jpg 560w, https:\/\/mrmondialisation.org\/wp-content\/uploads\/2025\/10\/grand-rhinolophe-80x60.jpg 80w, https:\/\/mrmondialisation.org\/wp-content\/uploads\/2025\/10\/grand-rhinolophe-265x198.jpg 265w\" sizes=\"auto, (max-width: 1024px) 100vw, 1024px\"\/><figcaption id=\"caption-attachment-1046408\" class=\"wp-caption-text\">Avec toutes autorisations \u2013 Grand Rhinolophe \u2013 Wikicommons<\/figcaption><\/figure>\n<p><i><span style=\"font-weight: 400;\">Nous avons tendance \u00e0 <strong>nous focaliser sur les esp\u00e8ces menac\u00e9es, alors qu\u2019il y a aussi toute la faune habituelle, comme les blaireaux, les renards et les oiseaux qui ont toute l\u00e9gitimit\u00e9 \u00e0 vivre<\/strong> ici m\u00eame s\u2019ils sont en plus grand nombre. <\/span><\/i><b><i>Seules 8 demi-journ\u00e9es d\u2019observations ont \u00e9t\u00e9 faites par le bureau d\u2019\u00e9tudes charg\u00e9 de l\u2019\u00e9tude d\u2019impact,<\/i><\/b><i><span style=\"font-weight: 400;\"> ce qui ne permet pas d\u2019avoir une vraie visibilit\u00e9. <strong>I<\/strong><\/span><\/i><b><i>l y a probablement plus d\u2019esp\u00e8ces qu\u2019on ne le croit<\/i><\/b><i><span style=\"font-weight: 400;\"> \u00e0 prot\u00e9ger. <em>\u00bb<\/em><\/span><\/i><\/p>\n<h4><b>Mr Mondialisation : Pourquoi cette implication dans le projet ? Qu\u2019est-ce qui vous a pouss\u00e9 vers celui-ci et pas un autre ?\u00a0<\/b><\/h4>\n<p><b>Laure de Swarte :<\/b> <i><span style=\"font-weight: 400;\">\u00ab\u00a0Le d\u00e9clencheur, \u00e7a a \u00e9t\u00e9 de se dire : \u201c<\/span><\/i><span style=\"font-weight: 400;\">mais on marche sur la t\u00eate<\/span><i><span style=\"font-weight: 400;\">\u201d, le non-sens politique dans ce type de choix\u2026 On a \u00e9t\u00e9 <\/span><\/i><b><i>directement confront\u00e9 au fait que ces d\u00e9cisions soient prises de fa\u00e7on \u00e9conomique<\/i><\/b><i><span style=\"font-weight: 400;\"> et de se dire que l\u00e0, on a la possibilit\u00e9 de s\u2019engager pour essayer d\u2019emp\u00eacher ces d\u00e9cisions rapides mal pens\u00e9es et destructives.\u00a0<\/span><\/i><\/p>\n<p><i><span style=\"font-weight: 400;\">Ce qui nous a fait rager aussi, c\u2019est que <\/span><\/i><b><i>ces espaces sont prot\u00e9g\u00e9s par la loi montagne,<\/i><\/b><i><span style=\"font-weight: 400;\"> par exemple, <\/span><\/i><b><i>mais pour chacune de ces lois environnementales, il y a des d\u00e9rogations qui sont syst\u00e9matiquement accord\u00e9es.<\/i><\/b><i><span style=\"font-weight: 400;\"> Or si des lois existent, ce n\u2019est pas pour qu\u2019on y d\u00e9roge pour des raisons financi\u00e8res. <em>\u00bb<\/em><\/span><\/i><\/p>\n<h4><b>Mr Mondialisation : Votre voie a-t-elle \u00e9t\u00e9 entendue par les collectivit\u00e9s concern\u00e9es ?<\/b><\/h4>\n<p><b>Laure de Swarte :<\/b><span style=\"font-weight: 400;\"> <i>\u00ab\u00a0<\/i><\/span><i><span style=\"font-weight: 400;\">Au niveau de la mairie, pas du tout ! Ce sont deux visions qui s\u2019affrontent : un homme de 80 ans avec une vision \u00e0 l\u2019ancienne de patriarche ; et la n\u00f4tre, qui est davantage dans une logique de pr\u00e9servation. <\/span><\/i><b><i>C\u2019est vraiment de <a target=\"_blank\" href=\"https:\/\/mrmondialisation.org\/orchidees-contre-beton-arme-la-premiere-zad-suisse-menacee-dexpulsion\/\">la m\u00e9connaissance totale des enjeux \u00e9cologiques<\/a> et on ne peut pas lui en vouloir.<\/i><\/b><i><span style=\"font-weight: 400;\">\u00a0<\/span><\/i><\/p>\n<p><i><span style=\"font-weight: 400;\">En ce moment se d\u00e9roule une deuxi\u00e8me enqu\u00eate publique, avec plus de 150 participations qui s\u2019opposent \u00e0 ce projet \u00e0 partir du recueil des informations citoyennes. En dernier lieu, ce sera au pr\u00e9fet de d\u00e9cider. <em>\u00bb<\/em><\/span><\/i><span style=\"font-weight: 400;\">\u00a0<\/span><\/p>\n<h4><b>Mr Mondialisation : est-ce que vous avez bon espoir que ce projet tombe \u00e0 l\u2019eau ?\u00a0<\/b><b\/><\/h4>\n<p><b>Laure de Swarte :<\/b> <i><span style=\"font-weight: 400;\">\u00ab\u00a0Nous n\u2019avons pas \u00e9t\u00e9 entendus par la mairie, mais <strong>nous avons travaill\u00e9 avec la <\/strong><\/span><\/i><strong><a target=\"_blank\" href=\"https:\/\/cliniques-juridiques.org\/cliniques\/clinique-juridique-de-lenvironnement\/\"><i>clinique juridique<\/i><\/a><\/strong><i><span style=\"font-weight: 400;\"><strong> de l\u2019Universit\u00e9 de Grenoble qui nous a donn\u00e9 d\u2019importants arguments l\u00e9gaux pour attaquer<\/strong> la d\u00e9cision du Pr\u00e9fet s\u2019il venait \u00e0 y \u00eatre favorable.\u00a0<\/span><\/i><\/p>\n<p><i><span style=\"font-weight: 400;\">Nous avons aussi relev\u00e9 comme risque et incoh\u00e9rence le fait que les arbres soient de v\u00e9ritables puits de carbone. Si on d\u00e9boisait pour y implanter <\/span><\/i><b><i>des panneaux qui chauffent jusqu\u2019\u00e0 80 degr\u00e9s \u2013 la zone peut devenir chaude et s\u00e8che et augmente les risques d\u2019incendies. De la m\u00eame mani\u00e8re, les risques d\u2019inondation sont aussi amplifi\u00e9s, car un tiers du parc est pr\u00e9vu en zone inondable.\u00a0<\/i><\/b><\/p>\n<p><i><span style=\"font-weight: 400;\">\u00c9videmment, aucun de ces arguments n\u2019a \u00e9t\u00e9 entendu par la mairie. Pourtant la for\u00eat prot\u00e8ge actuellement des zones habit\u00e9es et l\u2019<\/span><\/i><b><i>on sait qu\u2019avec le changement climatique, les mod\u00e9lisations actuelles des d\u00e9bits de crue ne sont plus fiables.<\/i><\/b><\/p>\n<p><i><span style=\"font-weight: 400;\">Ceci dit, <\/span><\/i><b><i>entre la pression sociale de notre mobilisation, celle des quelques articles de presse et quelques sursauts sur les r\u00e9seaux sociaux<\/i><\/b><i><span style=\"font-weight: 400;\">, associ\u00e9s aux zones de flou juridique\u2026 Nous avons pl\u00e9thor d\u2019arguments pour inciter le pr\u00e9fet \u00e0 ne pas valider ce projet. <\/span><\/i><b><i>Notre association, <\/i><\/b><i>accompagn\u00e9e par la SAPN \/ FNE<\/i><b><i> n\u2019h\u00e9sitera pas \u00e0 aller au tribunal administratif si l\u2019autorisation est donn\u00e9e par la pr\u00e9fecture. <\/i><\/b><\/p>\n<p><i><span style=\"font-weight: 400;\">En tout cas s\u2019ils commencent \u00e0 d\u00e9boiser, <strong>on appellera les \u00e9cureuils des Soul\u00e8vements de la Terre. <em>\u00bb<\/em><\/strong><\/span><\/i><\/p>\n<h4><b>Mr Mondialisation : Vous \u00eates vous inspir\u00e9s d\u2019autres luttes locales pour d\u00e9fendre Serigons ?<\/b><b\/><\/h4>\n<p><b>Laure de Swarte :<\/b> <i><span style=\"font-weight: 400;\">\u00ab\u00a0Pas tant que \u00e7a bizarrement, \u00e0 part <\/span><\/i><a target=\"_blank\" href=\"https:\/\/amilure.org\/\"><i><span style=\"font-weight: 400;\">Amilure<\/span><\/i><\/a><i><span style=\"font-weight: 400;\">, <\/span><\/i><b><i>qui est assez proche sur le combat et le lieu.<\/i><\/b><i><span style=\"font-weight: 400;\"> [ndlr : AMILURE, s\u2019est battu contre un projet de 600 hectares de photovolta\u00efques implant\u00e9s. Le tribunal administratif de Marseille a interdit \u00e0 l\u2019entreprise de terminer ses travaux, car ils n\u2019avaient pas cherch\u00e9 de lieu alternatif.] C\u2019est <\/span><\/i><b><i>tr\u00e8s inspirant et encourageant de travailler avec cette association.<\/i><\/b><i><span style=\"font-weight: 400;\"> C\u2019est gr\u00e2ce \u00e0 elle qu\u2019il y a eu ces d\u00e9marches administratives, m\u00eame si la montagne a \u00e9t\u00e9 d\u00e9figur\u00e9e.<\/span><\/i><\/p>\n<p><i><span style=\"font-weight: 400;\"><strong>Avec le collectif, on a une conscience environnementale et des valeurs, mais on n\u2019est pas dans les r\u00e9seaux militants.<\/strong> Autour de nous, ce n\u2019est pas forc\u00e9ment des gens qui sont militants de longue date, mais le sont devenus. C\u2019est \u00e7a qui est fait la beaut\u00e9 de cette association.\u00a0<\/span><\/i><i><span style=\"font-weight: 400;\">Ce projet nous a sembl\u00e9 tellement absurde, \u00e0 contre-courant des probl\u00e9matiques de notre \u00e9poque que \u00e7a nous a amen\u00e9 \u00e0 nous engager. <em>\u00bb<\/em><\/span><\/i><\/p>\n<h4><b>Mr Mondialisation : Pour nos lecteurs, comment pourrait-on vous aider ?<\/b><b\/><\/h4>\n<p><b>Laure de Swarte : <\/b><span style=\"font-weight: 400;\"> <i>\u00ab\u00a0<\/i><\/span><i><span style=\"font-weight: 400;\">Vous pouvez faire un don sur notre cagnotte <\/span><\/i><a target=\"_blank\" href=\"http:\/\/helloasso.\"><i><span style=\"font-weight: 400;\">HelloAsso<\/span><\/i><\/a><i><span style=\"font-weight: 400;\"> et y adh\u00e9rer \u00e0 partir d\u2019un euro. Lorsque l\u2019on fait des balades artistiques, des vides greniers, etc, <\/span><\/i><b><i>l\u2019argent est r\u00e9colt\u00e9 pour financer notre communication et nos actions.\u00a0<\/i><\/b><\/p>\n<p><i><span style=\"font-weight: 400;\">Le 27 septembre dernier, <strong>nous avons fait une balade artistique, avec des acrobates, des musiciens, et nous avons r\u00e9colt\u00e9 400 euros en tout. <em>\u00bb<\/em><\/strong><\/span><\/i><\/p>\n<figure id=\"attachment_1046404\" aria-describedby=\"caption-attachment-1046404\" style=\"width: 1024px\" class=\"wp-caption alignnone\"><img loading=\"lazy\" decoding=\"async\" class=\"wp-image-1046404 size-medium\" src=\"https:\/\/mrmondialisation.org\/wp-content\/uploads\/2025\/10\/foret-de-serigeons-animation-2-1024x768.jpg\" alt=\"Avec toutes autorisations - Serigons terres vivantes \" width=\"1024\" height=\"768\" srcset=\"https:\/\/mrmondialisation.org\/wp-content\/uploads\/2025\/10\/foret-de-serigeons-animation-2-1024x768.jpg 1024w, https:\/\/mrmondialisation.org\/wp-content\/uploads\/2025\/10\/foret-de-serigeons-animation-2-1524x1143.jpg 1524w, https:\/\/mrmondialisation.org\/wp-content\/uploads\/2025\/10\/foret-de-serigeons-animation-2-768x576.jpg 768w, https:\/\/mrmondialisation.org\/wp-content\/uploads\/2025\/10\/foret-de-serigeons-animation-2-1536x1152.jpg 1536w, https:\/\/mrmondialisation.org\/wp-content\/uploads\/2025\/10\/foret-de-serigeons-animation-2-696x522.jpg 696w, https:\/\/mrmondialisation.org\/wp-content\/uploads\/2025\/10\/foret-de-serigeons-animation-2-1068x801.jpg 1068w, https:\/\/mrmondialisation.org\/wp-content\/uploads\/2025\/10\/foret-de-serigeons-animation-2-560x420.jpg 560w, https:\/\/mrmondialisation.org\/wp-content\/uploads\/2025\/10\/foret-de-serigeons-animation-2-80x60.jpg 80w, https:\/\/mrmondialisation.org\/wp-content\/uploads\/2025\/10\/foret-de-serigeons-animation-2-265x198.jpg 265w, https:\/\/mrmondialisation.org\/wp-content\/uploads\/2025\/10\/foret-de-serigeons-animation-2.jpg 2040w\" sizes=\"auto, (max-width: 1024px) 100vw, 1024px\"\/><figcaption id=\"caption-attachment-1046404\" class=\"wp-caption-text\">Avec toutes autorisations \u2013 Serigons terres vivantes<\/figcaption><\/figure>\n<h4><b>Mr Mondialisation : Quels conseils donneriez-vous \u00e0 quelqu\u2019un qui veut se lancer dans une lutte locale ?\u00a0<\/b><b\/><\/h4>\n<p><b>Laure de Swarte :<\/b> <a target=\"_blank\" href=\"https:\/\/mrmondialisation.org\/patates-contre-beton-une-zad-au-coeur-de-la-provence\/\"><i><span style=\"font-weight: 400;\">\u00ab\u00a0D\u2019abord, <strong>je pense qu\u2019il faut <\/strong><\/span><\/i><strong><i>\u00eatre tr\u00e8s patient <\/i><\/strong><i><span style=\"font-weight: 400;\"><strong>parce que c\u2019est un combat de longue haleine.<\/strong>\u00a0<\/span><\/i><\/a><i><span style=\"font-weight: 400;\">Aussi, <strong>il ne faut <\/strong><\/span><\/i><b><i>pas n\u00e9gliger les r\u00e9seaux au sens large du terme<\/i><\/b><i><span style=\"font-weight: 400;\">, que ce soit le r\u00e9seau presse, les autres associations du m\u00eame type et les r\u00e9seaux sociaux. <\/span><\/i><\/p>\n<p><b><i>Il faut faire du liens : nous l\u2019avons fait<\/i><\/b><i><span style=\"font-weight: 400;\">\u00a0avec d\u2019autres associations comme la Soci\u00e9t\u00e9 Alpine de Protection de la Nature (<\/span><\/i><a target=\"_blank\" href=\"https:\/\/www.sapn05.org\/presentation#:~:text=La%20Soci%C3%A9t%C3%A9%20Alpine%20de%20Protection,de%20son%20environnement%20depuis%201976.\"><i><span style=\"font-weight: 400;\">SAPN<\/span><\/i><\/a><i><span style=\"font-weight: 400;\">), qui est affili\u00e9e \u00e0 la France Nature Environnement (<\/span><\/i><a target=\"_blank\" href=\"https:\/\/fne.asso.fr\/\"><i><span style=\"font-weight: 400;\">FNE<\/span><\/i><\/a><i><span style=\"font-weight: 400;\">), <\/span><\/i><a target=\"_blank\" href=\"https:\/\/negawatt.org\/L-Association-negaWatt\"><i><span style=\"font-weight: 400;\">N\u00e9gawatt<\/span><\/i><\/a><i><span style=\"font-weight: 400;\">, qui travaille sur un mod\u00e8le \u00e9nerg\u00e9tique environnemental, pour r\u00e9fl\u00e9chir et proposer aux institutions un mod\u00e8le plus durable. On travaille aussi avec la LPO qui nous aide \u00e0 identifier les esp\u00e8ces \u00e0 d\u00e9fendre.<\/span><\/i><\/p>\n<p><strong><i>Enfin, il faut <\/i><i>garder espoir<\/i><\/strong><i><span style=\"font-weight: 400;\"><strong>, car on peut vite \u00eatre d\u00e9courag\u00e9, mais petit \u00e0 petit, on est rep\u00e9r\u00e9,<\/strong> on est connu et le projet avance. C\u2019est \u00e0 la port\u00e9e de tout le monde : \u00e0 part Robert, mon conjoint, personne n\u2019\u00e9tait sp\u00e9cialement connaisseur, pourtant l\u2019association a rapidement pris de l\u2019ampleur. <\/span><\/i><\/p>\n<blockquote>\n<p><b><i>Il n\u2019y a pas besoin d\u2019\u00eatre un grand sp\u00e9cialiste pour s\u2019investir.<\/i><\/b><\/p>\n<\/blockquote>\n<p><i><span style=\"font-weight: 400;\">Enfin, m\u00eame pour <\/span><\/i><b><i>les probl\u00e9matiques d\u2019\u00e9coanxi\u00e9t\u00e9<\/i><\/b><i><span style=\"font-weight: 400;\">, <\/span><\/i><b><i>la meilleure th\u00e9rapie reste l\u2019action,<\/i><\/b> <b><i>ce n\u2019est pas n\u00e9cessaire d\u2019aller sauver le monde \u00e0 grande \u00e9chelle, et il est plus simple de s\u2019investir sur un projet local. <em>\u00bb<\/em><\/i><\/b><\/p>\n<p style=\"text-align: right;\"><em>\u2013 <strong>Maureen Damman<\/strong><\/em><\/p>\n<div class=\"td-a-rec td-a-rec-id-content_bottom  tdi_2 td_block_template_1\">\n<span class=\"td-adspot-title\">&#8211; Cet article gratuit et ind\u00e9pendant existe gr\u00e2ce \u00e0 vous &#8211;<\/span><\/p>\n<div class=\"td-all-devices\">\n    <a target=\"_blank\" href=\"https:\/\/mrmondialisation.org\/donation\/\" title=\"Faire_un_don\"><img decoding=\"async\" class=\"donationArticle\" src=\"https:\/\/mrmondialisation.org\/wp-content\/uploads\/2022\/12\/220405-flikalicious-final.jpg\" alt=\"Donation\"\/><\/a>\n<\/div>\n<\/div><\/div>\n<p><br \/>\n<br \/><a href=\"https:\/\/mrmondialisation.org\/hautes-alpes-foret-industrie-photovoltaique\/\" target=\"_blank\"\">Source link <\/a><\/p>\n","protected":false},"excerpt":{"rendered":"<p>De plus en plus de projets industriels sont justifi\u00e9s au nom de la transition \u00e9cologique, souvent pilot\u00e9s par de grandes entreprises en qu\u00eate de rentabilit\u00e9. Sous couvert de produire de&hellip; <\/p>\n","protected":false},"author":1,"featured_media":17633,"comment_status":"open","ping_status":"open","sticky":false,"template":"","format":"standard","meta":{"footnotes":""},"categories":[1],"tags":[],"class_list":["post-17632","post","type-post","status-publish","format-standard","has-post-thumbnail","hentry","category-non-classe"],"_links":{"self":[{"href":"https:\/\/monde25.info\/index.php\/wp-json\/wp\/v2\/posts\/17632","targetHints":{"allow":["GET"]}}],"collection":[{"href":"https:\/\/monde25.info\/index.php\/wp-json\/wp\/v2\/posts"}],"about":[{"href":"https:\/\/monde25.info\/index.php\/wp-json\/wp\/v2\/types\/post"}],"author":[{"embeddable":true,"href":"https:\/\/monde25.info\/index.php\/wp-json\/wp\/v2\/users\/1"}],"replies":[{"embeddable":true,"href":"https:\/\/monde25.info\/index.php\/wp-json\/wp\/v2\/comments?post=17632"}],"version-history":[{"count":0,"href":"https:\/\/monde25.info\/index.php\/wp-json\/wp\/v2\/posts\/17632\/revisions"}],"wp:featuredmedia":[{"embeddable":true,"href":"https:\/\/monde25.info\/index.php\/wp-json\/wp\/v2\/media\/17633"}],"wp:attachment":[{"href":"https:\/\/monde25.info\/index.php\/wp-json\/wp\/v2\/media?parent=17632"}],"wp:term":[{"taxonomy":"category","embeddable":true,"href":"https:\/\/monde25.info\/index.php\/wp-json\/wp\/v2\/categories?post=17632"},{"taxonomy":"post_tag","embeddable":true,"href":"https:\/\/monde25.info\/index.php\/wp-json\/wp\/v2\/tags?post=17632"}],"curies":[{"name":"wp","href":"https:\/\/api.w.org\/{rel}","templated":true}]}}