{"id":17634,"date":"2025-10-14T18:53:38","date_gmt":"2025-10-14T16:53:38","guid":{"rendered":"https:\/\/monde25.info\/index.php\/2025\/10\/14\/700-super-sparte-cest-gaza\/"},"modified":"2025-10-14T18:53:38","modified_gmt":"2025-10-14T16:53:38","slug":"700-super-sparte-cest-gaza","status":"publish","type":"post","link":"https:\/\/monde25.info\/index.php\/2025\/10\/14\/700-super-sparte-cest-gaza\/","title":{"rendered":"700 : Super-Sparte, c\u2019est Gaza"},"content":{"rendered":"<p> <br \/>\n<\/p>\n<div>\n<ol class=\"campaign-loop campaign-list\">\n<li id=\"campaign-482494\" class=\"post-482494 campaign type-campaign status-publish hentry campaign-has-goal campaign-has-not-achieved-goal campaign-has-end-date campaign-has-not-ended\">\n\t<a target=\"_blank\" href=\"https:\/\/reseauinternational.net\/campaigns\/campagne-de-dons-septembre-octobre-2025\/\"><\/p>\n<h3>Campagne de dons Octobre 2025<\/h3>\n<p>\t\t\t<\/a><\/p>\n<p>\n\tAppel aux dons \u2013 Votre soutien nous est indispensable pour continuer \u00e0 vous fournir le meilleur de l\u2019information internationale alternative. C\u2019est gr\u00e2ce \u00e0 vos dons que nous pourrons maintenir le cap pour une information plurielle et r\u00e9ellement alternative. Nous comptons sur vous.<\/p>\n<p>\n<span class=\"amount\">11 420,87\u00a0\u20ac<\/span> de l\u2019objectif de <span class=\"goal-amount\">25 000,00\u00a0\u20ac<\/span> atteint<\/p>\n<\/li>\n<\/ol>\n<p>par <strong>Azzedine Kaamil A\u00eft-Ameur<\/strong><\/p>\n<p><strong>L\u2019expression lanc\u00e9e par Netanyahou se retourne aujourd\u2019hui contre lui.<\/strong><br \/><strong>\u00ab<em>Quand il glorifie Sparte, c\u2019est Gaza qui incarne la vraie force<\/em>\u00bb.<\/strong><\/p>\n<h5 class=\"wp-block-heading\"><strong>700 contre 300<\/strong><\/h5>\n<p>Les historiens se souviennent : les trois cents Spartiates n\u2019\u00e9taient pas seuls.<br \/>Ils tenaient le d\u00e9fil\u00e9 des Thermopyles avec l\u2019appui de plusieurs cit\u00e9s grecques ; leur r\u00e9sistance de trois jours permit \u00e0 Ath\u00e8nes de se pr\u00e9parer.<br \/>C\u2019\u00e9tait un acte h\u00e9ro\u00efque, certes, mais aussi une strat\u00e9gie calcul\u00e9e, soutenue par leurs alli\u00e9s.<\/p>\n<p>Gaza, elle, <strong>n\u2019avait presque personne<\/strong>.<br \/><strong>Hormis la fid\u00e9lit\u00e9 des r\u00e9sistances libanaise et y\u00e9m\u00e9nite<\/strong>, elle a \u00e9t\u00e9 trahie par les monarchies arabes, abandonn\u00e9e par son voisin \u00e9gyptien, et ignor\u00e9e par les nations qui se disent civilis\u00e9es.<br \/>Et pourtant, <strong>elle a tenu non pas trois jours, mais plus de sept cents.<\/strong><\/p>\n<p><strong>Sans renforts, sans aviation, sans blind\u00e9s, sans ravitaillement, face \u00e0 une arm\u00e9e sur\u00e9quip\u00e9e \u2013 <\/strong>la plus moderne du Proche-Orient \u2013 soutenue sans rel\u00e2che par l\u2019Europe et les \u00c9tats-Unis.<br \/>D\u00e8s le premier jour, les bombes tombaient, les convois humanitaires \u00e9taient bloqu\u00e9s, les \u00e9glises et les mosqu\u00e9es bombard\u00e9es, les h\u00f4pitaux ras\u00e9s, les journalistes et les soignants vis\u00e9s ; femmes et enfants p\u00e9rissaient dans des camps de fortune incendi\u00e9s ; m\u00eame les morts n\u2019\u00e9taient pas \u00e9pargn\u00e9s.<br \/>Et pourtant, <strong>la r\u00e9sistance ne s\u2019est pas effondr\u00e9e.<\/strong><\/p>\n<p>Elle a transform\u00e9 le si\u00e8ge en symbole, l\u2019isolement en discipline, la faim en foi.<br \/><strong>Les 300 avaient Sparte derri\u00e8re eux.<br \/>Les 700, eux, n\u2019avaient que Gaza \u2013 et cela a suffi.<\/strong><\/p>\n<p>Car Sparte n\u2019\u00e9tait pas celle qui poss\u00e9dait les armes les plus sophistiqu\u00e9es, ni les soutiens les plus puissants : c\u2019\u00e9tait celle qui r\u00e9sistait, encercl\u00e9e, mais debout.<br \/>Gaza, bien que profond\u00e9ment meurtrie apr\u00e8s plus de sept cents jours d\u2019assaut, reste habit\u00e9e par une population qui continue de lutter pour sa survie. Elle a surv\u00e9cu \u2013 non pas gr\u00e2ce \u00e0 la technologie, mais gr\u00e2ce \u00e0 la coh\u00e9sion, \u00e0 la foi et \u00e0 la conviction qu\u2019il existe des causes plus fortes que la peur.<br \/><strong>Face \u00e0 elle, l\u2019arm\u00e9e la plus moderne du Proche-Orient, soutenue sans rel\u00e2che par l\u2019Occident, a d\u00e9vers\u00e9 sur Gaza l\u2019\u00e9quivalent d\u2019Hiroshima et Nagasaki r\u00e9unis : des bombes d\u2019une tonne sur des quartiers dens\u00e9ment peupl\u00e9s, une pluie de feu sur les h\u00f4pitaux, les \u00e9coles, les camps de r\u00e9fugi\u00e9s. L\u2019objectif n\u2019\u00e9tait plus militaire \u2013 il \u00e9tait d\u2019an\u00e9antissement. Et pourtant, la victoire leur a \u00e9chapp\u00e9.<\/strong><\/p>\n<p>Les tonnes de munitions livr\u00e9es, les campagnes m\u00e9diatiques, les blocus et la famine impos\u00e9e n\u2019ont pas bris\u00e9 la r\u00e9sistance : <strong>ils l\u2019ont d\u00e9finie.<\/strong><\/p>\n<p>La v\u00e9ritable \u00abSuper-Sparte\u00bb est celle qui tient malgr\u00e9 tout, dans la p\u00e9nombre des abris, au milieu des ruines, o\u00f9 l\u2019esprit de communaut\u00e9 devient un rempart.<br \/>Ce que Netanyahou a appel\u00e9 \u00abSparte\u00bb, c\u2019est l\u2019image invers\u00e9e de Gaza qu\u2019il porte dans son inconscient : un <strong>fantasme d\u2019admiration refoul\u00e9e<\/strong> <strong>pour le courage et la force morale que ni lui, ni son arm\u00e9e ne poss\u00e8de.<\/strong><\/p>\n<h5 class=\"wp-block-heading has-text-align-center\">*<\/h5>\n<h5 class=\"wp-block-heading\"><strong>Gaza, camp d\u2019extermination du XXIe si\u00e8cle<\/strong><\/h5>\n<p>Quand le mensonge devient une strat\u00e9gie d\u2019\u00c9tat, la propagande n\u2019est plus une simple communication : elle devient la preuve qu\u2019on cherche \u00e0 dissimuler l\u2019indicible.<br \/>Depuis des mois, des preuves s\u2019accumulent : pendant que Gaza subissait la faim, les bombardements et le si\u00e8ge, le pouvoir isra\u00e9lien finan\u00e7ait une machine mondiale de manipulation de l\u2019opinion \u2013 publicit\u00e9s, influenceurs, contenus sponsoris\u00e9s, campagnes coordonn\u00e9es.<\/p>\n<p><strong>Un \u00c9tat qui d\u00e9pense des millions pour nier la famine admet implicitement qu\u2019elle existe ; on ne paie pas pour dire la v\u00e9rit\u00e9, on paie pour l\u2019ensevelir.<br \/>Et lorsqu\u2019il interdit aux journalistes d\u2019entrer \u00e0 Gaza, ce n\u2019est pas pour prot\u00e9ger des secrets militaires : c\u2019est pour emp\u00eacher le monde de voir ce qu\u2019il a d\u00e9j\u00e0 d\u00e9cid\u00e9 d\u2019effacer.<\/strong><\/p>\n<p>D\u00e8s le d\u00e9but de l\u2019ann\u00e9e 2024 , alors que l\u2019ONU et les ONG alertaient sur la catastrophe humanitaire, l\u2019agence publique Lapam d\u00e9boursait plus de 50 millions de dollars pour diffuser des images de march\u00e9s \u00ababondants\u00bb et de restaurants \u00abouverts\u00bb.<br \/>Ces budgets incluaient la production de vid\u00e9os virales, l\u2019achat d\u2019espaces dans les m\u00e9dias occidentaux, la formation de porte-paroles et des tourn\u00e9es diplomatiques coordonn\u00e9es.<br \/>Un syst\u00e8me industriel de fabrication du r\u00e9cit \u2013 non une simple communication gouvernementale.<br \/>Mais travestir la v\u00e9rit\u00e9, c\u2019est d\u00e9j\u00e0 la reconna\u00eetre.<br \/><strong>Lorsqu\u2019un pouvoir consacre autant d\u2019\u00e9nergie \u00e0 nier l\u2019\u00e9vidence \u2013 la faim, la mort, la destruction \u2013 il confirme que la v\u00e9rit\u00e9 est contre lui.<\/strong><\/p>\n<h5 class=\"wp-block-heading has-text-align-center\">*<\/h5>\n<h5 class=\"wp-block-heading\"><strong>Une strat\u00e9gie d\u2019an\u00e9antissement organis\u00e9e<\/strong><\/h5>\n<p>La violence exerc\u00e9e sur Gaza d\u00e9passe le cadre militaire.<br \/>Elle prend la forme d\u2019un si\u00e8ge m\u00e9thodique : privation d\u2019eau, de nourriture, de soins, de tout ce qui permet de survivre.<br \/>Cette strat\u00e9gie, combinant destruction rapide par les bombes et destruction lente par la faim, rappelle tragiquement les logiques historiques d\u2019extermination : enfermer, isoler, \u00e9puiser jusqu\u2019\u00e0 la disparition.<\/p>\n<p><strong>Gaza est aujourd\u2019hui un camp d\u2019extermination \u00e0 ciel ouvert \u2013 une enclave verrouill\u00e9e, bombard\u00e9e et affam\u00e9e depuis deux ans, avec au bas mot 67 000 morts et plus de 168 000 bless\u00e9s, hommes, femmes et enfants. Une population enti\u00e8re est soumise \u00e0 une double m\u00e9canique :<\/strong><\/p>\n<ul class=\"wp-block-list\">\n<li><strong>la mise \u00e0 mort rapide, par les frappes a\u00e9riennes et les bombardements ;<\/strong><\/li>\n<li><strong>la mise \u00e0 mort lente, par le blocus, la faim et l\u2019absence de soins.<\/strong><\/li>\n<\/ul>\n<p>Ce si\u00e8ge n\u2019est pas un accident de la guerre : c\u2019est une extermination planifi\u00e9e. Chaque camion d\u2019aide retard\u00e9, chaque convoi bloqu\u00e9, chaque point d\u2019eau d\u00e9truit s\u2019inscrit dans une logique de contr\u00f4le total.<\/p>\n<p><strong>Le monde le sait ; le monde regarde ; et le monde se tait.<\/strong><\/p>\n<h5 class=\"wp-block-heading has-text-align-center\">*<\/h5>\n<h5 class=\"wp-block-heading\"><strong>La guerre du r\u00e9cit<\/strong><\/h5>\n<p>Quand le pouvoir perd la bataille du terrain, il tente de gagner celle du r\u00e9cit.<br \/>Le Premier ministre du crime, lui-m\u00eame l\u2019a reconnu : l\u2019entit\u00e9 isra\u00e9lienne n\u2019a pas seulement perdu sur le champ militaire, il a perdu <strong>le narratif<\/strong>.<br \/>Et dans une \u00e9poque o\u00f9 la v\u00e9rit\u00e9 circule plus vite que la censure, cette d\u00e9faite symbolique est plus lourde qu\u2019une d\u00e9b\u00e2cle.<br \/>Il a m\u00eame \u00e9voqu\u00e9 TikTok comme l\u2019arme principale de cette guerre d\u2019influence, sugg\u00e9rant que, pour \u00abr\u00e9cup\u00e9rer\u00bb le narratif, il faudrait tout simplement <strong>racheter la plateforme<\/strong>.<br \/>Ainsi se r\u00e9sume notre \u00e9poque : on ne cherche plus \u00e0 convaincre, mais \u00e0 <strong>acheter la conversation.<\/strong><\/p>\n<p>Ce constat ach\u00e8ve de d\u00e9voiler la nature du pouvoir isra\u00e9lien contemporain : un r\u00e9gime qui, apr\u00e8s avoir tent\u00e9 d\u2019\u00e9craser la r\u00e9sistance par la force, cherche d\u00e9sormais \u00e0 <strong>coloniser la perception mondiale.<\/strong><br \/>Mais il est trop tard. Le flux num\u00e9rique, incontr\u00f4lable, a donn\u00e9 voix \u00e0 ceux qu\u2019on voulait r\u00e9duire au silence.<br \/>Chaque vid\u00e9o d\u2019un enfant affam\u00e9, chaque t\u00e9moignage d\u2019un m\u00e9decin ou d\u2019un journaliste palestinien est venu fissurer le r\u00e9cit officiel, jusqu\u2019\u00e0 le rendre ind\u00e9fendable.<\/p>\n<h5 class=\"wp-block-heading has-text-align-center\">*<\/h5>\n<h5 class=\"wp-block-heading\"><strong>Le combat du r\u00e9cit<\/strong><\/h5>\n<p>Face \u00e0 cette entreprise de n\u00e9gation, le combat n\u2019est plus seulement militaire ou diplomatique : il est narratif.<br \/>Il s\u2019agit de faire entendre les voix des victimes, des m\u00e9decins, des journalistes, des juristes \u2013 ceux qui t\u00e9moignent de ce qui ne peut plus \u00eatre effac\u00e9.<br \/>L\u2019histoire retiendra que, lorsque le pouvoir a commenc\u00e9 \u00e0 payer pour travestir la v\u00e9rit\u00e9, c\u2019est qu\u2019il savait qu\u2019il commettait l\u2019inavouable.<\/p>\n<h5 class=\"wp-block-heading\"><strong>Courage, Honneur et Dignit\u00e9<\/strong><\/h5>\n<p><strong>L\u2019entit\u00e9 isra\u00e9lienne ne manquera jamais d\u2019investisseurs pour tenter de redorer une image depuis longtemps ternie ; elle pourra tout acheter, sauf ce qui lui manque : le courage, l\u2019honneur et la dignit\u00e9.<br \/>Ces vertus ne s\u2019acqui\u00e8rent ni \u00e0 la bourse, ni dans les arsenaux, et pourtant ce sont elles qui d\u00e9cident du sens d\u2019une guerre.<\/strong><\/p>\n<p>Comme l\u2019a rappel\u00e9, dans un geste tragiquement lucide, le soldat am\u00e9ricain <strong>Aaron Bushnell<\/strong>, le <strong>25 f\u00e9vrier 2024<\/strong>, devant <strong>l\u2019ambassade d\u2019Isra\u00ebl \u00e0 Washington D.C. :<\/strong><\/p>\n<p><em><strong>\u00abJe m\u2019appelle Aaron Bushnell, je suis un membre en service actif de l\u2019arm\u00e9e de l\u2019air des \u00c9tats-Unis et je ne serai plus complice d\u2019un g\u00e9nocide. (\u2026) Je suis sur le point de m\u2019engager dans un acte de protestation extr\u00eame, mais compar\u00e9 \u00e0 ce que les gens ont v\u00e9cu en Palestine aux mains de leurs colonisateurs, ce n\u2019est pas extr\u00eame du tout\u00bb.<\/strong><\/em><\/p>\n<p>Et il eut le temps d\u2019ajouter, dans un dernier cri de douleur : <em><strong>\u00abFree Palestine !<\/strong><\/em><em><strong>\u00bb<\/strong><\/em><\/p>\n<p>Son acte n\u2019\u00e9tait pas une fuite, mais une accusation \u2013 celle d\u2019un homme qui avait compris que la v\u00e9ritable puissance ne r\u00e9side pas dans les bombes, mais dans la conscience.<\/p>\n<p>On peut acheter des munitions, des influenceurs et des narratifs ; <strong>on ne peut pas acheter la droiture.<\/strong><\/p>\n<h5 class=\"wp-block-heading has-text-align-center\">*<\/h5>\n<p><strong>La \u00abSuper-Sparte\u00bb, c\u2019est Gaza : non pas la cit\u00e9 des conqu\u00e9rants, mais celle des assi\u00e9g\u00e9s qui tiennent.<br \/>La force ne se mesure plus en puissance de feu, mais en enracinement : c\u2019est la l\u00e9gitimit\u00e9 d\u2019un peuple pr\u00eat \u00e0 tout perdre, sauf sa terre.<br \/>Car le vrai droit d\u2019habiter un pays appartient \u00e0 ceux qui restent quand tout s\u2019effondre \u2013 pas \u00e0 ceux qui plient bagage avant m\u00eame d\u2019\u00eatre chass\u00e9s.<\/strong><\/p>\n<p><strong>Notes<\/strong><strong\/><\/p>\n<p><strong>Convention de Gen\u00e8ve IV relative \u00e0 la protection des personnes civiles en temps de guerre, art. 33, 1949<\/strong><br \/><a target=\"_blank\" href=\"https:\/\/ihl-databases.icrc.org\/fr\/ihl-treaties\/gciv-1949\/article-33\">https:\/\/ihl-databases.icrc.org\/fr\/ihl-treaties\/gciv-1949\/article-33<\/a><\/p>\n<p><strong>Protocole additionnel I aux Conventions de Gen\u00e8ve, art. 54, 1977<\/strong><br \/><a target=\"_blank\" href=\"https:\/\/ihl-databases.icrc.org\/fr\/ihl-treaties\/api-1977\/article-54\">https:\/\/ihl-databases.icrc.org\/fr\/ihl-treaties\/api-1977\/article-54<\/a><\/p>\n<p><strong>CIJ \u2013 Ordonnance sur les mesures conservatoires dans l\u2019affaire <\/strong><em>Afrique du Sud c. Isra\u00ebl<\/em><strong><em> <\/em><\/strong><strong>(Convention sur le g\u00e9nocide), 26 janvier 2024<\/strong><br \/><a target=\"_blank\" href=\"https:\/\/www.icj-cij.org\/fr\/affaire\/application-de-la-convention-sur-le-genocide-en-palestine\">https:\/\/www.icj-cij.org\/fr\/affaire\/application-de-la-convention-sur-le-genocide-en-palestine<\/a><\/p>\n<p><strong>CPI \u2013 D\u00e9claration du Procureur Karim A.A. Khan KC sur la demande de mandats d\u2019arr\u00eat, 20 mai 2024<\/strong><br \/><a target=\"_blank\" href=\"https:\/\/www.icc-cpi.int\/news\/prosecutor-karim-aa-khan-kc-applies-arrest-warrants-situation-state-palestine\">https:\/\/www.icc-cpi.int\/news\/prosecutor-karim-aa-khan-kc-applies-arrest-warrants-situation-state-palestine<\/a><\/p>\n<p><strong>Amnesty International \u2013 <\/strong><em>Israel\/OPT : Evidence of war crimes as Israeli attacks wipe out entire families in Gaza<\/em><strong>, 2024<\/strong><br \/><a target=\"_blank\" href=\"https:\/\/www.amnesty.org\/en\/latest\/news\/2024\/02\/israel-opt-evidence-of-war-crimes-as-israeli-attacks-wipe-out-entire-families-in-gaza\/\">https:\/\/www.amnesty.org\/en\/latest\/news\/2024\/02\/israel-opt-evidence-of-war-crimes-as-israeli-attacks-wipe-out-entire-families-in-gaza\/<\/a><\/p>\n<p><strong>Human Rights Watch <em>\u2013 <\/em><\/strong><em>Israel : Starvation Used as Weapon of War in Gaza<\/em><strong>, 18 mars 2024<\/strong><br \/><a target=\"_blank\" href=\"https:\/\/www.hrw.org\/news\/2024\/03\/18\/israel-starvation-used-weapon-war-gaza\">https:\/\/www.hrw.org\/news\/2024\/03\/18\/israel-starvation-used-weapon-war-gaza<\/a><\/p>\n<p><strong>M\u00e9decins Sans Fronti\u00e8res \u2013 <\/strong><em>Gaza : Hospitals and Medical Staff Targeted Amid Relentless Bombardment<\/em><strong>, 2024<\/strong><em><br \/><\/em><a target=\"_blank\" href=\"https:\/\/www.msf.org\/gaza-hospitals-and-medical-staff-targeted-amid-relentless-bombardment\">https:\/\/www.msf.org\/gaza-hospitals-and-medical-staff-targeted-amid-relentless-bombardment<\/a><\/p>\n<p><strong>UNICEF \u2013 <\/strong><em>Gaza : Over 90% of children under 5 face food insecurity, acute malnutrition surging<\/em><strong>, avril 2024<\/strong><br \/><a target=\"_blank\" href=\"https:\/\/www.unicef.org\/press-releases\/gaza-over-90-children-under-5-face-severe-food-insecurity\">https:\/\/www.unicef.org\/press-releases\/gaza-over-90-children-under-5-face-severe-food-insecurity<\/a><\/p>\n<p><strong>OCHA \u2013 <\/strong><em>Gaza Situation Reports \u2013 Daily Updates<\/em><strong>, 2024<\/strong><br \/><a target=\"_blank\" href=\"https:\/\/www.ochaopt.org\/updates\">https:\/\/www.ochaopt.org\/updates<\/a><\/p>\n<p><strong>UNRWA \u2013 <\/strong><em>Statement on the Continued Targeting of UN Facilities and Staff in Gaza<\/em><strong>, 2024<\/strong><br \/><a target=\"_blank\" href=\"https:\/\/www.unrwa.org\/newsroom\/official-statements\/statement-continued-targeting-un-facilities-and-staff-gaza\">https:\/\/www.unrwa.org\/newsroom\/official-statements\/statement-continued-targeting-un-facilities-and-staff-gaza<\/a><\/p>\n<p><strong>Convention sur certaines armes classiques (CCAC), Protocole III sur les armes incendiaires, 1980<\/strong><br \/><a target=\"_blank\" href=\"https:\/\/ihl-databases.icrc.org\/fr\/ihl-treaties\/ccw-prot-iii-1980\">https:\/\/ihl-databases.icrc.org\/fr\/ihl-treaties\/ccw-prot-iii-1980<\/a><\/p>\n<p><strong>Aaron Bushnell :<\/strong><br \/><a target=\"_blank\" href=\"https:\/\/www.theguardian.com\/us-news\/2024\/feb\/26\/us-airman-aaron-bushnell-israel-protest\">https:\/\/www.theguardian.com\/us-news\/2024\/feb\/26\/us-airman-aaron-bushnell-israel-protest<\/a><\/p>\n<div class=\"sharedaddy sd-block sd-like jetpack-likes-widget-wrapper jetpack-likes-widget-unloaded\" id=\"like-post-wrapper-237719536-488435-68ee779659c3a\" data-src=\"https:\/\/widgets.wp.com\/likes\/?ver=15.0.2#blog_id=237719536&amp;post_id=488435&amp;origin=reseauinternational.net&amp;obj_id=237719536-488435-68ee779659c3a\" data-name=\"like-post-frame-237719536-488435-68ee779659c3a\" data-title=\"Aimer ou rebloguer\">\n<h3 class=\"sd-title\">J\u2019aime \u00e7a\u00a0:<\/h3>\n<p><span class=\"button\"><span>J\u2019aime<\/span><\/span> <span class=\"loading\">chargement\u2026<\/span><\/p>\n<p><span class=\"sd-text-color\"\/><a target=\"_blank\" class=\"sd-link-color\"\/><\/div>\n<p><meta itemscope=\"\" itemprop=\"mainEntityOfPage\" itemtype=\"https:\/\/schema.org\/WebPage\" itemid=\"https:\/\/reseauinternational.net\/700-super-sparte-cest-gaza\/\"\/><meta itemprop=\"headline\" content=\"700\u00a0: Super-Sparte, c\u2019est Gaza\"\/><span style=\"display: none;\" itemprop=\"author\" itemscope=\"\" itemtype=\"https:\/\/schema.org\/Person\"><meta itemprop=\"name\" content=\"R\u00e9seau International\"\/><\/span><span style=\"display: none;\" itemprop=\"image\" itemscope=\"\" itemtype=\"https:\/\/schema.org\/ImageObject\"><meta itemprop=\"url\" content=\"https:\/\/i0.wp.com\/reseauinternational.net\/wp-content\/uploads\/2025\/10\/IMAGE-2025-10-14-140251.jpg?fit=800%2C467&amp;quality=100&amp;ssl=1\"\/><meta itemprop=\"width\" content=\"800\"\/><meta itemprop=\"height\" content=\"467\"\/><\/span><span style=\"display: none;\" itemprop=\"publisher\" itemscope=\"\" itemtype=\"https:\/\/schema.org\/Organization\"><span style=\"display: none;\" itemprop=\"logo\" itemscope=\"\" itemtype=\"https:\/\/schema.org\/ImageObject\"><meta itemprop=\"url\" content=\"https:\/\/reseauinternational.net\/wp-content\/uploads\/2022\/06\/Capture-de\u0301cran-2022-06-14-a\u0300-16.51.07.png\"\/><\/span><meta itemprop=\"name\" content=\"R\u00e9seau International\"\/><\/span><meta itemprop=\"datePublished\" content=\"2025-10-14T09:29:38+00:00\"\/><meta itemprop=\"dateModified\" content=\"2025-10-14T09:29:38+00:00\"\/><\/div>\n<p><br \/>\n<br \/><a href=\"https:\/\/reseauinternational.net\/700-super-sparte-cest-gaza\/\" target=\"_blank\"\">Source link <\/a><\/p>\n","protected":false},"excerpt":{"rendered":"<p>Campagne de dons Octobre 2025 Appel aux dons \u2013 Votre soutien nous est indispensable pour continuer \u00e0 vous fournir le meilleur de l\u2019information internationale alternative. C\u2019est gr\u00e2ce \u00e0 vos dons&hellip; <\/p>\n","protected":false},"author":1,"featured_media":17635,"comment_status":"open","ping_status":"open","sticky":false,"template":"","format":"standard","meta":{"footnotes":""},"categories":[1],"tags":[],"class_list":["post-17634","post","type-post","status-publish","format-standard","has-post-thumbnail","hentry","category-non-classe"],"_links":{"self":[{"href":"https:\/\/monde25.info\/index.php\/wp-json\/wp\/v2\/posts\/17634","targetHints":{"allow":["GET"]}}],"collection":[{"href":"https:\/\/monde25.info\/index.php\/wp-json\/wp\/v2\/posts"}],"about":[{"href":"https:\/\/monde25.info\/index.php\/wp-json\/wp\/v2\/types\/post"}],"author":[{"embeddable":true,"href":"https:\/\/monde25.info\/index.php\/wp-json\/wp\/v2\/users\/1"}],"replies":[{"embeddable":true,"href":"https:\/\/monde25.info\/index.php\/wp-json\/wp\/v2\/comments?post=17634"}],"version-history":[{"count":0,"href":"https:\/\/monde25.info\/index.php\/wp-json\/wp\/v2\/posts\/17634\/revisions"}],"wp:featuredmedia":[{"embeddable":true,"href":"https:\/\/monde25.info\/index.php\/wp-json\/wp\/v2\/media\/17635"}],"wp:attachment":[{"href":"https:\/\/monde25.info\/index.php\/wp-json\/wp\/v2\/media?parent=17634"}],"wp:term":[{"taxonomy":"category","embeddable":true,"href":"https:\/\/monde25.info\/index.php\/wp-json\/wp\/v2\/categories?post=17634"},{"taxonomy":"post_tag","embeddable":true,"href":"https:\/\/monde25.info\/index.php\/wp-json\/wp\/v2\/tags?post=17634"}],"curies":[{"name":"wp","href":"https:\/\/api.w.org\/{rel}","templated":true}]}}