{"id":17636,"date":"2025-10-14T19:27:10","date_gmt":"2025-10-14T17:27:10","guid":{"rendered":"https:\/\/monde25.info\/index.php\/2025\/10\/14\/rendre-leurope-a-nouveau-saine-lex-depute-rob-roos-lance-meha-et-promet-de-suivre-largent\/"},"modified":"2025-10-14T19:27:10","modified_gmt":"2025-10-14T17:27:10","slug":"rendre-leurope-a-nouveau-saine-lex-depute-rob-roos-lance-meha-et-promet-de-suivre-largent","status":"publish","type":"post","link":"https:\/\/monde25.info\/index.php\/2025\/10\/14\/rendre-leurope-a-nouveau-saine-lex-depute-rob-roos-lance-meha-et-promet-de-suivre-largent\/","title":{"rendered":"\u00ab Rendre l\u2019Europe \u00e0 nouveau saine \u00bb : l\u2019ex-d\u00e9put\u00e9 Rob Roos lance MEHA et promet de \u00ab suivre l\u2019argent \u00bb"},"content":{"rendered":"<p> <br \/>\n<\/p>\n<div>\n<p>\u00c0 la veille d\u2019un \u00e9v\u00e9nement au Parlement europ\u00e9en, l\u2019ancien d\u00e9put\u00e9 europ\u00e9en n\u00e9erlandais Rob Roos, d\u00e9sormais vice\u2011pr\u00e9sident de l\u2019initiative Make Europe Healthy Again (MEHA), appelle \u00e0 un virage radical des politiques de sant\u00e9 publique en Europe. \u00ab <em>Mieux vaut pr\u00e9venir que gu\u00e9rir<\/em> \u00bb, mart\u00e8le-t-il au cours d\u2019un entretien, posant les piliers d\u2019un mouvement ax\u00e9 sur l\u2019alimentation naturelle, la qualit\u00e9 de l\u2019eau et un contr\u00f4le renforc\u00e9 de l\u2019industrie pharmaceutique.<\/p>\n<p>Inspir\u00e9e par des initiatives am\u00e9ricaines, MEHA revendique une approche \u00ab <em>centr\u00e9e citoyens<\/em> \u00bb. \u00ab <em>Il ne s\u2019agit pas de nous. Il s\u2019agit de rendre les citoyens europ\u00e9ens \u00e0 nouveau en bonne sant\u00e9<\/em> \u00bb, insiste Roos. Selon lui, l\u2019Union europ\u00e9enne \u00ab attaque \u00bb les mod\u00e8les agricoles traditionnels \u00ab <em>au nom du climat<\/em> \u00bb, au risque de substituer aux produits naturels des aliments transform\u00e9s et \u00ab <em>des substituts prot\u00e9iques comme les insectes et les bestioles<\/em> \u00bb. \u00ab <em>Pour moi, ce n\u2019est pas une solution. C\u2019est de la d\u00e9shumanisation<\/em> \u00bb, affirme-t-il.<\/p>\n<p><iframe style=\"left:0;position:absolute;top:0;\" width=\"100%\" height=\"100%\" frameborder=\"0\" allow=\"accelerometer; autoplay; encrypted-media; gyroscope; picture-in-picture\" allowfullscreen=\"true\" referrerpolicy=\"unsafe-url\" class=\"lazyload\" data-src=\"https:\/\/app.videas.fr\/embed\/media\/236217ae-97a8-4ed7-8490-d2b88a267131\/\"><\/iframe><\/p>\n<p>\u00a0<\/p>\n<p>Au c\u0153ur de sa critique, la cha\u00eene allant de l\u2019assiette au m\u00e9dicament. Roos d\u00e9nonce une industrialisation de l\u2019alimentation \u00ab q<em>ui rend les gens ob\u00e8ses, diab\u00e9tiques, malades<\/em> \u00bb, et une r\u00e9ponse pharmaceutique \u00ab <em>qui supprime les sympt\u00f4mes, pas les causes<\/em> \u00bb. Il met en cause des conflits d\u2019int\u00e9r\u00eats dans la r\u00e9gulation : \u00ab <em>L\u2019Agence europ\u00e9enne des m\u00e9dicaments est financ\u00e9e \u00e0 91 % par l\u2019industrie pharmaceutique elle-m\u00eame. Nous voulons suivre l\u2019argent.<\/em> \u00bb<\/p>\n<figure role=\"group\" class=\"caption caption-img align-center\">\n<img decoding=\"async\" alt=\"GOMEHA.COM\" data-entity-type=\"file\" data-entity-uuid=\"41607721-ca7d-4f83-aad7-62578f92db3e\" height=\"981\" width=\"1018\" loading=\"lazy\" class=\"lazyload\" src=\"https:\/\/www.francesoir.fr\/sites\/default\/files\/inline-images\/image_690.png\"\/><figcaption><em>L&rsquo;\u00e9quipe de MEHA sur www.gomeha.com<\/em><\/figcaption><\/figure>\n<p>MEHA annonce des garde-fous pour garantir son ind\u00e9pendance : \u00ab <em>Nous n\u2019accepterons jamais d\u2019argent des grandes industries pharmaceutiques ou alimentaires. Nous devons \u00eatre aussi transparents que possible<\/em> \u00bb, promet Roos. Le mouvement s\u2019appuie sur un comit\u00e9 comprenant des m\u00e9decins europ\u00e9ens et internationaux. \u00c0 l\u2019affiche des 15 et 16 octobre, au Parlement europ\u00e9en : le cardiologue Asim Malhotra, le chercheur Robert Malone, ainsi que des eurod\u00e9put\u00e9s Gerald Hauser ou Virginie Joron, ou encore Me Diane Protat et Fr\u00e9d\u00e9ric Baldan. L&rsquo;ancien lobbyiste a port\u00e9 plainte contre Von der Leyen et Pfizer et est l&rsquo;auteur du livre <a target=\"_blank\" href=\"https:\/\/www.francesoir.fr\/videos-les-debriefings\/UrsulaGates-un-des-livres-phare-de-2024\" target=\"_blank\">\u00ab UrsulaGates, la compromission par les lobbys \u00bb<\/a> \u00a0Le Professeur Christian Perronne, le Dr Louis Fouch\u00e9 et le math\u00e9maticien Vincent Pavan feront aussi le d\u00e9placement pour marquer le lancement de MEHA \u00e0 Bruxelles.<\/p>\n<p>Roos relie sant\u00e9 publique et libert\u00e9s civiles, critiquant \u00ab <em>des restrictions<\/em> \u00bb et \u00ab <em>une d\u00e9rive technocratique<\/em> \u00bb \u00e0 Bruxelles. \u00ab <em>La sant\u00e9, vous pouvez \u00eatre milliardaire, mais si votre sant\u00e9 n\u2019est pas bonne, votre argent ne vaut rien. Tout commence par la sant\u00e9<\/em> \u00bb, r\u00e9sume-t-il, revendiquant un mode de vie \u00ab naturel \u00bb et la d\u00e9fense d\u2019une agriculture locale : \u00ab <em>Si vous d\u00e9truisez nos agriculteurs, c\u2019est l\u00e0 que tout commence. <\/em>\u00bb<\/p>\n<p>Lanc\u00e9 sur X, Instagram et Telegram, MEHA ouvre son site <strong>GoMeha.com<\/strong> pour f\u00e9d\u00e9rer et lever des fonds. \u00ab <em>Travaillons ensemble. Nous sommes l\u00e0 pour les gens et avec les gens<\/em> \u00bb, conclut Roos, qui promet de \u00ab <em>continuer le combat<\/em> \u00bb apr\u00e8s la pr\u00e9sentation officielle au Parlement europ\u00e9en.<\/p>\n<\/div>\n<p><script>(function(d, s, id) {  var js, fjs = d.getElementsByTagName(s)[0];  if (d.getElementById(id)) return;  js = d.createElement(s); js.id = id;  js.src = \"\/\/connect.facebook.net\/fr_FR\/sdk.js#xfbml=1&version=v2.3\";  fjs.parentNode.insertBefore(js, fjs);}(document, \"script\", \"facebook-jssdk\"));<\/script><br \/>\n<br \/><br \/>\n<br \/><a href=\"https:\/\/www.francesoir.fr\/videos-les-debriefings\/rendre-l-europe-nouveau-saine-l-ex-depute-rob-roos-lance-meha-et-promet-de\" target=\"_blank\"\">Source link <\/a><\/p>\n","protected":false},"excerpt":{"rendered":"<p>\u00c0 la veille d\u2019un \u00e9v\u00e9nement au Parlement europ\u00e9en, l\u2019ancien d\u00e9put\u00e9 europ\u00e9en n\u00e9erlandais Rob Roos, d\u00e9sormais vice\u2011pr\u00e9sident de l\u2019initiative Make Europe Healthy Again (MEHA), appelle \u00e0 un virage radical des politiques&hellip; <\/p>\n","protected":false},"author":1,"featured_media":17637,"comment_status":"open","ping_status":"open","sticky":false,"template":"","format":"standard","meta":{"footnotes":""},"categories":[1],"tags":[],"class_list":["post-17636","post","type-post","status-publish","format-standard","has-post-thumbnail","hentry","category-non-classe"],"_links":{"self":[{"href":"https:\/\/monde25.info\/index.php\/wp-json\/wp\/v2\/posts\/17636","targetHints":{"allow":["GET"]}}],"collection":[{"href":"https:\/\/monde25.info\/index.php\/wp-json\/wp\/v2\/posts"}],"about":[{"href":"https:\/\/monde25.info\/index.php\/wp-json\/wp\/v2\/types\/post"}],"author":[{"embeddable":true,"href":"https:\/\/monde25.info\/index.php\/wp-json\/wp\/v2\/users\/1"}],"replies":[{"embeddable":true,"href":"https:\/\/monde25.info\/index.php\/wp-json\/wp\/v2\/comments?post=17636"}],"version-history":[{"count":0,"href":"https:\/\/monde25.info\/index.php\/wp-json\/wp\/v2\/posts\/17636\/revisions"}],"wp:featuredmedia":[{"embeddable":true,"href":"https:\/\/monde25.info\/index.php\/wp-json\/wp\/v2\/media\/17637"}],"wp:attachment":[{"href":"https:\/\/monde25.info\/index.php\/wp-json\/wp\/v2\/media?parent=17636"}],"wp:term":[{"taxonomy":"category","embeddable":true,"href":"https:\/\/monde25.info\/index.php\/wp-json\/wp\/v2\/categories?post=17636"},{"taxonomy":"post_tag","embeddable":true,"href":"https:\/\/monde25.info\/index.php\/wp-json\/wp\/v2\/tags?post=17636"}],"curies":[{"name":"wp","href":"https:\/\/api.w.org\/{rel}","templated":true}]}}