{"id":17644,"date":"2025-10-14T23:19:01","date_gmt":"2025-10-14T21:19:01","guid":{"rendered":"https:\/\/monde25.info\/index.php\/2025\/10\/14\/mercosur-des-centaines-de-paysans-manifestent-contre-une-agriculture-bradee\/"},"modified":"2025-10-14T23:19:01","modified_gmt":"2025-10-14T21:19:01","slug":"mercosur-des-centaines-de-paysans-manifestent-contre-une-agriculture-bradee","status":"publish","type":"post","link":"https:\/\/monde25.info\/index.php\/2025\/10\/14\/mercosur-des-centaines-de-paysans-manifestent-contre-une-agriculture-bradee\/","title":{"rendered":"Mercosur\u00a0: des centaines de paysans manifestent contre une \u00ab\u00a0agriculture brad\u00e9e\u00a0\u00bb"},"content":{"rendered":"<p> <br \/>\n<br \/><img loading=\"lazy\" decoding=\"async\" src=\"https:\/\/reporterre.net\/local\/cache-vignettes\/L700xH467\/141025_nnom7559_manifestationcontremercosur__c_nnoman-12cff.jpg?1760457752\" class=\"spip_logo\" width=\"700\" height=\"467\" alt=\"\" \/><\/p>\n<p>Plusieurs centaines de paysans ont manifest\u00e9 contre le trait\u00e9 de libre-\u00e9change <span class=\"caps\">UE<\/span>-Mercosur, \u00e0 Paris. Ils crient \u00e0 la \u00ab<small class=\"fine d-inline\">\u00a0<\/small>concurrence d\u00e9loyale<small class=\"fine d-inline\">\u00a0<\/small>\u00bb et militent pour la \u00ab<small class=\"fine d-inline\">\u00a0<\/small>dignit\u00e9 des travailleurs<small class=\"fine d-inline\">\u00a0<\/small>\u00bb partout dans le monde. <br class=\"autobr\" \/><br \/>\nParis, reportage <br class=\"autobr\" \/><br \/>\nDevant le d\u00f4me dor\u00e9 des Invalides, la col\u00e8re agricole, refl\u00e9t\u00e9e par le jaune vif des drapeaux de la Conf\u00e9d\u00e9ration paysanne, s&rsquo;est raviv\u00e9e. Ce mardi 14\u00a0octobre \u00e0 Paris, plusieurs centaines de paysans et leurs soutiens ont manifest\u00e9 contre le trait\u00e9 de\u00a0(\u2026)<\/p>\n<p>                    <a target=\"_blank\" href=\"https:\/\/reporterre.net\/Mercosur-des-centaines-de-paysans-manifestent-contre-une-agriculture-bradee?utm_source=RSS&amp;utm_medium=RSS\">Lire la suite<\/a><\/p>\n<p>                    &#8211;<br \/>\n                        <a target=\"_blank\" href=\"https:\/\/reporterre.net\/Reportage\" rel=\"directory\">Reportage<\/a><\/p>\n<p>                    \/<br \/>\n                        <a target=\"_blank\" href=\"https:\/\/reporterre.net\/Agriculture\" rel=\"tag\">Agriculture<\/a><br \/>\n                    ,<br \/>\n                        <a target=\"_blank\" href=\"https:\/\/reporterre.net\/Luttes\" rel=\"tag\">Luttes<\/a><br \/>\n<br \/><br \/>\n<br \/><a href=\"https:\/\/reporterre.net\/Mercosur-des-centaines-de-paysans-manifestent-contre-une-agriculture-bradee\" target=\"_blank\"\">Source link <\/a><\/p>\n","protected":false},"excerpt":{"rendered":"<p>Plusieurs centaines de paysans ont manifest\u00e9 contre le trait\u00e9 de libre-\u00e9change UE-Mercosur, \u00e0 Paris. Ils crient \u00e0 la \u00ab\u00a0concurrence d\u00e9loyale\u00a0\u00bb et militent pour la \u00ab\u00a0dignit\u00e9 des travailleurs\u00a0\u00bb partout dans le&hellip; <\/p>\n","protected":false},"author":1,"featured_media":0,"comment_status":"open","ping_status":"open","sticky":false,"template":"","format":"standard","meta":{"footnotes":""},"categories":[1],"tags":[],"class_list":["post-17644","post","type-post","status-publish","format-standard","hentry","category-non-classe"],"_links":{"self":[{"href":"https:\/\/monde25.info\/index.php\/wp-json\/wp\/v2\/posts\/17644","targetHints":{"allow":["GET"]}}],"collection":[{"href":"https:\/\/monde25.info\/index.php\/wp-json\/wp\/v2\/posts"}],"about":[{"href":"https:\/\/monde25.info\/index.php\/wp-json\/wp\/v2\/types\/post"}],"author":[{"embeddable":true,"href":"https:\/\/monde25.info\/index.php\/wp-json\/wp\/v2\/users\/1"}],"replies":[{"embeddable":true,"href":"https:\/\/monde25.info\/index.php\/wp-json\/wp\/v2\/comments?post=17644"}],"version-history":[{"count":0,"href":"https:\/\/monde25.info\/index.php\/wp-json\/wp\/v2\/posts\/17644\/revisions"}],"wp:attachment":[{"href":"https:\/\/monde25.info\/index.php\/wp-json\/wp\/v2\/media?parent=17644"}],"wp:term":[{"taxonomy":"category","embeddable":true,"href":"https:\/\/monde25.info\/index.php\/wp-json\/wp\/v2\/categories?post=17644"},{"taxonomy":"post_tag","embeddable":true,"href":"https:\/\/monde25.info\/index.php\/wp-json\/wp\/v2\/tags?post=17644"}],"curies":[{"name":"wp","href":"https:\/\/api.w.org\/{rel}","templated":true}]}}