{"id":17645,"date":"2025-10-14T23:52:08","date_gmt":"2025-10-14T21:52:08","guid":{"rendered":"https:\/\/monde25.info\/index.php\/2025\/10\/14\/2000-palestiniens-liberes-accueillis-en-heros-par-une-foule-defiant-linterdiction-de-rassemblements\/"},"modified":"2025-10-14T23:52:08","modified_gmt":"2025-10-14T21:52:08","slug":"2000-palestiniens-liberes-accueillis-en-heros-par-une-foule-defiant-linterdiction-de-rassemblements","status":"publish","type":"post","link":"https:\/\/monde25.info\/index.php\/2025\/10\/14\/2000-palestiniens-liberes-accueillis-en-heros-par-une-foule-defiant-linterdiction-de-rassemblements\/","title":{"rendered":"2000 Palestiniens lib\u00e9r\u00e9s accueillis en h\u00e9ros par une foule d\u00e9fiant l\u2019interdiction de rassemblements"},"content":{"rendered":"<p> <br \/>\n<\/p>\n<div>\n<ol class=\"campaign-loop campaign-list\">\n<li id=\"campaign-482494\" class=\"post-482494 campaign type-campaign status-publish hentry campaign-has-goal campaign-has-not-achieved-goal campaign-has-end-date campaign-has-not-ended\">\n\t<a target=\"_blank\" href=\"https:\/\/reseauinternational.net\/campaigns\/campagne-de-dons-septembre-octobre-2025\/\"><\/p>\n<h3>Campagne de dons Octobre 2025<\/h3>\n<p>\t\t\t<\/a><\/p>\n<p>\n\tAppel aux dons \u2013 Votre soutien nous est indispensable pour continuer \u00e0 vous fournir le meilleur de l\u2019information internationale alternative. C\u2019est gr\u00e2ce \u00e0 vos dons que nous pourrons maintenir le cap pour une information plurielle et r\u00e9ellement alternative. Nous comptons sur vous.<\/p>\n<p>\n<span class=\"amount\">11 420,87\u00a0\u20ac<\/span> de l\u2019objectif de <span class=\"goal-amount\">25 000,00\u00a0\u20ac<\/span> atteint<\/p>\n<\/li>\n<\/ol>\n<p>par <strong>Al-Mayadeen<\/strong><\/p>\n<p><strong>Les d\u00e9tenus lib\u00e9r\u00e9s de Gaza arrivent alors que le Hamas salue une victoire de la r\u00e9sistance malgr\u00e9 les tentatives d\u2019occupation d\u2019interdire les rassemblements.<\/strong><\/p>\n<p>Le Bureau d\u2019information des prisonniers palestiniens a confirm\u00e9 que le premier des 38 bus transportant des d\u00e9tenus palestiniens de Gaza a pris la route vers la bande de Gaza, marquant une \u00e9tape consid\u00e9rable dans l\u2019accord sur la lib\u00e9ration group\u00e9e de prisonniers conclu dans le cadre de l\u2019accord de cessez-le-feu \u00e0 Gaza.<\/p>\n<figure class=\"wp-block-embed is-type-rich is-provider-twitter wp-block-embed-twitter\">\n<div class=\"wp-block-embed__wrapper\">\n<div class=\"embed-twitter\">\n<blockquote class=\"twitter-tweet\" data-width=\"550\" data-dnt=\"true\">\n<p lang=\"en\" dir=\"ltr\">In a deeply emotional moment, two Palestinians climb the bus to embrace their released brother under the exchange deal between the Palestinian resistance and the Israeli occupation. <a target=\"_blank\" href=\"https:\/\/t.co\/85HI1UoEpA\">pic.twitter.com\/85HI1UoEpA<\/a><\/p>\n<p>\u2014 Quds News Network (@QudsNen) <a target=\"_blank\" href=\"https:\/\/twitter.com\/QudsNen\/status\/1977715678585979012?ref_src=twsrc%5Etfw\">October 13, 2025<\/a><\/p><\/blockquote>\n<\/div>\n<\/div>\n<\/figure>\n<p>Selon le directeur des m\u00e9dias du Bureau des affaires des prisonniers, plusieurs d\u00e9tenus ayant pass\u00e9 des d\u00e9cennies derri\u00e8re les barreaux comptent parmi les d\u00e9tenus lib\u00e9r\u00e9s. Au total, 154 prisonniers partiront \u00e0 l\u2019\u00e9tranger, tandis que les autres rentreront chez eux en Cisjordanie, \u00e0 Al-Quds occup\u00e9e et \u00e0 Gaza.<\/p>\n<figure class=\"wp-block-embed is-type-rich is-provider-twitter wp-block-embed-twitter\">\n<div class=\"wp-block-embed__wrapper\">\n<div class=\"embed-twitter\">\n<blockquote class=\"twitter-tweet\" data-width=\"550\" data-dnt=\"true\">\n<p lang=\"en\" dir=\"ltr\">Freed Palestinian detainees arrive in Gaza Strip, released as part of the  prisoner exchange deal between the Palestinian resistance and the Israeli occupation. <a target=\"_blank\" href=\"https:\/\/t.co\/XJbNqbqqsD\">pic.twitter.com\/XJbNqbqqsD<\/a><\/p>\n<p>\u2014 Quds News Network (@QudsNen) <a target=\"_blank\" href=\"https:\/\/twitter.com\/QudsNen\/status\/1977714030102941715?ref_src=twsrc%5Etfw\">October 13, 2025<\/a><\/p><\/blockquote>\n<\/div>\n<\/div>\n<\/figure>\n<p>Le responsable a soulign\u00e9 que l\u2019occupant a tent\u00e9 de se soustraire \u00e0 ses obligations en vertu de l\u2019accord, comme il l\u2019a fait lors d\u2019accords pr\u00e9c\u00e9dents. Cependant, la r\u00e9sistance palestinienne a maintenu sa position et confirm\u00e9 les noms convenus, y compris ceux des d\u00e9tenus de longue date et des habitants de Gaza arr\u00eat\u00e9s.<\/p>\n<p>\u00ab<em>Nous avons apport\u00e9 des modifications \u00e0 la liste des prisonniers, en particulier ceux originaires de la bande de Gaza<\/em>\u00bb, a-t-il ajout\u00e9.<\/p>\n<figure class=\"wp-block-embed is-type-rich is-provider-twitter wp-block-embed-twitter\"\/>\n<p>\u00c0 Khan Younis, le correspondant d\u2019<em>Al-Mayadeen<\/em> a rapport\u00e9 qu\u2019une foule immense s\u2019est rassembl\u00e9e pour accueillir les prisonniers lib\u00e9r\u00e9s, brandissant des drapeaux du Hamas et du Jihad islamique pour c\u00e9l\u00e9brer l\u2019\u00e9v\u00e9nement. Pendant ce temps, en Cisjordanie, des bus transportant les prisonniers lib\u00e9r\u00e9s sont arriv\u00e9s \u00e0 Ramallah, o\u00f9 la population a converg\u00e9 vers le Palais culturel de Ramallah pour les accueillir.<\/p>\n<figure class=\"wp-block-embed is-type-rich is-provider-twitter wp-block-embed-twitter\">\n<div class=\"wp-block-embed__wrapper\">\n<div class=\"embed-twitter\">\n<blockquote class=\"twitter-tweet\" data-width=\"550\" data-dnt=\"true\">\n<p lang=\"en\" dir=\"ltr\">After their liberation from Israeli detention, freed Palestinian detainees were embraced by their loved ones in scenes filled with tears of joy.<\/p>\n<p>Among them was Omar Bseis from <a target=\"_blank\" href=\"https:\/\/twitter.com\/hashtag\/Tulkarm?src=hash&amp;ref_src=twsrc%5Etfw\">#Tulkarm<\/a>, who spent 22 years behind bars, and Tareq Bargouti from <a target=\"_blank\" href=\"https:\/\/twitter.com\/hashtag\/Ramallah?src=hash&amp;ref_src=twsrc%5Etfw\">#Ramallah<\/a>, who endured 24 years in\u2026 <a target=\"_blank\" href=\"https:\/\/t.co\/leEphnIkna\">pic.twitter.com\/leEphnIkna<\/a><\/p>\n<p>\u2014 Al Mayadeen English (@MayadeenEnglish) <a target=\"_blank\" href=\"https:\/\/twitter.com\/MayadeenEnglish\/status\/1977699296846717139?ref_src=twsrc%5Etfw\">October 13, 2025<\/a><\/p><\/blockquote>\n<\/div>\n<\/div>\n<\/figure>\n<p><em>Reuters<\/em> a rapport\u00e9 que 1966 d\u00e9tenus palestiniens <a target=\"_blank\" href=\"https:\/\/english.almayadeen.net\/news\/politics\/orders-issued-to-release-security-prisoners-as-part-of-excha\">ont \u00e9t\u00e9 pr\u00e9par\u00e9s \u00e0 \u00eatre lib\u00e9r\u00e9s<\/a> plus t\u00f4t dans la journ\u00e9e, montant \u00e0 bord d\u2019autobus dans l\u2019enceinte des prisons isra\u00e9liennes. Parmi eux, 250 prisonniers purgeant des peines \u00e0 perp\u00e9tuit\u00e9 devraient \u00eatre lib\u00e9r\u00e9s en Cisjordanie, \u00e0 Al-Quds occup\u00e9e [J\u00e9rusalem occup\u00e9e] et \u00e0 l\u2019\u00e9tranger.<\/p>\n<div class=\"wp-block-image\">\n<figure class=\"aligncenter size-full is-resized\"><a target=\"_blank\" href=\"https:\/\/i0.wp.com\/reseauinternational.net\/wp-content\/uploads\/2025\/10\/image-221.png?quality=100&amp;ssl=1\"><img data-recalc-dims=\"1\" decoding=\"async\" width=\"780\" height=\"470\" src=\"https:\/\/i0.wp.com\/reseauinternational.net\/wp-content\/uploads\/2025\/10\/image-221.png?resize=780%2C470&amp;quality=100&amp;ssl=1\" alt=\"\" class=\"wp-image-488442\" style=\"width:600px\" loading=\"lazy\" srcset=\"https:\/\/i0.wp.com\/reseauinternational.net\/wp-content\/uploads\/2025\/10\/image-221.png?w=780&amp;quality=100&amp;ssl=1 780w, https:\/\/i0.wp.com\/reseauinternational.net\/wp-content\/uploads\/2025\/10\/image-221.png?resize=300%2C181&amp;quality=100&amp;ssl=1 300w, https:\/\/i0.wp.com\/reseauinternational.net\/wp-content\/uploads\/2025\/10\/image-221.png?resize=768%2C463&amp;quality=100&amp;ssl=1 768w\" sizes=\"auto, (max-width: 780px) 100vw, 780px\"\/><\/a><\/figure>\n<\/div>\n<p>L\u2019occupation isra\u00e9lienne a intensifi\u00e9 sa r\u00e9pression des c\u00e9l\u00e9brations publiques dans la ville occup\u00e9e d\u2019Al-Quds et en Cisjordanie apr\u00e8s la lib\u00e9ration de d\u00e9tenus palestiniens <a target=\"_blank\" href=\"https:\/\/english.almayadeen.net\/news\/politics\/hamas---israel--forced-to-accept-resistance-s-conditions\">lundi dans le cadre de la premi\u00e8re phase de l\u2019accord de cessez-le-feu \u00e0 Gaza.<\/a><\/p>\n<p>Selon Siraj Abu Arafa, avocat au Centre d\u2019information Wadi Hilweh \u00e0 Al-Quds, les services de renseignement isra\u00e9liens <a target=\"_blank\" href=\"https:\/\/english.almayadeen.net\/news\/politics\/iof-suppressing-celebrations-of-freed-palestinian-detainees\">ont convoqu\u00e9 les familles des d\u00e9tenus devant \u00eatre lib\u00e9r\u00e9s<\/a>, les pressant de signer des accords de lib\u00e9ration conditionnelle.<\/p>\n<p>Abu Arafa a expliqu\u00e9 que les conditions impos\u00e9es comprennent l\u2019interdiction des rassemblements publics, des r\u00e9unions ou de toute forme de c\u00e9l\u00e9bration. Il a ajout\u00e9 que chaque d\u00e9tenu lib\u00e9r\u00e9 sera escort\u00e9 directement \u00e0 son domicile par un v\u00e9hicule des services de renseignement afin de faire respecter ces restrictions.<\/p>\n<h5 class=\"wp-block-heading\"><strong>Hamas : Isra\u00ebl contraint d\u2019accepter les conditions de la r\u00e9sistance<\/strong><\/h5>\n<p>Dans un autre registre, dans une d\u00e9claration publi\u00e9e lundi, le Hamas a soulign\u00e9 l\u2019<a target=\"_blank\" href=\"https:\/\/english.almayadeen.net\/news\/politics\/hamas---israel--forced-to-accept-resistance-s-conditions\">\u00e9chec du Premier ministre Benjamin Netanyahou<\/a> et de l\u2019arm\u00e9e isra\u00e9lienne, apr\u00e8s deux ans d\u2019une guerre d\u2019extermination brutale, \u00e0 r\u00e9cup\u00e9rer de force leurs otages. Le Hamas a soulign\u00e9 que l\u2019occupant a finalement \u00e9t\u00e9 contraint d\u2019accepter les conditions de la r\u00e9sistance, r\u00e9affirmant que la seule voie pour r\u00e9cup\u00e9rer ses soldats passe par un \u00e9change n\u00e9goci\u00e9 et un arr\u00eat complet de l\u2019agression.<\/p>\n<p>Le mouvement a soulign\u00e9 que la r\u00e9sistance a tout mis en \u0153uvre pour pr\u00e9server la vie des prisonniers, malgr\u00e9 les tentatives incessantes du \u00ab<em>criminel de guerre Netanyahou et son arm\u00e9e terroriste<\/em>\u00bb de les cibler et les \u00e9liminer. En revanche, la d\u00e9claration souligne que les d\u00e9tenus palestiniens dans les prisons isra\u00e9liennes sont victimes d\u2019abus, de tortures et de meurtres syst\u00e9matiques.<\/p>\n<p>Le Hamas a en outre d\u00e9clar\u00e9 que la lib\u00e9ration de ses \u00ab<em>d\u00e9tenus h\u00e9ro\u00efques<\/em>\u00bb<em>,<\/em> dont beaucoup purgent des peines \u00e0 perp\u00e9tuit\u00e9 ou de longues peines et ont pass\u00e9 des d\u00e9cennies derri\u00e8re les barreaux, r\u00e9sulte de la r\u00e9silience de la bande de Gaza et du courage de la r\u00e9sistance.<\/p>\n<p>source : <a target=\"_blank\" href=\"https:\/\/english.almayadeen.net\/news\/politics\/2k-palestinian-detainees-freed--defy-occupation-with-mass-we\">Al-Mayadeen<\/a> via <a target=\"_blank\" href=\"https:\/\/ssofidelis.substack.com\/p\/2-000-palestiniens-liberes-accueillis\">Spirit of Free Speech<\/a><\/p>\n<div class=\"sharedaddy sd-block sd-like jetpack-likes-widget-wrapper jetpack-likes-widget-unloaded\" id=\"like-post-wrapper-237719536-488434-68eeb9f067997\" data-src=\"https:\/\/widgets.wp.com\/likes\/?ver=15.0.2#blog_id=237719536&amp;post_id=488434&amp;origin=reseauinternational.net&amp;obj_id=237719536-488434-68eeb9f067997\" data-name=\"like-post-frame-237719536-488434-68eeb9f067997\" data-title=\"Aimer ou rebloguer\">\n<h3 class=\"sd-title\">J\u2019aime \u00e7a\u00a0:<\/h3>\n<p><span class=\"button\"><span>J\u2019aime<\/span><\/span> <span class=\"loading\">chargement\u2026<\/span><\/p>\n<p><span class=\"sd-text-color\"\/><a target=\"_blank\" class=\"sd-link-color\"\/><\/div>\n<p><meta itemscope=\"\" itemprop=\"mainEntityOfPage\" itemtype=\"https:\/\/schema.org\/WebPage\" itemid=\"https:\/\/reseauinternational.net\/2000-palestiniens-liberes-accueillis-en-heros-par-une-foule-defiant-linterdiction-de-rassemblements\/\"\/><meta itemprop=\"headline\" content=\"2000 Palestiniens lib\u00e9r\u00e9s accueillis en h\u00e9ros par une foule d\u00e9fiant l\u2019interdiction de rassemblements\"\/><span style=\"display: none;\" itemprop=\"author\" itemscope=\"\" itemtype=\"https:\/\/schema.org\/Person\"><meta itemprop=\"name\" content=\"R\u00e9seau International\"\/><\/span><span style=\"display: none;\" itemprop=\"image\" itemscope=\"\" itemtype=\"https:\/\/schema.org\/ImageObject\"><meta itemprop=\"url\" content=\"https:\/\/i0.wp.com\/reseauinternational.net\/wp-content\/uploads\/2025\/10\/IMAGE-2025-10-14-140310.jpg?fit=800%2C467&amp;quality=100&amp;ssl=1\"\/><meta itemprop=\"width\" content=\"800\"\/><meta itemprop=\"height\" content=\"467\"\/><\/span><span style=\"display: none;\" itemprop=\"publisher\" itemscope=\"\" itemtype=\"https:\/\/schema.org\/Organization\"><span style=\"display: none;\" itemprop=\"logo\" itemscope=\"\" itemtype=\"https:\/\/schema.org\/ImageObject\"><meta itemprop=\"url\" content=\"https:\/\/reseauinternational.net\/wp-content\/uploads\/2022\/06\/Capture-de\u0301cran-2022-06-14-a\u0300-16.51.07.png\"\/><\/span><meta itemprop=\"name\" content=\"R\u00e9seau International\"\/><\/span><meta itemprop=\"datePublished\" content=\"2025-10-14T09:29:35+00:00\"\/><meta itemprop=\"dateModified\" content=\"2025-10-14T22:58:03+00:00\"\/><\/div>\n<p><script async src=\"\/\/platform.twitter.com\/widgets.js\" charset=\"utf-8\"><\/script><br \/>\n<br \/><br \/>\n<br \/><a href=\"https:\/\/reseauinternational.net\/2000-palestiniens-liberes-accueillis-en-heros-par-une-foule-defiant-linterdiction-de-rassemblements\/\" target=\"_blank\"\">Source link <\/a><\/p>\n","protected":false},"excerpt":{"rendered":"<p>Campagne de dons Octobre 2025 Appel aux dons \u2013 Votre soutien nous est indispensable pour continuer \u00e0 vous fournir le meilleur de l\u2019information internationale alternative. C\u2019est gr\u00e2ce \u00e0 vos dons&hellip; <\/p>\n","protected":false},"author":1,"featured_media":17646,"comment_status":"open","ping_status":"open","sticky":false,"template":"","format":"standard","meta":{"footnotes":""},"categories":[1],"tags":[],"class_list":["post-17645","post","type-post","status-publish","format-standard","has-post-thumbnail","hentry","category-non-classe"],"_links":{"self":[{"href":"https:\/\/monde25.info\/index.php\/wp-json\/wp\/v2\/posts\/17645","targetHints":{"allow":["GET"]}}],"collection":[{"href":"https:\/\/monde25.info\/index.php\/wp-json\/wp\/v2\/posts"}],"about":[{"href":"https:\/\/monde25.info\/index.php\/wp-json\/wp\/v2\/types\/post"}],"author":[{"embeddable":true,"href":"https:\/\/monde25.info\/index.php\/wp-json\/wp\/v2\/users\/1"}],"replies":[{"embeddable":true,"href":"https:\/\/monde25.info\/index.php\/wp-json\/wp\/v2\/comments?post=17645"}],"version-history":[{"count":0,"href":"https:\/\/monde25.info\/index.php\/wp-json\/wp\/v2\/posts\/17645\/revisions"}],"wp:featuredmedia":[{"embeddable":true,"href":"https:\/\/monde25.info\/index.php\/wp-json\/wp\/v2\/media\/17646"}],"wp:attachment":[{"href":"https:\/\/monde25.info\/index.php\/wp-json\/wp\/v2\/media?parent=17645"}],"wp:term":[{"taxonomy":"category","embeddable":true,"href":"https:\/\/monde25.info\/index.php\/wp-json\/wp\/v2\/categories?post=17645"},{"taxonomy":"post_tag","embeddable":true,"href":"https:\/\/monde25.info\/index.php\/wp-json\/wp\/v2\/tags?post=17645"}],"curies":[{"name":"wp","href":"https:\/\/api.w.org\/{rel}","templated":true}]}}