{"id":1765,"date":"2024-12-08T14:54:40","date_gmt":"2024-12-08T13:54:40","guid":{"rendered":"https:\/\/monde25.info\/index.php\/2024\/12\/08\/tsahal-multiplie-les-operations-a-gaza-ou-elle-commet-un-genocide-selon-amnesty-le-cessez-le-feu-au-liban-vacille-apres-moult-violations\/"},"modified":"2024-12-08T14:54:40","modified_gmt":"2024-12-08T13:54:40","slug":"tsahal-multiplie-les-operations-a-gaza-ou-elle-commet-un-genocide-selon-amnesty-le-cessez-le-feu-au-liban-vacille-apres-moult-violations","status":"publish","type":"post","link":"https:\/\/monde25.info\/index.php\/2024\/12\/08\/tsahal-multiplie-les-operations-a-gaza-ou-elle-commet-un-genocide-selon-amnesty-le-cessez-le-feu-au-liban-vacille-apres-moult-violations\/","title":{"rendered":"Tsahal multiplie les op\u00e9rations \u00e0 Gaza o\u00f9 elle commet un \u201cg\u00e9nocide\u201d selon Amnesty, le cessez-le-feu au Liban vacille apr\u00e8s moult violations"},"content":{"rendered":"<p> <br \/>\n<\/p>\n<div>\n<p><span data-contrast=\"auto\">Tandis que le cessez-le-feu entre le Hezbollah et Isra\u00ebl au Liban vacille, mis \u00e0 rude \u00e9preuve par de nombreuses frappes isra\u00e9liennes, Tsahal intensifie ses op\u00e9rations dans la bande de Gaza. Tout en maintenant la pression au nord, th\u00e9\u00e2tre de plusieurs centaines de morts et de destructions massives depuis d\u00e9but octobre dernier, l\u2019arm\u00e9e isra\u00e9lienne a men\u00e9 une nouvelle incursion dans le sud de l&rsquo;enclave palestinienne, faisant des dizaines de morts rien que dans la journ\u00e9e de mercredi. Amnesty International accuse \u00e0 son tour Tel Aviv de g\u00e9nocide, tandis que l\u2019Assembl\u00e9e g\u00e9n\u00e9rale de l\u2019ONU plaide pour la cr\u00e9ation d\u2019un Etat palestinien. Donald Trump envoie d\u00e9j\u00e0 un \u00e9missaire pour trouver un accord menant \u00e0 la lib\u00e9ration des otages, promettant un \u201cterrible prix \u00e0 payer\u201d si ces derniers ne sont pas lib\u00e9r\u00e9s avant son investiture.<\/span><span data-ccp-props=\"{&quot;134233117&quot;:false,&quot;134233118&quot;:false,&quot;201341983&quot;:0,&quot;335559738&quot;:270,&quot;335559739&quot;:270,&quot;335559740&quot;:324}\"><strong>\u00a0<\/strong><\/span><\/p>\n<p><span data-contrast=\"auto\"><strong>Op\u00e9rations isra\u00e9liennes au nord et au sud de Gaza<\/strong><\/span><span data-ccp-props=\"{&quot;134233117&quot;:false,&quot;134233118&quot;:false,&quot;201341983&quot;:0,&quot;335559738&quot;:150,&quot;335559739&quot;:270,&quot;335559740&quot;:288}\"><strong>\u00a0<\/strong><\/span><\/p>\n<p><span data-contrast=\"auto\">Mercredi, des chars isra\u00e9liens ont p\u00e9n\u00e9tr\u00e9 dans la partie nord de Khan Youn\u00e8s, principale ville du sud de la bande de Gaza, au lendemain de nouveaux ordres d\u2019\u00e9vacuation. La D\u00e9fense civile a fait \u00e9tat de 20 morts apr\u00e8s une frappe ciblant des tentes de d\u00e9plac\u00e9es sur le camp d\u2019al-Mawassi. Isra\u00ebl affirme avoir vis\u00e9 des responsables du Hamas. Cinq enfants figurent parmi les victimes et le nombre de bless\u00e9s s\u2019\u00e9l\u00e8ve \u00e0 des dizaines.\u00a0<\/span><span data-ccp-props=\"{&quot;134233117&quot;:false,&quot;134233118&quot;:false,&quot;201341983&quot;:0,&quot;335559738&quot;:270,&quot;335559739&quot;:270,&quot;335559740&quot;:324}\">\u00a0<\/span><\/p>\n<p><span data-contrast=\"auto\">L&rsquo;arm\u00e9e isra\u00e9lienne a indiqu\u00e9 avoir men\u00e9 une frappe \u00ab\u00a0pr\u00e9cise pour cibler des responsables du Hamas qui \u00e9taient impliqu\u00e9s dans des activit\u00e9s terroristes dans la zone humanitaire de Khan Youn\u00e8s\u00a0\u00bb.<\/span><span data-ccp-props=\"{&quot;134233117&quot;:false,&quot;134233118&quot;:false,&quot;201341983&quot;:0,&quot;335559738&quot;:270,&quot;335559739&quot;:270,&quot;335559740&quot;:324}\">\u00a0<\/span><\/p>\n<p><span data-contrast=\"auto\">Au centre de Gaza, des m\u00e9decins ont d\u00e9clar\u00e9 que 11 personnes, dont six enfants et un infirmier, ont \u00e9t\u00e9 tu\u00e9es dans trois frappes a\u00e9riennes. Cinq des personnes tu\u00e9es faisaient la queue devant une boulangerie, explique-t-on. A Rafah, toujours au sud, pr\u00e8s de la fronti\u00e8re avec l\u2019Egypte, des tirs de chars ont fait neuf morts parmi les Palestiniens.\u00a0<\/span><span data-ccp-props=\"{&quot;134233117&quot;:false,&quot;134233118&quot;:false,&quot;201341983&quot;:0,&quot;335559738&quot;:270,&quot;335559739&quot;:270,&quot;335559740&quot;:324}\">\u00a0<\/span><\/p>\n<p><span data-contrast=\"auto\">Tout au nord, o\u00f9 Tsahal m\u00e8ne depuis d\u00e9but octobre des op\u00e9rations terrestres ayant fait plus de 1 400 morts, des tirs ont cibl\u00e9, pour le cinqui\u00e8me jour cons\u00e9cutif, l\u2019h\u00f4pital Kamal Adouane de Beit Lahia. A Jabalia et Beit Hanoun, des dizaines de maisons ont \u00e9t\u00e9 bombard\u00e9es.\u00a0<\/span><span data-ccp-props=\"{&quot;134233117&quot;:false,&quot;134233118&quot;:false,&quot;201341983&quot;:0,&quot;335559738&quot;:270,&quot;335559739&quot;:270,&quot;335559740&quot;:324}\">\u00a0<\/span><\/p>\n<p><span data-contrast=\"auto\">Le minist\u00e8re de la Sant\u00e9 du gouvernement du Hamas a annonc\u00e9 hier, 05 novembre, un nouveau bilan de 44 580 morts dans le territoire palestinien depuis le d\u00e9but de la guerre avec Isra\u00ebl il y a plus d&rsquo;un an. Au moins 48 personnes ont \u00e9t\u00e9 tu\u00e9es ces derni\u00e8res 24 heures, explique-t-on, et pr\u00e8s de 300 en une semaine. 105.739 personnes avaient \u00e9t\u00e9 bless\u00e9es.<strong>\u00a0<\/strong><\/span><span data-ccp-props=\"{&quot;134233117&quot;:false,&quot;134233118&quot;:false,&quot;201341983&quot;:0,&quot;335559738&quot;:270,&quot;335559739&quot;:270,&quot;335559740&quot;:324}\"><strong>\u00a0<\/strong><\/span><\/p>\n<p><span data-contrast=\"auto\"><strong>Amnesty d\u00e9nonce un g\u00e9nocide, Trump veut la lib\u00e9ration des otages<\/strong><\/span><span data-ccp-props=\"{&quot;134233117&quot;:false,&quot;134233118&quot;:false,&quot;201341983&quot;:0,&quot;335559738&quot;:150,&quot;335559739&quot;:270,&quot;335559740&quot;:288}\"><strong>\u00a0<\/strong><\/span><\/p>\n<p><span data-contrast=\"auto\">Ces op\u00e9rations isra\u00e9liennes et ses immenses d\u00e9g\u00e2ts, aussi bien humains que mat\u00e9riels, valent \u00e0 Tel Aviv de nouvelles accusations de g\u00e9nocide \u00e0 Gaza. Cette fois-ci, il s\u2019agit d\u2019un rapport de 300 pages publi\u00e9 jeudi par l\u2019organisation de d\u00e9fense des droits humains, Amnesty International, qui dit s\u2019appuyer sur les crit\u00e8res de la Convention des Nations unies et des \u00e9l\u00e9ments r\u00e9colt\u00e9s sur le terrain tels que des \u201cd\u00e9clarations g\u00e9nocidaires\u201d, des images satellites et des recherches aupr\u00e8s des Gazaouis.<\/span><span data-ccp-props=\"{&quot;134233117&quot;:false,&quot;134233118&quot;:false,&quot;201341983&quot;:0,&quot;335559738&quot;:270,&quot;335559739&quot;:270,&quot;335559740&quot;:324}\">\u00a0<\/span><\/p>\n<p><span data-contrast=\"auto\">Isra\u00ebl a vite rejet\u00e9 ce rapport \u201cfabriqu\u00e9 de toutes pi\u00e8ces\u201d, estimant \u201crespecter le droit international \u00e0 se d\u00e9fendre\u201d. Cette nouvelle accusation vient s\u2019ajouter \u00e0 celles de plusieurs autres ONG, de plusieurs \u00c9tats et du personnel de certaines agences onusiennes.<\/span><span data-ccp-props=\"{&quot;134233117&quot;:false,&quot;134233118&quot;:false,&quot;201341983&quot;:0,&quot;335559738&quot;:270,&quot;335559739&quot;:270,&quot;335559740&quot;:324}\">\u00a0<\/span><\/p>\n<p><span data-contrast=\"auto\">Lundi dernier, le pr\u00e9sident \u00e9lu des \u00c9tats-Unis, Donald Trump, a averti contre une r\u00e9action \u201cterrible\u201d si les otages encore retenus n\u2019\u00e9taient pas lib\u00e9r\u00e9s avant son investiture. \u201cSi les otages ne sont pas lib\u00e9r\u00e9s avant le 20 janvier (&#8230;), le prix \u00e0 payer sera terrible au Moyen-Orient et pour les responsables qui ont perp\u00e9tr\u00e9 ces atrocit\u00e9s contre l&rsquo;humanit\u00e9\u201d, a-t-il \u00e9crit sur sa plateforme Truth Social.<\/span><span data-ccp-props=\"{&quot;134233117&quot;:false,&quot;134233118&quot;:false,&quot;201341983&quot;:0,&quot;335559738&quot;:270,&quot;335559739&quot;:270,&quot;335559740&quot;:324}\">\u00a0<\/span><\/p>\n<p><span data-contrast=\"auto\">Reuters rapporte que le futur \u00e9missaire de Donald Trump pour le Proche-Orient s&rsquo;est d\u00e9j\u00e0 rendu au Qatar et en Isra\u00ebl avec l&rsquo;objectif d&rsquo;obtenir un accord sur une tr\u00eave \u00e0 Gaza en \u00e9change de la lib\u00e9ration des otages isra\u00e9liens du Hamas avant l&rsquo;arriv\u00e9e du pr\u00e9sident r\u00e9publicain \u00e0 la Maison blanche le 20 janvier.<\/span><span data-ccp-props=\"{&quot;134233117&quot;:false,&quot;134233118&quot;:false,&quot;201341983&quot;:0,&quot;335559738&quot;:270,&quot;335559739&quot;:270,&quot;335559740&quot;:324}\"><strong>\u00a0<\/strong><\/span><\/p>\n<p><span data-contrast=\"auto\"><strong>Une conf\u00e9rence pour la Cr\u00e9ation d\u2019un \u00c9tat palestinien en juin<\/strong><\/span><span data-ccp-props=\"{&quot;134233117&quot;:false,&quot;134233118&quot;:false,&quot;201341983&quot;:0,&quot;335559738&quot;:150,&quot;335559739&quot;:270,&quot;335559740&quot;:288}\"><strong>\u00a0<\/strong><\/span><\/p>\n<p><span data-contrast=\"auto\">Mardi, l\u2019Assembl\u00e9e g\u00e9n\u00e9rale de l\u2019Onu a plaid\u00e9 pour la fin de l\u2019occupation isra\u00e9lienne des territoires palestiniens et la cr\u00e9ation d\u2019un \u00c9tat palestinien. Elle convoque pour juin une conf\u00e9rence internationale visant \u00e0 faire avancer la solution \u00e0 deux \u00c9tats.\u00a0<\/span><span data-ccp-props=\"{&quot;134233117&quot;:false,&quot;134233118&quot;:false,&quot;201341983&quot;:0,&quot;335559738&quot;:270,&quot;335559739&quot;:270,&quot;335559740&quot;:324}\">\u00a0<\/span><\/p>\n<p><span data-contrast=\"auto\">Cette conf\u00e9rence sera copr\u00e9sid\u00e9e par Emmanuel Macron et le dirigeant saoudien Mohammed Ben Salmane. \u00ab\u00a0On a d\u00e9cid\u00e9 de co-pr\u00e9sider pour juin prochain (&#8230;) une conf\u00e9rence pour les deux \u00c9tats avec l&rsquo;id\u00e9e que dans les prochains mois ensemble on multiplie et on f\u00e9d\u00e8re nos initiatives diplomatiques pour emmener tout le monde sur ce chemin\u00a0\u00bb, a-t-il d\u00e9clar\u00e9 \u00e0 la presse.\u00a0<\/span><\/p>\n<p><span data-contrast=\"auto\">Interrog\u00e9 sur une reconnaissance d&rsquo;un \u00c9tat palestinien par la France, Emmanuel Macron a r\u00e9it\u00e9r\u00e9 qu&rsquo;il avait la \u00ab\u00a0volont\u00e9 de le faire\u00a0\u00bb mais \u00ab\u00a0au moment utile, o\u00f9 \u00e7a d\u00e9clenche des mouvements r\u00e9ciproques de reconnaissance\u00a0\u00bb.<\/span><span data-ccp-props=\"{&quot;134233117&quot;:false,&quot;134233118&quot;:false,&quot;201341983&quot;:0,&quot;335559738&quot;:270,&quot;335559739&quot;:270,&quot;335559740&quot;:324}\">\u00a0<\/span><\/p>\n<p><span data-contrast=\"auto\">Au Liban, o\u00f9 un cessez-le-feu est entr\u00e9 en vigueur la semaine derni\u00e8re, les accusations de violations de l\u2019accord viennent s\u2019ajouter aux \u00e9changes de roquettes. Isra\u00ebl a annonc\u00e9 avoir men\u00e9 des bombardements sur plusieurs dizaines de cibles du Hezbollah au Liban. Le Hezbollah r\u00e9agissait lundi, pour la premi\u00e8re fois depuis l\u2019accord de cessez-le-feu, par une attaque contre une position isra\u00e9lienne.\u00a0<\/span><span data-ccp-props=\"{&quot;134233117&quot;:false,&quot;134233118&quot;:false,&quot;201341983&quot;:0,&quot;335559738&quot;:270,&quot;335559739&quot;:270,&quot;335559740&quot;:324}\">\u00a0<\/span><\/p>\n<p><span data-contrast=\"auto\">L\u2019ancien ministre et actuel d\u00e9put\u00e9 du Hezbollah, Hussein Hajj Hassan, a assur\u00e9 dans un entretien au m\u00e9dia russe Sputnik que la \u201cR\u00e9sistance ne souhaite pas un effondrement du cessez-le-feu\u201d. Le mouvement libanais est accus\u00e9 de profiter de cette tr\u00eave \u201cpour se reconstruire\u201d.<\/span><span data-ccp-props=\"{&quot;134233117&quot;:false,&quot;134233118&quot;:false,&quot;201341983&quot;:0,&quot;335559738&quot;:270,&quot;335559739&quot;:270,&quot;335559740&quot;:324}\">\u00a0<\/span><\/p>\n<\/div>\n<p><script>(function(d, s, id) {  var js, fjs = d.getElementsByTagName(s)[0];  if (d.getElementById(id)) return;  js = d.createElement(s); js.id = id;  js.src = \"\/\/connect.facebook.net\/fr_FR\/sdk.js#xfbml=1&version=v2.3\";  fjs.parentNode.insertBefore(js, fjs);}(document, \"script\", \"facebook-jssdk\"));<\/script><br \/>\n<br \/><br \/>\n<br \/><a href=\"https:\/\/www.francesoir.fr\/politique-monde\/tsahal-multiplie-les-operations-gaza-ou-elle-commet-un-genocide-selon-amnesty-le\" target=\"_blank\"\">Source link <\/a><\/p>\n","protected":false},"excerpt":{"rendered":"<p>Tandis que le cessez-le-feu entre le Hezbollah et Isra\u00ebl au Liban vacille, mis \u00e0 rude \u00e9preuve par de nombreuses frappes isra\u00e9liennes, Tsahal intensifie ses op\u00e9rations dans la bande de Gaza.&hellip; <\/p>\n","protected":false},"author":1,"featured_media":1766,"comment_status":"open","ping_status":"open","sticky":false,"template":"","format":"standard","meta":{"footnotes":""},"categories":[1],"tags":[],"class_list":["post-1765","post","type-post","status-publish","format-standard","has-post-thumbnail","hentry","category-non-classe"],"_links":{"self":[{"href":"https:\/\/monde25.info\/index.php\/wp-json\/wp\/v2\/posts\/1765","targetHints":{"allow":["GET"]}}],"collection":[{"href":"https:\/\/monde25.info\/index.php\/wp-json\/wp\/v2\/posts"}],"about":[{"href":"https:\/\/monde25.info\/index.php\/wp-json\/wp\/v2\/types\/post"}],"author":[{"embeddable":true,"href":"https:\/\/monde25.info\/index.php\/wp-json\/wp\/v2\/users\/1"}],"replies":[{"embeddable":true,"href":"https:\/\/monde25.info\/index.php\/wp-json\/wp\/v2\/comments?post=1765"}],"version-history":[{"count":0,"href":"https:\/\/monde25.info\/index.php\/wp-json\/wp\/v2\/posts\/1765\/revisions"}],"wp:featuredmedia":[{"embeddable":true,"href":"https:\/\/monde25.info\/index.php\/wp-json\/wp\/v2\/media\/1766"}],"wp:attachment":[{"href":"https:\/\/monde25.info\/index.php\/wp-json\/wp\/v2\/media?parent=1765"}],"wp:term":[{"taxonomy":"category","embeddable":true,"href":"https:\/\/monde25.info\/index.php\/wp-json\/wp\/v2\/categories?post=1765"},{"taxonomy":"post_tag","embeddable":true,"href":"https:\/\/monde25.info\/index.php\/wp-json\/wp\/v2\/tags?post=1765"}],"curies":[{"name":"wp","href":"https:\/\/api.w.org\/{rel}","templated":true}]}}