{"id":17666,"date":"2025-10-15T07:03:09","date_gmt":"2025-10-15T05:03:09","guid":{"rendered":"https:\/\/monde25.info\/index.php\/2025\/10\/15\/budget-2026-le-fonds-vert-encore-ampute\/"},"modified":"2025-10-15T07:03:09","modified_gmt":"2025-10-15T05:03:09","slug":"budget-2026-le-fonds-vert-encore-ampute","status":"publish","type":"post","link":"https:\/\/monde25.info\/index.php\/2025\/10\/15\/budget-2026-le-fonds-vert-encore-ampute\/","title":{"rendered":"Budget 2026\u00a0: le fonds vert encore amput\u00e9"},"content":{"rendered":"<p> <br \/>\n<br \/><img loading=\"lazy\" decoding=\"async\" src=\"https:\/\/reporterre.net\/local\/cache-vignettes\/L700xH467\/pexels-mike-van-schoonderwalt-1884800-5511087_1_-d57bc.jpg?1760448305\" class=\"spip_logo\" width=\"700\" height=\"467\" alt=\"\" \/><\/p>\n<p>Telle la banquise sous l&rsquo;effet du changement climatique, le fonds vert voit ses cr\u00e9dits r\u00e9duire \u00e0 chaque nouveau projet de loi de finances. Selon le projet de loi de finances pr\u00e9sent\u00e9 en Conseil des ministres le 14\u00a0octobre, et d\u00e9voil\u00e9 par Contexte, le \u00ab<small class=\"fine d-inline\">\u00a0<\/small>fonds d&rsquo;acc\u00e9l\u00e9ration de la transition \u00e9cologique dans les territoires<small class=\"fine d-inline\">\u00a0<\/small>\u00bb se verra dot\u00e9 en 2026 de 650\u00a0millions d&rsquo;euros. <br class=\"autobr\" \/><br \/>\nIl finance notamment les projets d&rsquo;adaptation au changement climatique, d&rsquo;isolation des b\u00e2timents publics, d&rsquo;am\u00e9nagement\u00a0(\u2026)<\/p>\n<p>                    <a target=\"_blank\" href=\"https:\/\/reporterre.net\/Budget-2026-le-fonds-vert-encore-ampute?utm_source=RSS&amp;utm_medium=RSS\">Lire la suite<\/a><\/p>\n<p>                    &#8211;<br \/>\n                        <a target=\"_blank\" href=\"https:\/\/reporterre.net\/Breves-20\" rel=\"directory\">En bref<\/a><\/p>\n<p>                    \/<br \/>\n                        <a target=\"_blank\" href=\"https:\/\/reporterre.net\/Politique\" rel=\"tag\">Politique<\/a><br \/>\n<br \/><br \/>\n<br \/><a href=\"https:\/\/reporterre.net\/Budget-2026-le-fonds-vert-encore-ampute\" target=\"_blank\"\">Source link <\/a><\/p>\n","protected":false},"excerpt":{"rendered":"<p>Telle la banquise sous l&rsquo;effet du changement climatique, le fonds vert voit ses cr\u00e9dits r\u00e9duire \u00e0 chaque nouveau projet de loi de finances. Selon le projet de loi de finances&hellip; <\/p>\n","protected":false},"author":1,"featured_media":0,"comment_status":"open","ping_status":"open","sticky":false,"template":"","format":"standard","meta":{"footnotes":""},"categories":[1],"tags":[],"class_list":["post-17666","post","type-post","status-publish","format-standard","hentry","category-non-classe"],"_links":{"self":[{"href":"https:\/\/monde25.info\/index.php\/wp-json\/wp\/v2\/posts\/17666","targetHints":{"allow":["GET"]}}],"collection":[{"href":"https:\/\/monde25.info\/index.php\/wp-json\/wp\/v2\/posts"}],"about":[{"href":"https:\/\/monde25.info\/index.php\/wp-json\/wp\/v2\/types\/post"}],"author":[{"embeddable":true,"href":"https:\/\/monde25.info\/index.php\/wp-json\/wp\/v2\/users\/1"}],"replies":[{"embeddable":true,"href":"https:\/\/monde25.info\/index.php\/wp-json\/wp\/v2\/comments?post=17666"}],"version-history":[{"count":0,"href":"https:\/\/monde25.info\/index.php\/wp-json\/wp\/v2\/posts\/17666\/revisions"}],"wp:attachment":[{"href":"https:\/\/monde25.info\/index.php\/wp-json\/wp\/v2\/media?parent=17666"}],"wp:term":[{"taxonomy":"category","embeddable":true,"href":"https:\/\/monde25.info\/index.php\/wp-json\/wp\/v2\/categories?post=17666"},{"taxonomy":"post_tag","embeddable":true,"href":"https:\/\/monde25.info\/index.php\/wp-json\/wp\/v2\/tags?post=17666"}],"curies":[{"name":"wp","href":"https:\/\/api.w.org\/{rel}","templated":true}]}}