{"id":17667,"date":"2025-10-15T07:35:59","date_gmt":"2025-10-15T05:35:59","guid":{"rendered":"https:\/\/monde25.info\/index.php\/2025\/10\/15\/un-etat-palestinien-ou-une-reserve-palestinienne-2\/"},"modified":"2025-10-15T07:35:59","modified_gmt":"2025-10-15T05:35:59","slug":"un-etat-palestinien-ou-une-reserve-palestinienne-2","status":"publish","type":"post","link":"https:\/\/monde25.info\/index.php\/2025\/10\/15\/un-etat-palestinien-ou-une-reserve-palestinienne-2\/","title":{"rendered":"Un \u00c9tat palestinien ou une r\u00e9serve palestinienne ?"},"content":{"rendered":"<p> <br \/>\n<\/p>\n<div>\n<ol class=\"campaign-loop campaign-list\">\n<li id=\"campaign-482494\" class=\"post-482494 campaign type-campaign status-publish hentry campaign-has-goal campaign-has-not-achieved-goal campaign-has-end-date campaign-has-not-ended\">\n\t<a target=\"_blank\" href=\"https:\/\/reseauinternational.net\/campaigns\/campagne-de-dons-septembre-octobre-2025\/\"><\/p>\n<h3>Campagne de dons Octobre 2025<\/h3>\n<p>\t\t\t<\/a><\/p>\n<p>\n\tAppel aux dons \u2013 Votre soutien nous est indispensable pour continuer \u00e0 vous fournir le meilleur de l\u2019information internationale alternative. C\u2019est gr\u00e2ce \u00e0 vos dons que nous pourrons maintenir le cap pour une information plurielle et r\u00e9ellement alternative. Nous comptons sur vous.<\/p>\n<p>\n<span class=\"amount\">11 420,87\u00a0\u20ac<\/span> de l\u2019objectif de <span class=\"goal-amount\">25 000,00\u00a0\u20ac<\/span> atteint<\/p>\n<\/li>\n<\/ol>\n<p>par <strong>Mohamed El Bachir<\/strong><\/p>\n<p>\u00ab<em>Tant que les lions n\u2019auront pas d\u2019historiens, les histoires de chasse glorifieront le chasseur<\/em>\u00bb. (proverbe africain)<\/p>\n<h5 class=\"wp-block-heading\"><strong>Soutenir le g\u00e9nocidaire sioniste et jouer le r\u00f4le de l\u2019avocat de la victime palestinienne<\/strong><\/h5>\n<p>Le 22 septembre 2025, \u00e0 la Tribune des Nations unies, le pr\u00e9sident fran\u00e7ais d\u00e9clara : \u00ab<em>en 1947, cette Assembl\u00e9e d\u00e9cidait du partage de la Palestine mandataire entre deux \u00c9tats, l\u2019un juif et l\u2019autre arabe, et reconnaissait ainsi le droit de chacun \u00e0 l\u2019autod\u00e9termination. La communaut\u00e9 internationale consacrait l\u00e0 l\u2019\u00c9tat d\u2019Isra\u00ebl, accomplissant le destin de ce peuple, enfin, apr\u00e8s des mill\u00e9naires d\u2019errance et de pers\u00e9cution, et qui put fonder l\u00e0 une si belle d\u00e9mocratie<\/em>\u00bb.<\/p>\n<p>Une pr\u00e9cision s\u2019impose, la Palestine fut une terre habit\u00e9e par des arabes juifs, chr\u00e9tiens et musulmans. Les trois qualificatifs juif, chr\u00e9tien et musulman sont \u00e9num\u00e9r\u00e9s pour respecter l\u2019ordre chronologique de leur existence sur cette terre. Terre des trois monoth\u00e9ismes !<\/p>\n<p>En 1947, les puissances politiques et militaires \u00c9tats-Unis, Angleterre, France et URSS ont d\u00e9cid\u00e9 de modifier la nature de cette terre en tenant en compte l\u2019id\u00e9ologie du mouvement sioniste n\u00e9 en Europe et dont les fondements id\u00e9ologiques furent d\u00e9finis au Congr\u00e8s de B\u00e2le en 1897. Ce choix g\u00e9opolitique des Puissants est dans la continuit\u00e9 de la D\u00e9claration Balfour adress\u00e9e par le ministre des Affaires \u00e9trang\u00e8res anglais Lord Arthur Balfour le 2 novembre 1917 \u00e0 Th\u00e9odor Herzl, le p\u00e8re du sionisme politique : <strong>un foyer national pour le peuple juif en terre de Palestine.<\/strong><\/p>\n<p>Ainsi l\u2019\u00c9tat d\u2019Isra\u00ebl est le produit d\u2019une puissance coloniale et approuv\u00e9 en 1947 par les puissances cit\u00e9es ci-dessus. \u00c9videmment, l\u2019Holocauste nazi fut le socle sur lequel se sont appuy\u00e9es ces puissances pour fonder l\u2019\u00c9tat d\u2019Isra\u00ebl dans un contexte de confrontation g\u00e9ostrat\u00e9gique entre puissances occidentales et URSS.<\/p>\n<p>En affirmant que cet \u00c9tat d\u2019Isra\u00ebl est l\u2019accomplissement du destin <em>de <\/em>\u00ab<em>ce peuple, enfin, apr\u00e8s des mill\u00e9naires d\u2019errance et de pers\u00e9cution<\/em>\u00bb<em>, <\/em>le pr\u00e9sident fran\u00e7ais omet de pr\u00e9ciser que la pers\u00e9cution des juifs eu lieu en Europe et sous-entend que le peuple palestinien n\u2019est qu\u2019un locataire provisoire sur cette terre. Cette affirmation du pr\u00e9sident fran\u00e7ais est coh\u00e9rente avec ce qu\u2019il a d\u00e9clar\u00e9 en 2017 au d\u00eener du Crif : \u00ab<em>J\u00e9rusalem est la capitale \u00e9ternelle du peuple juif<\/em>. <em>Je n\u2019ai jamais cess\u00e9 de le dire<\/em>\u00bb.<\/p>\n<p>Une terre o\u00f9 fut fonder une \u00ab<em>si belle d\u00e9mocratie<\/em>\u00bbqui s\u2019est d\u00e9barrass\u00e9 du peuple palestinien et continue sur cette voie pour l\u2019instauration du Grand Isra\u00ebl. Toujours prisonnier du \u00aben m\u00eame temps\u00bb, le pr\u00e9sident fran\u00e7ais ignore sans doute les propos de Ben Gourion, Premier ministre de l\u2019entit\u00e9 sioniste de 1948 \u00e0 1954 et de 1955 \u00e0 1963 : \u00ab<em>\u2026Pourquoi les Palestiniens feraient-ils la paix ? Si j\u2019\u00e9tais, moi, un leader palestinien, jamais je ne signerais avec Isra\u00ebl. C\u2019est normal, nous avons pris leur pays. Certes, Dieu nous l\u2019a promis, mais en quoi cela peut-il les int\u00e9resser ? Notre Dieu n\u2019est pas le leur. Nous sommes originaires d\u2019Isra\u00ebl, c\u2019est vrai, mais il y a de cela deux mille ans : en quoi cela les concerne-t-il ? Il y a eu l\u2019antis\u00e9mitisme, les nazis, Hitler, Auschwitz, mais est-ce leur faute ? Ils ne voient qu\u2019une chose : nous sommes venus et nous avons vol\u00e9 leur pays. Pourquoi l\u2019accepteraient-ils ?<\/em>\u00bb<\/p>\n<h5 class=\"wp-block-heading\"><strong>Un \u00c9tat palestinien ?<\/strong><\/h5>\n<p>En reconnaissant un \u00c9tat palestinien, la France ainsi que l\u2019Angleterre et l\u2019Allemagne esp\u00e8rent effacer des m\u00e9moires leurs participations au g\u00e9nocide \u00e0 Gaza en aidant l\u2019\u00c9tat sioniste et sur le plan militaire et sur le plan \u00e9conomique\u2026 Derni\u00e8re \u00e9tape, un plan de paix r\u00e9dig\u00e9 par le chef supr\u00eame de l\u2019imp\u00e9rialisme isra\u00e9lo-occidental, D. Trump, avec l\u2019aval du premier ministre isra\u00e9lien, sugg\u00e8re l\u2019instauration d\u2019un \u00c9tat palestinien sous des conditions qui annihilent, d\u2019une part, le droit \u00e0 l\u2019autod\u00e9termination du peuple palestinien et ne dit mot sur les colonies sionistes qui continuent \u00e0 s\u2019\u00e9tendre en Cisjordanie. La future Jud\u00e9e-Samarie ?<\/p>\n<p>Un \u00c9tat palestinien dont ni le territoire ni les contours ne sont \u00e0 l\u2019ordre du jour\u2026<\/p>\n<p>Bref, un cessez-le-feu n\u2019est nullement synonyme de paix\u2026 D\u2019o\u00f9 la question : un \u00c9tat palestinien o\u00f9 une r\u00e9serve palestinienne ? Avec la b\u00e9n\u00e9diction des \u00ab<em>dirigeants arabes dans l\u2019habit du serviteur volontaire<\/em>\u00bb.\n<\/p>\n<div class=\"sharedaddy sd-block sd-like jetpack-likes-widget-wrapper jetpack-likes-widget-unloaded\" id=\"like-post-wrapper-237719536-488267-68ef2c04a5bc2\" data-src=\"https:\/\/widgets.wp.com\/likes\/?ver=15.0.2#blog_id=237719536&amp;post_id=488267&amp;origin=reseauinternational.net&amp;obj_id=237719536-488267-68ef2c04a5bc2\" data-name=\"like-post-frame-237719536-488267-68ef2c04a5bc2\" data-title=\"Aimer ou rebloguer\">\n<h3 class=\"sd-title\">J\u2019aime \u00e7a\u00a0:<\/h3>\n<p><span class=\"button\"><span>J\u2019aime<\/span><\/span> <span class=\"loading\">chargement\u2026<\/span><\/p>\n<p><span class=\"sd-text-color\"\/><a target=\"_blank\" class=\"sd-link-color\"\/><\/div>\n<p><meta itemscope=\"\" itemprop=\"mainEntityOfPage\" itemtype=\"https:\/\/schema.org\/WebPage\" itemid=\"https:\/\/reseauinternational.net\/un-etat-palestinien-ou-une-reserve-palestinienne\/\"\/><meta itemprop=\"headline\" content=\"Un \u00c9tat palestinien ou une r\u00e9serve palestinienne ?\"\/><span style=\"display: none;\" itemprop=\"author\" itemscope=\"\" itemtype=\"https:\/\/schema.org\/Person\"><meta itemprop=\"name\" content=\"R\u00e9seau International\"\/><\/span><span style=\"display: none;\" itemprop=\"image\" itemscope=\"\" itemtype=\"https:\/\/schema.org\/ImageObject\"><meta itemprop=\"url\" content=\"https:\/\/i0.wp.com\/reseauinternational.net\/wp-content\/uploads\/2025\/10\/IMAGE-2025-10-14-140321.jpg?fit=800%2C467&amp;quality=100&amp;ssl=1\"\/><meta itemprop=\"width\" content=\"800\"\/><meta itemprop=\"height\" content=\"467\"\/><\/span><span style=\"display: none;\" itemprop=\"publisher\" itemscope=\"\" itemtype=\"https:\/\/schema.org\/Organization\"><span style=\"display: none;\" itemprop=\"logo\" itemscope=\"\" itemtype=\"https:\/\/schema.org\/ImageObject\"><meta itemprop=\"url\" content=\"https:\/\/reseauinternational.net\/wp-content\/uploads\/2022\/06\/Capture-de\u0301cran-2022-06-14-a\u0300-16.51.07.png\"\/><\/span><meta itemprop=\"name\" content=\"R\u00e9seau International\"\/><\/span><meta itemprop=\"datePublished\" content=\"2025-10-14T09:29:30+00:00\"\/><meta itemprop=\"dateModified\" content=\"2025-10-14T09:29:45+00:00\"\/><\/div>\n<p><br \/>\n<br \/><a href=\"https:\/\/reseauinternational.net\/un-etat-palestinien-ou-une-reserve-palestinienne\/\" target=\"_blank\"\">Source link <\/a><\/p>\n","protected":false},"excerpt":{"rendered":"<p>Campagne de dons Octobre 2025 Appel aux dons \u2013 Votre soutien nous est indispensable pour continuer \u00e0 vous fournir le meilleur de l\u2019information internationale alternative. C\u2019est gr\u00e2ce \u00e0 vos dons&hellip; <\/p>\n","protected":false},"author":1,"featured_media":17668,"comment_status":"open","ping_status":"open","sticky":false,"template":"","format":"standard","meta":{"footnotes":""},"categories":[1],"tags":[],"class_list":["post-17667","post","type-post","status-publish","format-standard","has-post-thumbnail","hentry","category-non-classe"],"_links":{"self":[{"href":"https:\/\/monde25.info\/index.php\/wp-json\/wp\/v2\/posts\/17667","targetHints":{"allow":["GET"]}}],"collection":[{"href":"https:\/\/monde25.info\/index.php\/wp-json\/wp\/v2\/posts"}],"about":[{"href":"https:\/\/monde25.info\/index.php\/wp-json\/wp\/v2\/types\/post"}],"author":[{"embeddable":true,"href":"https:\/\/monde25.info\/index.php\/wp-json\/wp\/v2\/users\/1"}],"replies":[{"embeddable":true,"href":"https:\/\/monde25.info\/index.php\/wp-json\/wp\/v2\/comments?post=17667"}],"version-history":[{"count":0,"href":"https:\/\/monde25.info\/index.php\/wp-json\/wp\/v2\/posts\/17667\/revisions"}],"wp:featuredmedia":[{"embeddable":true,"href":"https:\/\/monde25.info\/index.php\/wp-json\/wp\/v2\/media\/17668"}],"wp:attachment":[{"href":"https:\/\/monde25.info\/index.php\/wp-json\/wp\/v2\/media?parent=17667"}],"wp:term":[{"taxonomy":"category","embeddable":true,"href":"https:\/\/monde25.info\/index.php\/wp-json\/wp\/v2\/categories?post=17667"},{"taxonomy":"post_tag","embeddable":true,"href":"https:\/\/monde25.info\/index.php\/wp-json\/wp\/v2\/tags?post=17667"}],"curies":[{"name":"wp","href":"https:\/\/api.w.org\/{rel}","templated":true}]}}