{"id":17679,"date":"2025-10-15T11:27:39","date_gmt":"2025-10-15T09:27:39","guid":{"rendered":"https:\/\/monde25.info\/index.php\/2025\/10\/15\/lecologie-nest-pas-un-luxe-elle-rend-nos-vies-soutenables\/"},"modified":"2025-10-15T11:27:39","modified_gmt":"2025-10-15T09:27:39","slug":"lecologie-nest-pas-un-luxe-elle-rend-nos-vies-soutenables","status":"publish","type":"post","link":"https:\/\/monde25.info\/index.php\/2025\/10\/15\/lecologie-nest-pas-un-luxe-elle-rend-nos-vies-soutenables\/","title":{"rendered":"\u00ab\u00a0L&#039;\u00e9cologie n&#039;est pas un luxe, elle rend nos vies soutenables\u00a0\u00bb"},"content":{"rendered":"<p> <br \/>\n<br \/><img loading=\"lazy\" decoding=\"async\" src=\"https:\/\/reporterre.net\/local\/cache-vignettes\/L700xH467\/reporterre-format-final-d169f.jpg?1760514845\" class=\"spip_logo\" width=\"700\" height=\"467\" alt=\"\" \/><\/p>\n<p>L&rsquo;\u00e9cologie, pas une priorit\u00e9 dans les quartiers populaires<small class=\"fine d-inline\">\u00a0<\/small>? Au contraire, \u00e9crit la militante Rania Daki, qui revient dans sa chronique sur la n\u00e9cessit\u00e9 de penser une \u00e9cologie sociale, enracin\u00e9e, \u00ab<small class=\"fine d-inline\">\u00a0<\/small>m\u00eame sur un sol ab\u00eem\u00e9<small class=\"fine d-inline\">\u00a0<\/small>\u00bb. <br class=\"autobr\" \/> Rania Daki, 23 ans, cofondatrice de La jeunesse populaire et du m\u00e9dia Diasporas, se bat pour inscrire la justice sociale au c\u0153ur du combat environnemental. <br class=\"autobr\" \/><br \/>\n\u00ab<small class=\"fine d-inline\">\u00a0<\/small>Pourquoi tu parles d&rsquo;\u00e9cologie, alors que c&rsquo;est pas notre priorit\u00e9 dans la vie<small class=\"fine d-inline\">\u00a0<\/small>?<small class=\"fine d-inline\">\u00a0<\/small>\u00bb Cette question, on me l&rsquo;a\u00a0(\u2026)<\/p>\n<p>                    <a target=\"_blank\" href=\"https:\/\/reporterre.net\/L-ecologie-n-est-pas-un-luxe-elle-rend-nos-vies-soutenables?utm_source=RSS&amp;utm_medium=RSS\">Lire la suite<\/a><\/p>\n<p>                    &#8211;<br \/>\n                        <a target=\"_blank\" href=\"https:\/\/reporterre.net\/CHRONIQUES-22\" rel=\"directory\">Chronique<\/a><\/p>\n<p>                    \/<br \/>\n                        <a target=\"_blank\" href=\"https:\/\/reporterre.net\/Luttes\" rel=\"tag\">Luttes<\/a><br \/>\n                    ,<br \/>\n                        <a target=\"_blank\" href=\"https:\/\/reporterre.net\/Pollutions\" rel=\"tag\">Pollutions<\/a><br \/>\n                    ,<br \/>\n                        <a target=\"_blank\" href=\"https:\/\/reporterre.net\/Social\" rel=\"tag\">Social<\/a><br \/>\n<br \/><br \/>\n<br \/><a href=\"https:\/\/reporterre.net\/L-ecologie-n-est-pas-un-luxe-elle-rend-nos-vies-soutenables\" target=\"_blank\"\">Source link <\/a><\/p>\n","protected":false},"excerpt":{"rendered":"<p>L&rsquo;\u00e9cologie, pas une priorit\u00e9 dans les quartiers populaires\u00a0? Au contraire, \u00e9crit la militante Rania Daki, qui revient dans sa chronique sur la n\u00e9cessit\u00e9 de penser une \u00e9cologie sociale, enracin\u00e9e, \u00ab\u00a0m\u00eame&hellip; <\/p>\n","protected":false},"author":1,"featured_media":0,"comment_status":"open","ping_status":"open","sticky":false,"template":"","format":"standard","meta":{"footnotes":""},"categories":[1],"tags":[],"class_list":["post-17679","post","type-post","status-publish","format-standard","hentry","category-non-classe"],"_links":{"self":[{"href":"https:\/\/monde25.info\/index.php\/wp-json\/wp\/v2\/posts\/17679","targetHints":{"allow":["GET"]}}],"collection":[{"href":"https:\/\/monde25.info\/index.php\/wp-json\/wp\/v2\/posts"}],"about":[{"href":"https:\/\/monde25.info\/index.php\/wp-json\/wp\/v2\/types\/post"}],"author":[{"embeddable":true,"href":"https:\/\/monde25.info\/index.php\/wp-json\/wp\/v2\/users\/1"}],"replies":[{"embeddable":true,"href":"https:\/\/monde25.info\/index.php\/wp-json\/wp\/v2\/comments?post=17679"}],"version-history":[{"count":0,"href":"https:\/\/monde25.info\/index.php\/wp-json\/wp\/v2\/posts\/17679\/revisions"}],"wp:attachment":[{"href":"https:\/\/monde25.info\/index.php\/wp-json\/wp\/v2\/media?parent=17679"}],"wp:term":[{"taxonomy":"category","embeddable":true,"href":"https:\/\/monde25.info\/index.php\/wp-json\/wp\/v2\/categories?post=17679"},{"taxonomy":"post_tag","embeddable":true,"href":"https:\/\/monde25.info\/index.php\/wp-json\/wp\/v2\/tags?post=17679"}],"curies":[{"name":"wp","href":"https:\/\/api.w.org\/{rel}","templated":true}]}}