{"id":17680,"date":"2025-10-15T12:01:21","date_gmt":"2025-10-15T10:01:21","guid":{"rendered":"https:\/\/monde25.info\/index.php\/2025\/10\/15\/le-cout-de-la-precaution-sanitaire\/"},"modified":"2025-10-15T12:01:21","modified_gmt":"2025-10-15T10:01:21","slug":"le-cout-de-la-precaution-sanitaire","status":"publish","type":"post","link":"https:\/\/monde25.info\/index.php\/2025\/10\/15\/le-cout-de-la-precaution-sanitaire\/","title":{"rendered":"le co\u00fbt de la pr\u00e9caution sanitaire"},"content":{"rendered":"<p> <br \/>\n<\/p>\n<div>\n<h4><strong>Dans le cadre de la pr\u00e9vention des \u00e9pid\u00e9mies animales, les autorit\u00e9s sanitaires proc\u00e8dent r\u00e9guli\u00e8rement \u00e0 l\u2019abattage de millions d\u2019animaux. Cette strat\u00e9gie, pr\u00e9sent\u00e9e comme une mesure de pr\u00e9caution, suscite un d\u00e9bat croissant <a target=\"_blank\" href=\"https:\/\/mrmondialisation.org\/agriculture-en-finir-avec-le-mythe-du-technosolutionnisme\/\">sur son efficacit\u00e9 r\u00e9elle<\/a> et ses implications \u00e9thiques.<\/strong><\/h4>\n<p>L\u2019abattage pr\u00e9ventif illustre l\u2019\u00e9tendue du pouvoir que l\u2019\u00eatre humain exerce sur les animaux, domestiques <a target=\"_blank\" href=\"https:\/\/mrmondialisation.org\/malgre-son-inefficacite-averee-labattage-de-la-faune-sauvage-toujours-pratiquee\/\">comme sauvages.<\/a> <strong>Des mod\u00e8les alternatifs, reposant sur des syst\u00e8mes de production \u00e0 plus petite \u00e9chelle et un rapport plus respectueux au vivant, existent pourtant.<\/strong><\/p>\n<h2><strong>Les tueries banalis\u00e9es<\/strong><\/h2>\n<p>Standardis\u00e9 et industrialis\u00e9, <strong><a target=\"_blank\" href=\"https:\/\/mrmondialisation.org\/a-la-ferme-des-arondes-on-reve-dagriculture-humaine-et-ecologique\/\">le mod\u00e8le agricole industriel<\/a> s\u2019appuie \u00e0 la fois sur une production \u00e0 la cha\u00eene et la rentabilit\u00e9, le bien-\u00eatre animal \u00e9tant lui repouss\u00e9 en arri\u00e8re-plan.<\/strong> L\u2019abattage massif sur le globe pour la consommation alimentaire (<a target=\"_blank\" href=\"https:\/\/www.l214.com\/animaux\/chiffres-cles\/statistiques-nombre-animaux-abattus-monde-viande\/\">2050 milliards estim\u00e9s<\/a>) semble m\u00eame avoir \u00e9t\u00e9 compl\u00e8tement banalis\u00e9.<\/p>\n<p><img decoding=\"async\" src=\"https:\/\/mrmondialisation.org\/wp-content\/uploads\/2024\/05\/infographie-age-viande-insta-final-insta.jpg\"\/><\/p>\n<p>Dans l\u2019opinion publique, les abattages pr\u00e9ventifs de plusieurs milliers d\u2019animaux suscitent rarement l\u2019indignation. <strong>L\u2019attention se porte davantage sur les r\u00e9percussions \u00e9conomiques pour les \u00e9leveurs,<\/strong> laissant de c\u00f4t\u00e9 la question du sens de ces mises \u00e0 mort non alimentaires.<\/p>\n<h2><strong>Des millions de victimes<\/strong><\/h2>\n<p>Au gr\u00e9 des \u00e9pid\u00e9mies, des millions d\u2019animaux ont sommairement \u00e9t\u00e9 ex\u00e9cut\u00e9s pour ne \u00ab\u00a0prendre aucun risque\u00a0\u00bb.\u00a0<strong>La pratique de l\u2019abattage sanitaire pr\u00e9c\u00e8de l\u2019\u00e8re industrielle. <a target=\"_blank\" href=\"https:\/\/revue-sesame-inrae.fr\/abattages-preventifs-%25E2%2580%25A8et-si-on-rectifiait-le-tir\/\">Au XVIIIe si\u00e8cle, elle est mise en \u0153uvre pour la premi\u00e8re fois afin d\u2019enrayer la peste bovine, sur recommandation d\u2019un m\u00e9decin pontifical.<\/a><\/strong><\/p>\n<p>N\u00e9anmoins <strong>avec l\u2019agriculture industrielle et les modes d\u2019\u00e9levages intensifs, les maladies vont se multiplier \u00e0 partir de la fin du XX<sup>e<\/sup> si\u00e8cle\u00a0: vache folle, fi\u00e8vre aphteuse, brucellose, peste porcine, grippe aviaire, etc.<\/strong> Chaque fois, des millions de b\u00eates, y compris certaines compl\u00e8tement saines, seront sacrifi\u00e9s sur l\u2019autel de la prudence.<\/p>\n<h2><strong>Une mort vide de sens\u00a0?<\/strong><\/h2>\n<p><a target=\"_blank\" href=\"https:\/\/www.liberation.fr\/planete\/2018\/09\/25\/big-food-ou-le-cauchemar-de-l-elevage-industriel_1678827\/\">Alors m\u00eame que les conditions de vie des animaux dans les \u00e9levages intensifs suscitent d\u00e9j\u00e0 de vives critiques,<\/a> leur mise \u00e0 mort sans usage alimentaire soul\u00e8ve une indignation suppl\u00e9mentaire. <strong>Dans le cas des abattages pr\u00e9ventifs, les souffrances inflig\u00e9es ne d\u00e9bouchent sur aucune valorisation, ni nutritionnelle ni \u00e9conomique.<\/strong><\/p>\n<p>L\u2019id\u00e9e para\u00eet d\u2019autant plus absurde lorsque <strong>des milliers d\u2019animaux bien portants sont mis \u00e0 mort par simple pr\u00e9caution pour \u00e9viter une potentielle propagation de la maladie. <\/strong>Une telle approche ne serait envisageable dans aucun autre contexte sanitaire, notamment lorsqu\u2019il s\u2019agit d\u2019\u00eatres humains.<\/p>\n<h2><strong>Des cons\u00e9quences de l\u2019\u00e9levage industriel<\/strong><\/h2>\n<p>Cette approche d\u00e9coule directement des logiques de production qui structurent l\u2019\u00e9levage industriel contemporain. <strong>L\u2019augmentation colossale de la taille des exploitations, notamment <a target=\"_blank\" href=\"https:\/\/www.greenpeace.fr\/carte-fermes-usines-france\/\">l\u2019\u00e9mergence de fermes-usines<\/a> <\/strong>o\u00f9 le nombre d\u2019animaux peut atteindre plusieurs dizaines de millions.<\/p>\n<div class=\"td-a-rec td-a-rec-id-content_inline  tdi_1 td_block_template_1\">\n<span class=\"td-adspot-title\">&#8211; Pour une information libre ! &#8211;<\/span><a target=\"_blank\" href=\"https:\/\/fr.tipeee.com\/mr-mondialisation\" class=\"tipeee-project-small\">Soutenir Mr Japanization sur Tipeee<\/a>\n<\/div>\n<p><strong>Une telle concentration ne peut que favoriser la propagation des affections, mais \u00e9galement en \u00eatre la principale cause.<\/strong> Le fait d\u2019avoir cr\u00e9\u00e9 <strong>des esp\u00e8ces standardis\u00e9es avec un patrimoine g\u00e9n\u00e9tique tr\u00e8s proche,<\/strong> destin\u00e9 \u00e0 produire toujours plus, rend aussi les troupeaux <a target=\"_blank\" href=\"https:\/\/revue-sesame-inrae.fr\/abattages-preventifs-%25E2%2580%25A8et-si-on-rectifiait-le-tir\/\">plus sensibles aux transmissions<\/a>.<\/p>\n<p><iframe loading=\"lazy\" title=\"Il a os\u00e9 d\u00e9noncer l\u2019horreur des abattoirs : il t\u00e9moigne\" width=\"1110\" height=\"624\" src=\"https:\/\/www.youtube.com\/embed\/_bDFdXCug6Q?feature=oembed\" frameborder=\"0\" allow=\"accelerometer; autoplay; clipboard-write; encrypted-media; gyroscope; picture-in-picture; web-share\" referrerpolicy=\"strict-origin-when-cross-origin\" allowfullscreen><\/iframe><\/p>\n<p>Traiter les animaux de cette mani\u00e8re renvoie, en outre, \u00e0 <strong>la mani\u00e8re dont on les consid\u00e8re, c\u2019est-\u00e0-dire comme de simples marchandises. Face \u00e0 une \u00e9pid\u00e9mie humaine, on tenterait de soigner les malades voire d\u2019instaurer des vaccins.<\/strong><\/p>\n<h2><strong>Des contagions pas forc\u00e9ment \u00e9videntes<\/strong><\/h2>\n<p>Ici, les b\u00eates sont per\u00e7ues simplement comme de la nourriture, et <strong>\u00e0 l\u2019image de ce que l\u2019on conna\u00eet avec les l\u00e9gumes, le moindre d\u00e9faut ne saurait \u00eatre tol\u00e9r\u00e9.<\/strong> Si un animal a \u00e9t\u00e9 malade, il ne sera parfois pas soign\u00e9 et encore moins consomm\u00e9. Et pourtant, <strong>de nombreuses affections attrap\u00e9es par les animaux ne sont pas transmissibles \u00e0 l\u2019\u00eatre humain.<\/strong><\/p>\n<p><iframe loading=\"lazy\" title=\"\u00c9levage Intensif : La menace cach\u00e9e de la Grippe Aviaire\" width=\"1110\" height=\"624\" src=\"https:\/\/www.youtube.com\/embed\/o3D0p2UnoUI?feature=oembed\" frameborder=\"0\" allow=\"accelerometer; autoplay; clipboard-write; encrypted-media; gyroscope; picture-in-picture; web-share\" referrerpolicy=\"strict-origin-when-cross-origin\" allowfullscreen><\/iframe><\/p>\n<p>En France, <strong>le principe de pr\u00e9caution est toutefois souvent celui qui est adopt\u00e9 par les pr\u00e9fets qui ont toute autorit\u00e9 sur ce sujet, et ce m\u00eame <a target=\"_blank\" href=\"https:\/\/revue-sesame-inrae.fr\/abattages-preventifs-%25E2%2580%25A8et-si-on-rectifiait-le-tir\/\">\u00e0 l\u2019encontre<\/a> de certains experts.<\/strong> Dans certains cas, le danger de contagion est d\u2019ailleurs nul, comme pour la grippe aviaire qu\u2019il est <a target=\"_blank\" href=\"https:\/\/pasteur-lille.fr\/centre-prevention-sante-longevite\/vaccins-et-voyages\/grippe-aviaire\/\">impossible de contracter<\/a> en mangeant de la volaille cuite. Dans ce contexte, sacrifier des millions d\u2019animaux, a priori bien portants, appara\u00eet encore plus absurde.<\/p>\n<p><strong>L\u2019id\u00e9e des vaccinations et des traitements semble quant \u00e0 elle \u00e9cart\u00e9e.<\/strong> <a target=\"_blank\" href=\"https:\/\/www.leparisien.fr\/societe\/l-abattage-preventif-une-exception-francaise-07-01-2017-6535824.php\">Certains arguent<\/a> en effet que l\u2019on pourrait ainsi <strong>cr\u00e9er des porteurs sains sans indice de contamination et prendre le risque de voir les virus muter<\/strong> et devenir transmissible \u00e0 l\u2019\u00eatre humain. D\u2019autres r\u00e9torquent que <strong>le probl\u00e8me est avant tout \u00e9conomique puisque les industriels <a target=\"_blank\" href=\"https:\/\/www.fondation-droit-animal.org\/110-abattage-preventif-une-pratique-controversee\/\">refusent d\u2019acheter<\/a> des volailles vaccin\u00e9es.<\/strong><\/p>\n<h2><strong>Repenser notre mod\u00e8le agricole<\/strong><\/h2>\n<p>Ce mod\u00e8le met en lumi\u00e8re<strong> un rapport aux animaux essentiellement utilitariste, qui limite toute consid\u00e9ration pour leur sensibilit\u00e9.<\/strong>\u00a0Repenser la place de l\u2019animal dans le syst\u00e8me agricole passe par<strong> la remise en cause de sa r\u00e9duction \u00e0 une simple marchandise, et les traiter pour ce qu\u2019ils sont : des \u00eatres sensibles.<\/strong><\/p>\n<p>En ce sens, il appara\u00eet <strong>n\u00e9cessaire d\u2019en finir avec les \u00e9levages industriels<\/strong> dont les conditions indignes ne peuvent que favoriser les maladies et la mutation de virus. Cependant, pour en arriver l\u00e0, il faudra d\u2019abord passer par une <strong>diminution drastique de notre consommation de produits animaux.<\/strong> Une r\u00e9flexion \u00e9thique de fond reste \u00e0 mener sur <a target=\"_blank\" href=\"https:\/\/mrmondialisation.org\/petite-histoire-veganisme\/\">la l\u00e9gitimit\u00e9 que s\u2019octroie l\u2019esp\u00e8ce humaine \u00e0 disposer de la vie des autres esp\u00e8ces.<\/a><\/p>\n<p style=\"text-align: right;\"><em>\u2013 <strong>Simon Verdi\u00e8re<\/strong><\/em><\/p>\n<hr\/>\n<p>Photo de couverture de cottonbro studio. Pexels.<\/p>\n<div class=\"td-a-rec td-a-rec-id-content_bottom  tdi_2 td_block_template_1\">\n<span class=\"td-adspot-title\">&#8211; Cet article gratuit et ind\u00e9pendant existe gr\u00e2ce \u00e0 vous &#8211;<\/span><\/p>\n<div class=\"td-all-devices\">\n    <a target=\"_blank\" href=\"https:\/\/mrmondialisation.org\/donation\/\" title=\"Faire_un_don\"><img decoding=\"async\" class=\"donationArticle\" src=\"https:\/\/mrmondialisation.org\/wp-content\/uploads\/2022\/12\/220405-flikalicious-final.jpg\" alt=\"Donation\"\/><\/a>\n<\/div>\n<\/div><\/div>\n<p><br \/>\n<br \/><a href=\"https:\/\/mrmondialisation.org\/abattage-preventif-sanitaire\/\" target=\"_blank\"\">Source link <\/a><\/p>\n","protected":false},"excerpt":{"rendered":"<p>Dans le cadre de la pr\u00e9vention des \u00e9pid\u00e9mies animales, les autorit\u00e9s sanitaires proc\u00e8dent r\u00e9guli\u00e8rement \u00e0 l\u2019abattage de millions d\u2019animaux. Cette strat\u00e9gie, pr\u00e9sent\u00e9e comme une mesure de pr\u00e9caution, suscite un d\u00e9bat&hellip; <\/p>\n","protected":false},"author":1,"featured_media":17681,"comment_status":"open","ping_status":"open","sticky":false,"template":"","format":"standard","meta":{"footnotes":""},"categories":[1],"tags":[],"class_list":["post-17680","post","type-post","status-publish","format-standard","has-post-thumbnail","hentry","category-non-classe"],"_links":{"self":[{"href":"https:\/\/monde25.info\/index.php\/wp-json\/wp\/v2\/posts\/17680","targetHints":{"allow":["GET"]}}],"collection":[{"href":"https:\/\/monde25.info\/index.php\/wp-json\/wp\/v2\/posts"}],"about":[{"href":"https:\/\/monde25.info\/index.php\/wp-json\/wp\/v2\/types\/post"}],"author":[{"embeddable":true,"href":"https:\/\/monde25.info\/index.php\/wp-json\/wp\/v2\/users\/1"}],"replies":[{"embeddable":true,"href":"https:\/\/monde25.info\/index.php\/wp-json\/wp\/v2\/comments?post=17680"}],"version-history":[{"count":0,"href":"https:\/\/monde25.info\/index.php\/wp-json\/wp\/v2\/posts\/17680\/revisions"}],"wp:featuredmedia":[{"embeddable":true,"href":"https:\/\/monde25.info\/index.php\/wp-json\/wp\/v2\/media\/17681"}],"wp:attachment":[{"href":"https:\/\/monde25.info\/index.php\/wp-json\/wp\/v2\/media?parent=17680"}],"wp:term":[{"taxonomy":"category","embeddable":true,"href":"https:\/\/monde25.info\/index.php\/wp-json\/wp\/v2\/categories?post=17680"},{"taxonomy":"post_tag","embeddable":true,"href":"https:\/\/monde25.info\/index.php\/wp-json\/wp\/v2\/tags?post=17680"}],"curies":[{"name":"wp","href":"https:\/\/api.w.org\/{rel}","templated":true}]}}