{"id":1769,"date":"2024-12-08T16:02:12","date_gmt":"2024-12-08T15:02:12","guid":{"rendered":"https:\/\/monde25.info\/index.php\/2024\/12\/08\/le-changement-de-pouvoir-en-syrie-est-du-aux-frappes-israeliennes-sur-liran-et-le-hezbollah-rt-en-francais\/"},"modified":"2024-12-08T16:02:12","modified_gmt":"2024-12-08T15:02:12","slug":"le-changement-de-pouvoir-en-syrie-est-du-aux-frappes-israeliennes-sur-liran-et-le-hezbollah-rt-en-francais","status":"publish","type":"post","link":"https:\/\/monde25.info\/index.php\/2024\/12\/08\/le-changement-de-pouvoir-en-syrie-est-du-aux-frappes-israeliennes-sur-liran-et-le-hezbollah-rt-en-francais\/","title":{"rendered":"le changement de pouvoir en Syrie est d\u00fb aux frappes isra\u00e9liennes sur l&rsquo;Iran et le Hezbollah \u2014 RT en fran\u00e7ais"},"content":{"rendered":"<p> <br \/>\n<br \/><img decoding=\"async\" src=\"https:\/\/mf.b37mrtl.ru\/french\/images\/2024.12\/thumbnail\/6755a54c6f7ccc67b46c067e.png\" \/><\/p>\n<div>\n<p class=\"text__summary\">\n                                        Le Premier ministre isra\u00e9lien voit dans le changement de r\u00e9gime en Syrie une occasion de paix, malgr\u00e9 les risques. Il estime que les frappes de Tsahal contre l&rsquo;Iran et le Hezbollah ont provoqu\u00e9 ce bouleversement, offrant \u00e0 Isra\u00ebl de nouvelles perspectives de collaboration avec les Syriens.\n                                    <\/p>\n<p>Isra\u00ebl accueille favorablement le changement de pouvoir en Syrie, le consid\u00e9rant comme cr\u00e9ateur de nouvelles possibilit\u00e9s, bien qu&rsquo;il puisse \u00e9galement entra\u00eener de nouveaux risques, <a target=\"_blank\" href=\"https:\/\/x.com\/netanyahu\/status\/1865746797911793833\" target=\"_blank\" rel=\"noopener noreferrer\">a affirm\u00e9 le Premier ministre de l&rsquo;\u00c9tat h\u00e9breu, Benjamin Netanyahou, lors d&rsquo;une visite dans la r\u00e9gion frontali\u00e8re avec la Syrie<\/a>.<\/p>\n<p>\u00abAujourd&rsquo;hui est un jour historique dans l&rsquo;histoire du Moyen-Orient. Le r\u00e9gime [du pr\u00e9sident syrien] Assad, un maillon cl\u00e9 de l&rsquo;axe du mal de l&rsquo;Iran, est tomb\u00e9. C&rsquo;est le r\u00e9sultat direct des frappes que nous avons men\u00e9es contre l&rsquo;Iran et le Hezbollah, les principaux soutiens du r\u00e9gime Assad. Cela a d\u00e9clench\u00e9 une r\u00e9action en cha\u00eene \u00e0 travers tout le Moyen-Orient\u00bb, a d\u00e9clar\u00e9\u00a0le Premier ministre isra\u00e9lien.<\/p>\n<p>Benjamin Netanyahou a \u00e9galement soulign\u00e9 que le changement de pouvoir en Syrie offrait de nouvelles opportunit\u00e9s pour Isra\u00ebl. Tel Aviv \u00abtend la main de l&rsquo;amiti\u00e9\u00bb \u00e0 tous les Syriens qui veulent vivre en paix, mais ne permettra pas aux forces hostiles de se renforcer \u00e0 la fronti\u00e8re, a-t-il ajout\u00e9.<\/p>\n<p>Le Premier ministre isra\u00e9lien a aussi\u00a0confirm\u00e9 qu&rsquo;il avait ordonn\u00e9 \u00e0 l&rsquo;arm\u00e9e isra\u00e9lienne de prendre position dans une zone tampon et de contr\u00f4ler ses positions. Il a pr\u00e9cis\u00e9 que le territoire frontalier avec la Syrie \u00e9tait sous le contr\u00f4le de la zone de s\u00e9paration convenue en 1974 dans le cadre de l&rsquo;Accord de d\u00e9sengagement. \u00abCet accord a \u00e9chou\u00e9, les troupes syriennes ont quitt\u00e9 leurs positions\u00bb, a-t-il not\u00e9.<\/p>\n<p>Le plateau du Golan est sous occupation isra\u00e9lienne depuis la guerre des Six Jours en 1967. En 1981, le Parlement isra\u00e9lien (Knesset) a adopt\u00e9 une loi proclamant unilat\u00e9ralement la souverainet\u00e9 de l&rsquo;\u00c9tat\u00a0h\u00e9breu sur ce territoire. Par la r\u00e9solution 497 du Conseil de s\u00e9curit\u00e9 des Nations unies, dat\u00e9e du 17 d\u00e9cembre 1981, l&rsquo;annexion a \u00e9t\u00e9 d\u00e9clar\u00e9e invalide. La zone tampon s\u00e9parait les territoires contr\u00f4l\u00e9s par Isra\u00ebl et par la Syrie dans la r\u00e9gion du Golan, s&rsquo;\u00e9tendant sur environ 80 kilom\u00e8tres du nord au sud et de 500 m\u00e8tres \u00e0 10 kilom\u00e8tres d&rsquo;ouest en est.\u00a0<\/p>\n<\/div>\n<p><br \/>\n<br \/><a href=\"https:\/\/francais.rt.com\/international\/115217-netanyahou-changement-pouvoir-syrie-est-du-frappes-israeliennes-iran-hezbollah\" target=\"_blank\"\">Source link <\/a><\/p>\n","protected":false},"excerpt":{"rendered":"<p>Le Premier ministre isra\u00e9lien voit dans le changement de r\u00e9gime en Syrie une occasion de paix, malgr\u00e9 les risques. Il estime que les frappes de Tsahal contre l&rsquo;Iran et le&hellip; <\/p>\n","protected":false},"author":1,"featured_media":1770,"comment_status":"open","ping_status":"open","sticky":false,"template":"","format":"standard","meta":{"footnotes":""},"categories":[1],"tags":[],"class_list":["post-1769","post","type-post","status-publish","format-standard","has-post-thumbnail","hentry","category-non-classe"],"_links":{"self":[{"href":"https:\/\/monde25.info\/index.php\/wp-json\/wp\/v2\/posts\/1769","targetHints":{"allow":["GET"]}}],"collection":[{"href":"https:\/\/monde25.info\/index.php\/wp-json\/wp\/v2\/posts"}],"about":[{"href":"https:\/\/monde25.info\/index.php\/wp-json\/wp\/v2\/types\/post"}],"author":[{"embeddable":true,"href":"https:\/\/monde25.info\/index.php\/wp-json\/wp\/v2\/users\/1"}],"replies":[{"embeddable":true,"href":"https:\/\/monde25.info\/index.php\/wp-json\/wp\/v2\/comments?post=1769"}],"version-history":[{"count":0,"href":"https:\/\/monde25.info\/index.php\/wp-json\/wp\/v2\/posts\/1769\/revisions"}],"wp:featuredmedia":[{"embeddable":true,"href":"https:\/\/monde25.info\/index.php\/wp-json\/wp\/v2\/media\/1770"}],"wp:attachment":[{"href":"https:\/\/monde25.info\/index.php\/wp-json\/wp\/v2\/media?parent=1769"}],"wp:term":[{"taxonomy":"category","embeddable":true,"href":"https:\/\/monde25.info\/index.php\/wp-json\/wp\/v2\/categories?post=1769"},{"taxonomy":"post_tag","embeddable":true,"href":"https:\/\/monde25.info\/index.php\/wp-json\/wp\/v2\/tags?post=1769"}],"curies":[{"name":"wp","href":"https:\/\/api.w.org\/{rel}","templated":true}]}}