{"id":17707,"date":"2025-10-15T20:50:34","date_gmt":"2025-10-15T18:50:34","guid":{"rendered":"https:\/\/monde25.info\/index.php\/2025\/10\/15\/des-associations-jugees-trop-militantes-se-font-sucrer-leurs-subventions\/"},"modified":"2025-10-15T20:50:34","modified_gmt":"2025-10-15T18:50:34","slug":"des-associations-jugees-trop-militantes-se-font-sucrer-leurs-subventions","status":"publish","type":"post","link":"https:\/\/monde25.info\/index.php\/2025\/10\/15\/des-associations-jugees-trop-militantes-se-font-sucrer-leurs-subventions\/","title":{"rendered":"Des associations jug\u00e9es trop militantes se font sucrer leurs subventions"},"content":{"rendered":"<p> <br \/>\n<br \/><img loading=\"lazy\" decoding=\"async\" src=\"https:\/\/reporterre.net\/local\/cache-vignettes\/L700xH467\/11102025_nmn_6930_rassemblementmvtassociatif__r_nnoman-f2a8f.jpg?1760539793\" class=\"spip_logo\" width=\"700\" height=\"467\" alt=\"\" \/><\/p>\n<p>Alors que le monde associatif s&rsquo;est massivement mobilis\u00e9 le 11\u00a0octobre contre la baisse des aides publiques, le journal Mediapart r\u00e9v\u00e8le qu&rsquo;un discret \u00e9cr\u00e9mage a lieu en coulisses\u00a0: depuis 2022, le minist\u00e8re de l&rsquo;Int\u00e9rieur demande que les renseignements territoriaux inspectent dans chaque d\u00e9partement la liste des associations demandant une subvention au titre du fonds de d\u00e9veloppement de la vie associative. Ce, afin d&rsquo;en exclure celles qui seraient jug\u00e9es trop militantes. <br class=\"autobr\" \/><br \/>\nS&rsquo;il n&rsquo;existe pas\u00a0(\u2026)<\/p>\n<p>                    <a target=\"_blank\" href=\"https:\/\/reporterre.net\/Des-associations-jugees-trop-militantes-se-font-sucrer-leurs-subventions?utm_source=RSS&amp;utm_medium=RSS\">Lire la suite<\/a><\/p>\n<p>                    &#8211;<br \/>\n                        <a target=\"_blank\" href=\"https:\/\/reporterre.net\/Breves-20\" rel=\"directory\">En bref<\/a><\/p>\n<p>                    \/<br \/>\n                        <a target=\"_blank\" href=\"https:\/\/reporterre.net\/Politique\" rel=\"tag\">Politique<\/a><br \/>\n<br \/><br \/>\n<br \/><a href=\"https:\/\/reporterre.net\/Des-associations-jugees-trop-militantes-se-font-sucrer-leurs-subventions\" target=\"_blank\"\">Source link <\/a><\/p>\n","protected":false},"excerpt":{"rendered":"<p>Alors que le monde associatif s&rsquo;est massivement mobilis\u00e9 le 11\u00a0octobre contre la baisse des aides publiques, le journal Mediapart r\u00e9v\u00e8le qu&rsquo;un discret \u00e9cr\u00e9mage a lieu en coulisses\u00a0: depuis 2022, le&hellip; <\/p>\n","protected":false},"author":1,"featured_media":0,"comment_status":"open","ping_status":"open","sticky":false,"template":"","format":"standard","meta":{"footnotes":""},"categories":[1],"tags":[],"class_list":["post-17707","post","type-post","status-publish","format-standard","hentry","category-non-classe"],"_links":{"self":[{"href":"https:\/\/monde25.info\/index.php\/wp-json\/wp\/v2\/posts\/17707","targetHints":{"allow":["GET"]}}],"collection":[{"href":"https:\/\/monde25.info\/index.php\/wp-json\/wp\/v2\/posts"}],"about":[{"href":"https:\/\/monde25.info\/index.php\/wp-json\/wp\/v2\/types\/post"}],"author":[{"embeddable":true,"href":"https:\/\/monde25.info\/index.php\/wp-json\/wp\/v2\/users\/1"}],"replies":[{"embeddable":true,"href":"https:\/\/monde25.info\/index.php\/wp-json\/wp\/v2\/comments?post=17707"}],"version-history":[{"count":0,"href":"https:\/\/monde25.info\/index.php\/wp-json\/wp\/v2\/posts\/17707\/revisions"}],"wp:attachment":[{"href":"https:\/\/monde25.info\/index.php\/wp-json\/wp\/v2\/media?parent=17707"}],"wp:term":[{"taxonomy":"category","embeddable":true,"href":"https:\/\/monde25.info\/index.php\/wp-json\/wp\/v2\/categories?post=17707"},{"taxonomy":"post_tag","embeddable":true,"href":"https:\/\/monde25.info\/index.php\/wp-json\/wp\/v2\/tags?post=17707"}],"curies":[{"name":"wp","href":"https:\/\/api.w.org\/{rel}","templated":true}]}}