{"id":17714,"date":"2025-10-15T23:03:18","date_gmt":"2025-10-15T21:03:18","guid":{"rendered":"https:\/\/monde25.info\/index.php\/2025\/10\/15\/lecornu-a-lepreuve-du-senat-rt-en-francais\/"},"modified":"2025-10-15T23:03:18","modified_gmt":"2025-10-15T21:03:18","slug":"lecornu-a-lepreuve-du-senat-rt-en-francais","status":"publish","type":"post","link":"https:\/\/monde25.info\/index.php\/2025\/10\/15\/lecornu-a-lepreuve-du-senat-rt-en-francais\/","title":{"rendered":"Lecornu \u00e0 l\u2019\u00e9preuve du S\u00e9nat \u2014 RT en fran\u00e7ais"},"content":{"rendered":"<p> <br \/>\n<br \/><img decoding=\"async\" src=\"https:\/\/mf.b37mrtl.ru\/french\/images\/2025.10\/thumbnail\/68efd3aa87f3ec776e27d63c.jpg\" \/><\/p>\n<div>\n<p class=\"text__summary\">\n                                        Dans la foul\u00e9e de son discours de politique g\u00e9n\u00e9rale au S\u00e9nat ce 15 octobre, le nouveau Premier ministre fran\u00e7ais a essuy\u00e9 les critiques des pr\u00e9sidents des groupes d\u2019opposition. Au centre, les soutiens du gouvernement ont fustig\u00e9 La France insoumise et le Rassemblement national. Le PS, quant \u00e0 lui, a critiqu\u00e9 le gouvernement, les LR et le RN.\n                                    <\/p>\n<p>\u00ab\u00a0Bien \u00e9videmment, certains se satisfont d\u2019un plat de lentilles pour prolonger le jour sans fin de la macronie. Mais quand les lentilles ne sont pas cuites, le plat est indigeste\u00a0\u00bb, a lanc\u00e9 ce 15 octobre depuis la tribune du Palais du Luxembourg C\u00e9cile Cukierman, pr\u00e9sidente du groupe communiste au S\u00e9nat, et de d\u00e9noncer un projet de budget qui \u00ab\u00a0est la copie aggrav\u00e9e de celui de monsieur Bayrou\u00a0\u00bb.<\/p>\n<p>Une prise de parole qui suivait celle de S\u00e9bastien Lecornu, qui a fait devant la chambre haute son discours de politique g\u00e9n\u00e9rale. \u00ab\u00a0Vous ne pouvez masquer le fait que le seul responsable du chaos politique et institutionnel actuel c\u2019est le pr\u00e9sident de la R\u00e9publique\u00a0\u00bb, a lanc\u00e9 la s\u00e9natrice avant de poursuivre\u00a0: \u00ab\u00a0et de vous \u00e0 moi, les annonces que vous avez faites ne vous permettront pas de durer\u00a0\u00bb.<\/p>\n<p>\u00ab\u00a0La Constitution n\u2019a jamais pr\u00e9vu que les gouvernants et les repr\u00e9sentants du peuple ne respectent pas le suffrage de ce peuple\u00a0\u00bb, a-t-elle encore ajout\u00e9 fustigeant qu\u2019Emmanuel Macron ait \u00ab\u00a0a quatre reprises\u00a0\u00bb, \u00ab\u00a0bafou\u00e9 le vote des \u00e9lecteurs en nommant un Premier ministre de son camp\u00a0\u00bb.<\/p>\n<h3>\u00ab\u00a0Vous fermerez sans doute la porte derri\u00e8re vous\u00a0\u00bb<\/h3>\n<p>\u00ab\u00a0Premier des macronistes, vous fermerez sans doute la porte derri\u00e8re vous quand la supercherie du macronisme et du faux nouveau monde seront enfin derri\u00e8re nous\u00a0\u00bb, a pour sa part lanc\u00e9 Christopher Szczurek, s\u00e9nateur issu des rangs du Rassemblement national et membre de la commission des Finances.<\/p>\n<p>\u00ab\u00a0Au prix d\u2019un sursis tr\u00e8s hypoth\u00e9tique de l\u2019injuste r\u00e9forme des retraites, vous proposez non pas un budget de rupture, mais la continuit\u00e9 de la seule chose finalement stable et constante\u00a0: l\u2019agonie budg\u00e9taire, fiscale et sociale de la France\u00a0\u00bb, a-t-il encha\u00een\u00e9. Ce s\u00e9nateur du Pas-de-Calais a renvoy\u00e9 au programme \u00e9lectoral du RN et \u00e0 ses \u00ab\u00a0100 milliards d\u2019\u00e9conomies \u00e0 notre port\u00e9e\u00a0\u00bb.<\/p>\n<p>Du c\u00f4t\u00e9 des soutiens, S\u00e9bastien Lecornu a notamment pu compter sur les s\u00e9nateurs du Rassemblement d\u00e9mocratique et social europ\u00e9en (RDSE). Sa pr\u00e9sidente Maryse Carr\u00e8re a toutefois enjoint le nouveau Premier ministre \u00e0 \u00ab\u00a0rassurer sur tous les fronts\u00a0\u00bb, notamment europ\u00e9en, ainsi qu\u2019\u00e0 un projet de budget \u00ab\u00a0qui ne promet pas que du sang et des larmes\u00a0\u00bb aux Fran\u00e7ais.<\/p>\n<h3>Un budget \u00ab\u00a0plus difficile encore \u00e0 b\u00e2tir qu\u2019un meuble Ik\u00e9a\u00a0\u00bb<\/h3>\n<p>\u00c9galement pr\u00e9sents pour d\u00e9fendre le nouveau chef du gouvernement, le groupe Rassemblement des d\u00e9mocrates, progressistes et ind\u00e9pendants (RDPI), anciennement La R\u00e9publique En Marche. \u00ab\u00a0Ce budget, c\u2019est l\u2019urgence absolue\u00a0\u00bb, a d\u00e9fendu Fran\u00e7ois Patriat, pr\u00e9sident de ces macronistes du Palais du Luxembourg, paraphrasant ainsi le nouveau Premier ministre dont il a salu\u00e9 la \u00ab\u00a0modestie\u00a0\u00bb et l\u2019\u00ab\u00a0humilit\u00e9\u00a0\u00bb.<\/p>\n<p>Ce s\u00e9nateur de la C\u00f4te d\u2019Or a renvoy\u00e9 les \u00ab\u00a0grands d\u00e9bats id\u00e9ologiques, les positionnements strat\u00e9giques, les ambitions personnelles\u00a0\u00bb\u00a0\u2013 qui selon lui \u00ab\u00a0n\u2019ont rien \u00e0 faire dans cet h\u00e9micycle\u00a0\u00bb\u00a0\u2013 \u00e0 la \u00ab\u00a0prochaine campagne pr\u00e9sidentielle qui aura lieu en 2027\u00a0\u00bb.<\/p>\n<p>\u00ab\u00a0Alors qu\u2019ils cherchent le tumulte, nous \u0153uvrons pour la stabilit\u00e9\u00a0\u00bb, a-t-il encore affirm\u00e9, apr\u00e8s avoir d\u00e9nonc\u00e9 l\u2019\u00ab\u00a0irresponsabilit\u00e9 des extr\u00eames\u00a0\u00bb, qu\u2019incarnent selon lui \u00ab\u00a0monsieur M\u00e9lenchon et sa horde de r\u00e9volutionnaires\u00a0de pacotilles fauteurs de troubles et \u00e0 Madame Le Pen et son arm\u00e9e de poutinistes obnubil\u00e9s par leurs ambitions personnelles et leurs promesses intenables\u00a0\u00bb.<\/p>\n<p>Offensive similaire \u00e0 l\u2019encontre de ces \u00ab\u00a0ennemis de la d\u00e9mocratie\u00a0\u00bb\u00a0qui \u00ab\u00a0se moquent du budget et de l\u2019int\u00e9r\u00eat g\u00e9n\u00e9ral\u00a0\u00bb selon Claude Malhuret, pr\u00e9sident du groupe Les Ind\u00e9pendants. \u00c9voquant un budget qui \u00ab\u00a0s\u2019annonce plus difficile encore \u00e0 b\u00e2tir qu\u2019un meuble Ik\u00e9a\u00a0\u00bb, celui-ci a toutefois reproch\u00e9 \u00e0 S\u00e9bastien Lecornu son accord avec le Parti socialiste (PS) d\u2019un Olivier Faure \u00ab\u00a0qui se tortillait depuis des mois comme un lombric\u00a0\u00bb.<\/p>\n<h3>\u00ab\u00a0La politique est devenue un vaste cirque\u00a0\u00bb<\/h3>\n<p>\u00ab\u00a0Votre probl\u00e8me n\u2019\u00e9tait pas d\u2019acheter les socialistes, il \u00e9tait de ne pas les payer au prix qu\u2019ils s\u2019estiment. Permettez-moi de vous le dire\u00a0: vous avez pay\u00e9 tr\u00e8s cher\u00a0\u00bb, a-t-il ass\u00e9n\u00e9 avant de poursuivre\u00a0: \u00ab\u00a0les hausses d\u2019imp\u00f4ts ne comblent jamais le d\u00e9ficit, elles permettent seulement \u00e0 l\u2019\u00c9tat de d\u00e9penser encore plus\u00a0\u00bb. \u00ab\u00a0L\u2019\u00e9quation est pourtant simple, nous cumulons le taux de pr\u00e9l\u00e8vements le plus \u00e9lev\u00e9 et le d\u00e9ficit le plus abyssal de l\u2019Union europ\u00e9enne. N\u2019importe quel comptable d\u00e9butant en tirerait la conclusion \u00e9vidente : la France, c\u2019est Gabegie le magnifique et il faut faire des \u00e9conomies\u00a0\u00bb, a-t-il encore d\u00e9clar\u00e9.<\/p>\n<p>Des socialistes, point\u00e9s du doigt par le bloc centriste, qui n\u2019ont pourtant pas \u00e9t\u00e9 avares en critiques \u00e0 l\u2019\u00e9gard du nouveau gouvernement. \u00ab\u00a0Avez-vous seulement conscience du degr\u00e9 de d\u00e9connexion entre vous qui gouvernez et les Fran\u00e7ais qui vous regardent\u00a0?\u00a0\u00bb a interpell\u00e9 Patrick Kanner, s\u00e9nateur du Nord et pr\u00e9sident du groupe socialiste au S\u00e9nat, qui a apport\u00e9 son soutien au Premier ministre.<\/p>\n<p>\u00ab\u00a0Par l\u2019attitude de votre camp politique et en premier lieu du pr\u00e9sident de la R\u00e9publique, la politique est devenue un vaste cirque aux yeux de nos concitoyens\u00a0\u00bb, a-t-il ajout\u00e9 puis a tacl\u00e9 les \u00ab\u00a0acrobates en chefs\u00a0\u00bb qui sont \u00e0 ses yeux Les R\u00e9publicains.\u00a0<\/p>\n<p>\u00ab\u00a0Quand la Macronie et la droite donnent ce spectacle, c\u2019est l\u2019ensemble de la classe politique qui est \u00e9clabouss\u00e9 \u00bb, a-t-il ajout\u00e9, avant de positionner les socialistes qui auraient \u00ab\u00a0pu faire le choix de la censure\u00a0\u00bb comme parangons de stabilit\u00e9 et de remettre sur la table la taxe Zucman. \u00ab\u00a0Demander un tout petit peu \u00e0 ceux qui ont plus que tout, pour \u00e9pargner ceux qui n\u2019ont rien, c\u2019est bien la moindre des choses\u00a0\u00bb, a-t-il encore plaid\u00e9.<\/p>\n<\/div>\n<p><br \/>\n<br \/><a href=\"https:\/\/francais.rt.com\/france\/126383-annonces-lecornu-senat-critiques-politique\" target=\"_blank\"\">Source link <\/a><\/p>\n","protected":false},"excerpt":{"rendered":"<p>Dans la foul\u00e9e de son discours de politique g\u00e9n\u00e9rale au S\u00e9nat ce 15 octobre, le nouveau Premier ministre fran\u00e7ais a essuy\u00e9 les critiques des pr\u00e9sidents des groupes d\u2019opposition. Au centre,&hellip; <\/p>\n","protected":false},"author":1,"featured_media":17715,"comment_status":"open","ping_status":"open","sticky":false,"template":"","format":"standard","meta":{"footnotes":""},"categories":[1],"tags":[],"class_list":["post-17714","post","type-post","status-publish","format-standard","has-post-thumbnail","hentry","category-non-classe"],"_links":{"self":[{"href":"https:\/\/monde25.info\/index.php\/wp-json\/wp\/v2\/posts\/17714","targetHints":{"allow":["GET"]}}],"collection":[{"href":"https:\/\/monde25.info\/index.php\/wp-json\/wp\/v2\/posts"}],"about":[{"href":"https:\/\/monde25.info\/index.php\/wp-json\/wp\/v2\/types\/post"}],"author":[{"embeddable":true,"href":"https:\/\/monde25.info\/index.php\/wp-json\/wp\/v2\/users\/1"}],"replies":[{"embeddable":true,"href":"https:\/\/monde25.info\/index.php\/wp-json\/wp\/v2\/comments?post=17714"}],"version-history":[{"count":0,"href":"https:\/\/monde25.info\/index.php\/wp-json\/wp\/v2\/posts\/17714\/revisions"}],"wp:featuredmedia":[{"embeddable":true,"href":"https:\/\/monde25.info\/index.php\/wp-json\/wp\/v2\/media\/17715"}],"wp:attachment":[{"href":"https:\/\/monde25.info\/index.php\/wp-json\/wp\/v2\/media?parent=17714"}],"wp:term":[{"taxonomy":"category","embeddable":true,"href":"https:\/\/monde25.info\/index.php\/wp-json\/wp\/v2\/categories?post=17714"},{"taxonomy":"post_tag","embeddable":true,"href":"https:\/\/monde25.info\/index.php\/wp-json\/wp\/v2\/tags?post=17714"}],"curies":[{"name":"wp","href":"https:\/\/api.w.org\/{rel}","templated":true}]}}