{"id":17723,"date":"2025-10-16T02:21:39","date_gmt":"2025-10-16T00:21:39","guid":{"rendered":"https:\/\/monde25.info\/index.php\/2025\/10\/16\/a-bruxelles-make-europe-healthy-again-lance-une-fronde-pour-liberer-la-sante-des-interets-prives\/"},"modified":"2025-10-16T02:21:39","modified_gmt":"2025-10-16T00:21:39","slug":"a-bruxelles-make-europe-healthy-again-lance-une-fronde-pour-liberer-la-sante-des-interets-prives","status":"publish","type":"post","link":"https:\/\/monde25.info\/index.php\/2025\/10\/16\/a-bruxelles-make-europe-healthy-again-lance-une-fronde-pour-liberer-la-sante-des-interets-prives\/","title":{"rendered":"\u00c0 Bruxelles, \u201cMake Europe Healthy Again\u201d lance une fronde pour \u00ab lib\u00e9rer la sant\u00e9 \u00bb des int\u00e9r\u00eats priv\u00e9s"},"content":{"rendered":"<p> <br \/>\n<\/p>\n<div>\n<blockquote>\n<p>Au Parlement europ\u00e9en, l\u2019eurod\u00e9put\u00e9 autrichien G\u00e9rald Hauser a parrain\u00e9 le lancement de Make Europe Healthy Again (MEHA), un mouvement transnational qui plaide pour la transparence, l\u2019ind\u00e9pendance scientifique et un recentrage sur la pr\u00e9vention. Une initiative applaudie par un public venu de plusieurs continents, mais qui promet de nourrir de vives controverses.<\/p>\n<\/blockquote>\n<p>Bruxelles 15 octobre 2025 \u2013 Salle comble, ambiance de congr\u00e8s et ton de fronde: le lancement de Make Europe Healthy Again (MEHA), organis\u00e9 au Parlement europ\u00e9en sous l\u2019impulsion de l\u2019eurod\u00e9put\u00e9 autrichien G\u00e9rald Hauser (Patriots for Europe), a r\u00e9uni m\u00e9decins, chercheurs, juristes, \u00e9lus et activistes venus d\u2019Europe, des \u00c9tats-Unis, du Royaume\u2011Uni, de l\u2019Australie et d\u2019ailleurs.\u00a0<\/p>\n<blockquote>\n<p>Objectif affich\u00e9: \u00ab faire de la sant\u00e9 publique un bien commun, \u00e0 l\u2019abri des conflits d\u2019int\u00e9r\u00eats et des d\u00e9rives bureaucratiques \u00bb, selon les mots de la m\u00e9decin autrichienne Dr Maria Hubmer\u2011Mogg, fondatrice et figure de proue du mouvement.<\/p>\n<\/blockquote>\n<p>\u00ab <em>Nous ne pouvons pas traiter ind\u00e9finiment une soci\u00e9t\u00e9 malade. Il faut cr\u00e9er les conditions o\u00f9 la sant\u00e9 devient l\u2019issue naturelle, pas l\u2019exception <\/em>\u00bb, a soutenu la psychologue am\u00e9ricaine Dr Andrea Nazarenko, membre du comit\u00e9 de pilotage, r\u00e9sumant l\u2019ambition d\u2019un r\u00e9seau qui se veut \u00e0 la fois plateforme d\u2019expertise, acc\u00e9l\u00e9rateur d\u2019initiatives l\u00e9gislatives et caisse de r\u00e9sonance pour des politiques de pr\u00e9vention.<\/p>\n<figure role=\"group\" class=\"caption caption-img\">\n<img decoding=\"async\" alt=\"MEHA\" data-entity-type=\"file\" data-entity-uuid=\"f2f93375-74ae-4bb8-b9ce-3cf766b9fa12\" height=\"759\" width=\"712\" loading=\"lazy\" class=\"lazyload\" src=\"https:\/\/www.francesoir.fr\/sites\/default\/files\/inline-images\/image_692.png\"\/><figcaption><em>www.gomeha.com<\/em><\/figcaption><\/figure>\n<p>\u00a0<\/p>\n<h5><strong>Un manifeste contre \u00ab <\/strong><em><strong>la capture <\/strong><\/em><strong>\u00bb de la sant\u00e9<\/strong><\/h5>\n<p>Le ton a \u00e9t\u00e9 donn\u00e9 d\u00e8s l\u2019ouverture par Andr\u00e1s L\u00e1szl\u00f3, pr\u00e9sident de la Patriots for Europe Foundation, h\u00f4te de l\u2019\u00e9v\u00e9nement: \u00ab P<em>endant la pand\u00e9mie, la peur a expos\u00e9 la fragilit\u00e9 de nos d\u00e9mocraties: la censure a \u00e9touff\u00e9 le d\u00e9bat, et des d\u00e9cisions opaques ont \u00e9t\u00e9 prises au nom de l\u2019urgence<\/em>. \u00bb Dans son viseur, notamment, \u00ab <em>la d\u00e9pendance de l\u2019UE \u00e0 des contrats pharmaceutiques inaccessibles au public <\/em>\u00bb. L\u00e1szl\u00f3 a salu\u00e9 le r\u00f4le d\u2019Hauser, qui \u00ab <em>ose ouvrir des dossiers que d\u2019autres n\u2019osent m\u00eame pas \u00e9voquer<\/em> \u00bb.<\/p>\n<p>Sur sc\u00e8ne, Dr Maria Hubmer\u2011Mogg a mis en cause la gouvernance de l\u2019Agence europ\u00e9enne des m\u00e9dicaments (EMA), qu\u2019elle a d\u00e9crite comme \u00ab <em>un hybride public\u2011priv\u00e9<\/em> \u00bb trop d\u00e9pendant des redevances industrielles: \u00ab En 2025, 90% des revenus de l\u2019EMA proviendraient de l\u2019industrie, contre 10% du budget de l\u2019UE. Ne laissons pas le renard garder le poulailler. \u00bb Elle a propos\u00e9 un plan de r\u00e9forme en quatre points: financement public int\u00e9gral des fonctions r\u00e9glementaires, transparence compl\u00e8te des contacts de lobbying, allongement des p\u00e9riodes de \u201ccooling\u2011off\u201d \u00e0 cinq ans, et contr\u00f4le parlementaire renforc\u00e9 des proc\u00e9dures acc\u00e9l\u00e9r\u00e9es. \u00ab <em>Plus de conflits d\u2019int\u00e9r\u00eats. Plus de dissimulation d\u2019effets ind\u00e9sirables. Plus d\u2019\u00e9tudes financ\u00e9es par ceux qui vendent <\/em>\u00bb, a-t-elle martel\u00e9. Des all\u00e9gations sensibles qui rel\u00e8vent d\u2019un d\u00e9bat politique complexe au niveau europ\u00e9en et qui ne refl\u00e8tent pas, \u00e0 ce stade, une position officielle des institutions.<\/p>\n<h5>\u00a0<\/h5>\n<h5><strong>Malhotra: \u00ab <\/strong><em><strong>Corriger les distorsions commerciales de la science<\/strong><\/em><strong> \u00bb<\/strong><\/h5>\n<p>Point d\u2019orgue scientifique pour le public, la keynote du cardiologue britannique Dr Aseem Malhotra, nomm\u00e9 \u201cChief Medical and Scientific Officer\u201d de MEHA. S\u2019appuyant sur des travaux d\u2019\u00e9pid\u00e9miologie critique, Malhotra a d\u00e9fendu l\u2019id\u00e9e que \u00ab la m\u00e9decine fond\u00e9e sur les preuves a \u00e9t\u00e9 captur\u00e9e par de puissants int\u00e9r\u00eats commerciaux \u00bb, produisant \u00ab une pand\u00e9mie de m\u00e9decins mal inform\u00e9s et de patients l\u00e9s\u00e9s sans le savoir \u00bb. Il a exhort\u00e9 \u00e0 remettre la pr\u00e9vention et la m\u00e9tabolique au c\u0153ur: \u00ab <em>Aux \u00c9tats\u2011Unis, 93% des adultes n\u2019ont pas une sant\u00e9 m\u00e9tabolique optimale. Cette r\u00e9alit\u00e9 a pes\u00e9 lourdement pendant le Covid. La priorit\u00e9, si l\u2019on veut rendre l\u2019Europe saine, est l\u00e0.<\/em> \u00bb<\/p>\n<p>Son axe de r\u00e9forme, sans d\u00e9tour: \u00ab <em>Nous n\u2019am\u00e9liorerons pas le syst\u00e8me tant que nous n\u2019aurons pas corrig\u00e9 les distorsions commerciales de la preuve scientifique. Les laboratoires peuvent d\u00e9velopper des m\u00e9dicaments, mais ils ne doivent plus \u00eatre autoris\u00e9s \u00e0 tester eux\u2011m\u00eames leurs produits, \u00e0 concevoir les \u00e9tudes, \u00e0 garder les donn\u00e9es et \u00e0 payer les r\u00e9gulateurs. <\/em>\u00bb Et cette formule appel\u00e9e \u00e0 circuler: \u00ab L<em>e pouvoir corporatif doit devenir une priorit\u00e9 de sant\u00e9 publique<\/em>. \u00bb<\/p>\n<p>Pour le clin d\u2019\u0153il \u00e0 la philosophie, Malhotra a rappel\u00e9 \u00ab <em>les trois barri\u00e8res psychologiques \u00e0 la v\u00e9rit\u00e9: la peur, l\u2019aveuglement volontaire et la formation de masse <\/em>\u00bb, invitant \u00e0 \u00ab <em>r\u00e9habiliter l\u2019humilit\u00e9, la libert\u00e9 d\u2019expression et la capacit\u00e9 \u00e0 dire: les faits ont chang\u00e9, j\u2019ai chang\u00e9 d\u2019avis<\/em> \u00bb.<\/p>\n<h5>\u00a0<\/h5>\n<h5><strong>Malone: \u00ab <\/strong><em><strong>Restaurer le consentement \u00e9clair\u00e9 et la subsidiarit\u00e9<\/strong><\/em><strong> \u00bb<\/strong><\/h5>\n<p>Autre moment marquant, l\u2019intervention du Dr Robert Malone, m\u00e9decin et chercheur am\u00e9ricain, pr\u00e9sent\u00e9 par les organisateurs comme \u00ab <a target=\"_blank\" href=\"https:\/\/www.francesoir.fr\/videos-les-debriefings-videos-ne-pas-manquer\/robert-malone-pionnier-des-vaccins-arnm-je-declare-que\" target=\"_blank\"><em>pionnier de l\u2019ARNm <\/em><\/a>\u00bb et d\u00e9sormais co\u2011pr\u00e9sident du comit\u00e9 consultatif sur les pratiques vaccinales (ACIP) aux \u00c9tats\u2011Unis. Il affirme s\u2019exprimer \u00e0 titre personnel.<\/p>\n<p>Malone a d\u00e9taill\u00e9 des \u00e9volutions en cours c\u00f4t\u00e9 am\u00e9ricain, sous banni\u00e8re Make America Healthy Again (MAHA), mettant l\u2019accent sur nutrition, exposition chimique, transparence, r\u00e9vision des recommandations vaccinales et \u00ab<em> s\u00e9paration stricte entre promotion et surveillance de la s\u00e9curit\u00e9 <\/em>\u00bb. Il a plaid\u00e9 pour un recentrage \u00e9thique: \u00ab <em>La pierre angulaire de la bio\u00e9thique reste le consentement \u00e9clair\u00e9. Dans une soci\u00e9t\u00e9 libre, les citoyens doivent pouvoir d\u00e9cider des actes m\u00e9dicaux pour eux et leurs enfants, sur la base d\u2019une information compl\u00e8te des risques et b\u00e9n\u00e9fices \u2014 sans coercition<\/em>. \u00bb Autre r\u00e9f\u00e9rence, tr\u00e8s europ\u00e9enne : \u00ab <em>La subsidiarit\u00e9 du Trait\u00e9 de l\u2019UE est pi\u00e9tin\u00e9e quand des d\u00e9cisions centralis\u00e9es s\u2019imposent aux \u00c9tats dans le domaine de la sant\u00e9<\/em>. \u00bb<\/p>\n<p>Il a \u00e9galement critiqu\u00e9 \u00ab la confusion des mandats \u00bb de certaines agences publiques charg\u00e9es \u00e0 la fois de promouvoir et d\u2019\u00e9valuer des produits, ce qui \u00ab favorise une culture o\u00f9 interroger la s\u00e9curit\u00e9 est per\u00e7u comme une menace \u00bb. Des positions qui, l\u00e0 encore, contrastent avec les lignes des autorit\u00e9s sanitaires europ\u00e9ennes et nationales, et qui alimentent un d\u00e9bat nourri depuis la crise sanitaire.<\/p>\n<figure role=\"group\" class=\"caption caption-img align-center\">\n<img decoding=\"async\" alt=\"MEHA MALONE\" height=\"433\" width=\"722\" loading=\"lazy\" class=\"lazyload\" src=\"https:\/\/www.francesoir.fr\/sites\/default\/files\/styles\/max_1300x1300\/public\/2025-10\/FS102025%20%2819%29.png?itok=ky8PJNHK\"\/><figcaption><em>Robert Malone &#8211; membre de l&rsquo;ACIP<\/em><\/figcaption><\/figure>\n<p>\u00a0<\/p>\n<h5>Une salle, des voix, un fil rouge<\/h5>\n<p>Au fil des interventions, un fil rouge s\u2019est impos\u00e9: la d\u00e9fiance envers ce que plusieurs orateurs ont qualifi\u00e9 de \u00ab complexe industriel pharmaceutique \u00bb, la d\u00e9nonciation de la censure pendant la pand\u00e9mie, et l\u2019appel \u00e0 replacer la sant\u00e9 dans son \u00e9cosyst\u00e8me social et environnemental.<\/p>\n<ul>\n<li>\u00ab <em>On ne construit pas la sant\u00e9 dans les laboratoires, mais dans les environnements de vie: l\u2019air, l\u2019eau, la nourriture, le logement, le lien social<\/em> \u00bb, a rappel\u00e9 Dr Nazarenko.<\/li>\n<li>\u00ab <em>Nous sommes l\u2019\u00e9quipe des 8 milliards face \u00e0 la petite \u00e9quipe du capitalisme de connivence<\/em> \u00bb, a lanc\u00e9 Dr Hubmer\u2011Mogg, suscitant des applaudissements nourris.<\/li>\n<li>\u00ab <em>Si nous voulons \u00e9viter les d\u00e9rives totalitaires, arr\u00eatons de pr\u00e9tendre d\u00e9tenir la v\u00e9rit\u00e9 sur la sant\u00e9 et r\u00e9habilitons la pluralit\u00e9 des approches <\/em>\u00bb, a averti le professeur de psychologie belge Mattias Desmet, connu pour ses travaux sur la \u201cformation de masse\u201d.<\/li>\n<\/ul>\n<p>Les t\u00e9moignages ont aussi mis en avant des sujets \u00e0 forte charge \u00e9motionnelle : parents d\u2019enfants bless\u00e9s, m\u00e9decins plaidant pour les m\u00e9decines compl\u00e9mentaires, ing\u00e9nieurs en biologie du b\u00e2ti alertant sur les polluants domestiques, jeunes entrepreneurs de la long\u00e9vit\u00e9 racontant leur parcours de r\u00e9silience.\u00a0<\/p>\n<blockquote>\n<p>\u00ab <em>La pr\u00e9vention n\u2019est pas qu\u2019un imp\u00e9ratif moral, c\u2019est un choix \u00e9conomique rationnel<\/em> \u00bb, a r\u00e9sum\u00e9 l\u2019Autrichien Lukas Winkler.<\/p>\n<\/blockquote>\n<p>Le professeur Christian Perronne et le Dr Louis Fouch\u00e9 repr\u00e9sentant un contingent fran\u00e7ais important, ont pris la parole et contribu\u00e9 aux d\u00e9bats qui se sont continu\u00e9s dans la soir\u00e9e avec un diner.<\/p>\n<p>\u00a0<\/p>\n<h5><strong>Les angles br\u00fblants : OMS, EMA, identit\u00e9s num\u00e9riques<\/strong><\/h5>\n<p>Au registre politique, plusieurs juristes et ex\u2011diplomates ont appel\u00e9 \u00e0 r\u00e9examiner la place des accords internationaux dans la gestion des crises futures, pointant l\u2019OMS et ses projets de r\u00e9vision des instruments normatifs. L\u00e0 encore, l\u2019angle est assum\u00e9: \u00ab <em>Il s\u2019agit de restaurer la souverainet\u00e9 sanitaire, la transparence et le d\u00e9bat scientifique<\/em> \u00bb, dira la juriste allemande Dr Beate Pfeil. La question des identit\u00e9s num\u00e9riques et des passeports sanitaires a suscit\u00e9 des mises en garde, notamment d\u2019orateurs britanniques, au nom de la protection des libert\u00e9s publiques.\u00a0<\/p>\n<p>Ces th\u00e8mes, tr\u00e8s clivants, devraient nourrir des controverses autant juridiques que soci\u00e9tales dans les prochains mois.<\/p>\n<p>\u00a0<\/p>\n<h5><strong>Des objectifs concrets et une m\u00e9thode<\/strong><\/h5>\n<p>Au\u2011del\u00e0 des d\u00e9nonciations, MIHA se veut force de propositions. Le mouvement a annonc\u00e9:<\/p>\n<ul>\n<li>La constitution d\u2019un r\u00e9seau d\u2019experts et d\u2019une \u00ab task force \u00bb l\u00e9gislative pour appuyer des propositions nationales et europ\u00e9ennes (transparence des essais, financement public des \u00e9valuations, gouvernance de l\u2019EMA, pr\u00e9vention et \u00e9ducation nutritionnelle, sant\u00e9 environnementale).<\/li>\n<li>La pr\u00e9paration de conf\u00e9rences m\u00e9dicales th\u00e9matiques en 2026 et d\u2019une \u00ab Acad\u00e9mie des meilleures solutions \u00bb destin\u00e9e \u00e0 mutualiser des protocoles fond\u00e9s sur les r\u00e9sultats de terrain.<\/li>\n<li>Un plaidoyer pour que la sant\u00e9 devienne \u00ab un principe transversal \u00bb dans toutes les politiques de l\u2019UE (urbanisme, agriculture, \u00e9ducation, num\u00e9rique), conform\u00e9ment \u00e0 l\u2019approche des d\u00e9terminants sociaux.<\/li>\n<\/ul>\n<p>\u00ab <em>Nous invitons les parlementaires et gouvernements \u00e0 int\u00e9grer des initiatives align\u00e9es MEHA dans leurs agendas. La sant\u00e9 ne peut plus \u00eatre un silo <\/em>\u00bb, a insist\u00e9 Nazarenko. Et Malhotra de conclure son intervention par une maxime appel\u00e9e \u00e0 devenir le mantra du mouvement: \u00ab <em>Si vous ne pouvez pas voler, courez. Si vous ne pouvez pas courir, marchez. Si vous ne pouvez pas marcher, rampez. Mais continuez d\u2019avancer<\/em>. \u00bb<\/p>\n<p>\u00a0<\/p>\n<h5><strong>Le r\u00f4le d\u2019Hauser et la suite<\/strong><\/h5>\n<p>Discret mais omnipr\u00e9sent, l\u2019eurod\u00e9put\u00e9 G\u00e9rald Hauser a salu\u00e9 \u00ab <em>une journ\u00e9e historique<\/em> \u00bb. \u00ab <em>Ensemble, nous sommes plus forts <\/em>\u00bb, a\u2011t\u2011il r\u00e9sum\u00e9 en cl\u00f4ture, promettant d\u2019ouvrir, avec des coll\u00e8gues de diff\u00e9rents groupes, des canaux pour porter au Parlement les revendications de MEHA \u2014 et d\u2019offrir un espace de dialogue aux m\u00e9dias. Son groupe h\u00f4te, Patriots for Europe, se targue d\u2019\u00ab <em>avoir le courage d\u2019aborder les sujets que d\u2019autres n\u2019osent pas <\/em>\u00bb. Reste \u00e0 voir comment cette banni\u00e8re \u2014 connot\u00e9e politiquement \u2014 impactera la capacit\u00e9 de MEHA \u00e0 rallier au\u2011del\u00e0 de son cercle initial.<\/p>\n<p><iframe loading=\"lazy\" title=\"Parlement europ\u00e9en, Gerald Hauser lance MEHA \u00ab\u00a0Le plus grand patient, c\u2019est notre syst\u00e8me de sant\u00e9\u00a0\u00bb\" width=\"1110\" height=\"624\" src=\"https:\/\/www.youtube.com\/embed\/H3FNHEZk34w?feature=oembed\" frameborder=\"0\" allow=\"accelerometer; autoplay; clipboard-write; encrypted-media; gyroscope; picture-in-picture; web-share\" referrerpolicy=\"strict-origin-when-cross-origin\" allowfullscreen><\/iframe><\/p>\n<p>\u00a0<\/p>\n<h5><strong>Un mouvement promis \u00e0 la controverse<\/strong><\/h5>\n<p>La force du lancement tient \u00e0 la diversit\u00e9 des profils et \u00e0 l\u2019\u00e9nergie militante. Sa faiblesse potentielle: une ligne \u00e9ditoriale qui croise sujets sensibles (vaccins, OMS, EMA, identit\u00e9s num\u00e9riques) et assertions contest\u00e9es par des autorit\u00e9s sanitaires et une large partie de la communaut\u00e9 scientifique. Les organisateurs en ont conscience et assument un mode op\u00e9ratoire: production \u00ab <em>d\u2019un savoir pertinent <\/em>\u00bb (experts, publications), diffusion \u00ab par un mouvement social \u00bb (m\u00e9dias alternatifs et traditionnels), et \u00ab <em>engagement des d\u00e9cideurs <\/em>\u00bb pour changer les r\u00e8gles \u2014 ce qu\u2019Aseem Malhotra a appel\u00e9 \u00ab <em>le triangle qui d\u00e9place la montagne <\/em>\u00bb.<\/p>\n<p>Qu\u2019on y voie un sursaut salutaire ou une d\u00e9flagration pol\u00e9mique, MEHA s\u2019inscrit dans une lame de fond post\u2011pand\u00e9mie: celle d\u2019une demande de lisibilit\u00e9, de responsabilit\u00e9 et de choix en sant\u00e9. \u00ab <em>La sant\u00e9 est trop importante pour \u00eatre abandonn\u00e9e aux seuls experts ou aux seuls march\u00e9s <\/em>\u00bb, a r\u00e9sum\u00e9 Dr Hubmer\u2011Mogg.\u00a0<\/p>\n<blockquote>\n<p>Le d\u00e9bat est lanc\u00e9. Et il ne s\u2019arr\u00eatera pas aux portes de Bruxelles.<\/p>\n<\/blockquote>\n<p>Note au lecteur: cet article rend compte d\u2019un \u00e9v\u00e9nement public et rapporte des positions, constats et propositions des intervenants, dont certaines sont contest\u00e9es par des autorit\u00e9s sanitaires et des institutions europ\u00e9ennes. Les citations entre guillemets refl\u00e8tent les propos tenus lors de la conf\u00e9rence. Toute \u00e9volution l\u00e9gislative ou r\u00e9glementaire mentionn\u00e9e rel\u00e8ve d\u2019un d\u00e9bat en cours.<\/p>\n<\/div>\n<p><script>(function(d, s, id) {  var js, fjs = d.getElementsByTagName(s)[0];  if (d.getElementById(id)) return;  js = d.createElement(s); js.id = id;  js.src = \"\/\/connect.facebook.net\/fr_FR\/sdk.js#xfbml=1&version=v2.3\";  fjs.parentNode.insertBefore(js, fjs);}(document, \"script\", \"facebook-jssdk\"));<\/script><br \/>\n<br \/><br \/>\n<br \/><a href=\"https:\/\/www.francesoir.fr\/politique-monde-societe-sante\/bruxelles-make-europe-healthy-again-lance-une-fronde-pour\" target=\"_blank\"\">Source link <\/a><\/p>\n","protected":false},"excerpt":{"rendered":"<p>Au Parlement europ\u00e9en, l\u2019eurod\u00e9put\u00e9 autrichien G\u00e9rald Hauser a parrain\u00e9 le lancement de Make Europe Healthy Again (MEHA), un mouvement transnational qui plaide pour la transparence, l\u2019ind\u00e9pendance scientifique et un recentrage&hellip; <\/p>\n","protected":false},"author":1,"featured_media":17724,"comment_status":"open","ping_status":"open","sticky":false,"template":"","format":"standard","meta":{"footnotes":""},"categories":[1],"tags":[],"class_list":["post-17723","post","type-post","status-publish","format-standard","has-post-thumbnail","hentry","category-non-classe"],"_links":{"self":[{"href":"https:\/\/monde25.info\/index.php\/wp-json\/wp\/v2\/posts\/17723","targetHints":{"allow":["GET"]}}],"collection":[{"href":"https:\/\/monde25.info\/index.php\/wp-json\/wp\/v2\/posts"}],"about":[{"href":"https:\/\/monde25.info\/index.php\/wp-json\/wp\/v2\/types\/post"}],"author":[{"embeddable":true,"href":"https:\/\/monde25.info\/index.php\/wp-json\/wp\/v2\/users\/1"}],"replies":[{"embeddable":true,"href":"https:\/\/monde25.info\/index.php\/wp-json\/wp\/v2\/comments?post=17723"}],"version-history":[{"count":0,"href":"https:\/\/monde25.info\/index.php\/wp-json\/wp\/v2\/posts\/17723\/revisions"}],"wp:featuredmedia":[{"embeddable":true,"href":"https:\/\/monde25.info\/index.php\/wp-json\/wp\/v2\/media\/17724"}],"wp:attachment":[{"href":"https:\/\/monde25.info\/index.php\/wp-json\/wp\/v2\/media?parent=17723"}],"wp:term":[{"taxonomy":"category","embeddable":true,"href":"https:\/\/monde25.info\/index.php\/wp-json\/wp\/v2\/categories?post=17723"},{"taxonomy":"post_tag","embeddable":true,"href":"https:\/\/monde25.info\/index.php\/wp-json\/wp\/v2\/tags?post=17723"}],"curies":[{"name":"wp","href":"https:\/\/api.w.org\/{rel}","templated":true}]}}