{"id":17729,"date":"2025-10-16T04:33:48","date_gmt":"2025-10-16T02:33:48","guid":{"rendered":"https:\/\/monde25.info\/index.php\/2025\/10\/16\/le-plan-de-paix-de-trump-et-netanyahu-na-que-pour-but-de-transformer-dans-limaginaire-mondial-le-genocide-qui-vient-davoir-lieu-a-gaza-en-simple-conflit\/"},"modified":"2025-10-16T04:33:48","modified_gmt":"2025-10-16T02:33:48","slug":"le-plan-de-paix-de-trump-et-netanyahu-na-que-pour-but-de-transformer-dans-limaginaire-mondial-le-genocide-qui-vient-davoir-lieu-a-gaza-en-simple-conflit","status":"publish","type":"post","link":"https:\/\/monde25.info\/index.php\/2025\/10\/16\/le-plan-de-paix-de-trump-et-netanyahu-na-que-pour-but-de-transformer-dans-limaginaire-mondial-le-genocide-qui-vient-davoir-lieu-a-gaza-en-simple-conflit\/","title":{"rendered":"Le plan de paix de Trump et Netanyahu n\u2019a que pour but de transformer, dans l\u2019imaginaire mondial, le g\u00e9nocide qui vient d\u2019avoir lieu \u00e0 Gaza en simple conflit."},"content":{"rendered":"<p> <br \/>\n<\/p>\n<div>\n<p style=\"font-weight: 400;\">Par Jean-Pierre Aussant<\/p>\n<p>\u00ab L\u2019enfer est pav\u00e9 de bonnes intentions. \u00bb Jamais la phrase de saint Augustin n\u2019aura \u00e9t\u00e9 aussi juste.<\/p>\n<p>En effet, alors que le g\u00e9nocide des Palestiniens de la bande de Gaza est d\u00e9j\u00e0 consomm\u00e9, le simulacre de n\u00e9gociation avec les Gazaouis n\u2019a que pour but de donner l\u2019illusion que tous les bellig\u00e9rants seraient, au fond, sur un pied d\u2019\u00e9galit\u00e9. Or, si tout le monde est sur un pied d\u2019\u00e9galit\u00e9, c\u2019est qu\u2019il ne peut pas y avoir eu de g\u00e9nocide.<\/p>\n<p>\u00a0<\/p>\n<p>D\u00e8s le d\u00e9but, ce plan de cessez-le-feu fut odieux. Rappelons-nous l\u2019avertissement de Trump aux Palestiniens : \u00ab Si vous ne l\u2019acceptez pas, je vous promets un enfer tel que l\u2019humanit\u00e9 n\u2019en a jamais connu. \u00bb Franchement, dit-on cela \u00e0 un peuple qui vient de conna\u00eetre un g\u00e9nocide ? Un peuple \u00e9cras\u00e9 et sans arm\u00e9e, qui vit dans une prison\/zoo \u00e0 ciel ouvert de 10 km de large sur 50 km de long, et dont m\u00eame le ravitaillement en eau est contr\u00f4l\u00e9 par Isra\u00ebl ? Un peuple humili\u00e9 depuis soixante-dix ans et dont environ 100 000 femmes et enfants viennent de trouver la mort sous les bombes ? Les Alli\u00e9s, ont-ils dit cela aux Juifs et aux Tziganes avant de les lib\u00e9rer des camps de la mort? Ont-ils pos\u00e9 des conditions et promis d\u2019autres enfers encore plus terribles que celui qu\u2019ils venaient de vivre dans le cas o\u00f9 ils refuseraient ces conditions ?<\/p>\n<p>Quand un peuple subit un g\u00e9nocide, on le lib\u00e8re, c\u2019est tout. Un peuple g\u00e9nocid\u00e9 n\u2019est pas en mesure de n\u00e9gocier. Lui proposer de n\u00e9gocier, c\u2019est, si c\u2019\u00e9tait possible, le tuer une deuxi\u00e8me fois, c\u2019est lui voler en quelque sorte sa souffrance. C\u2019est lui dire\u00a0: \u00ab\u00a0Tu vois, on t\u2019a massacr\u00e9, mais on est gentil, et on t\u2019invite maintenant \u00e0 venir apposer ta petite signature. Tu vois, nous, nous sommes \u00ab\u00a0r\u00e9glos\u00a0\u00bb nous ne sommes pas des m\u00e9chants\u2026\u00a0\u00bb<\/p>\n<p>\u00a0<\/p>\n<p>Certes, sachant que M. Trump a \u00e9t\u00e9 \u00e9lu gr\u00e2ce \u00e0 l\u2019argent de son gendre juif, Jared Kushner, qui avait financ\u00e9 sa premi\u00e8re campagne pr\u00e9sidentielle, et sachant que sa propre fille (Ivanka Trump) s\u2019est convertie au juda\u00efsme, nous pouvons comprendre qu\u2019il penche du c\u00f4t\u00e9 de l\u2019\u00c9tat h\u00e9breu; mais enfin, tout de m\u00eame, il y a des limites\u2026<\/p>\n<p>Exiger du Hamas qu\u2019il se d\u00e9sarme ? Mais se d\u00e9sarme de quoi ? Combien d\u2019Isra\u00e9liens ont \u00e9t\u00e9 tu\u00e9s par les bombes du Hamas sur Tel-Aviv depuis le commencement de la \u00ab guerre \u00bb ? Oui, combien ? Z\u00e9ro (0).<\/p>\n<p>\u00a0<\/p>\n<p>Alors bien s\u00fbr, et m\u00eame si le terrorisme est l\u2019arme du faible, et m\u00eame si Isra\u00ebl occupe une partie de la Palestine, il y a eu cette attaque condamnable du Hamas, qui aura fait plus de mille victimes chez les Isra\u00e9liens. Oui, cela doit \u00eatre d\u00e9nonc\u00e9. Mais enfin, Isra\u00ebl, qui a perdu six millions de ses enfants dans l\u2019enfer nazi, a tr\u00e8s rapidement \u00ab pardonn\u00e9 \u00bb aux Allemands, contribuant m\u00eame\u00a0\u00e0 enrichir ce pays en lui achetant tr\u00e8s rapidement toutes sortes d\u2019armes. Pourquoi donc ce traitement de \u00abfaveur\u00bb envers les Palestiniens ? Nous aurions presque parfois l\u2019impression que les Isra\u00e9liens font payer aux Gazaouis la note de l\u2019Holocauste\u2026\u2026commis par les nazis. La souffrance des Juifs a \u00e9t\u00e9 si intense sous le Troisi\u00e8me Reich que l\u2019abc\u00e8s doit \u00eatre crev\u00e9, et peu importe sur quel peuple le pus retombe\u2026 Oui, sans Shoah, pas de Gaza. L\u2019id\u00e9e n\u2019est pas incongrue.<\/p>\n<p>\u00a0<\/p>\n<p>Non, en r\u00e9alit\u00e9, le but principal et sous-jacent \u00e0 cette sinistre mascarade de \u00abplan de paix\u00bb est d\u2019emp\u00eacher le peuple palestinien d\u2019avoir recours \u00e0 cette compensation m\u00e9morielle \u00e0 laquelle, comme tous les peuples g\u00e9nocid\u00e9s, il a pourtant droit.<\/p>\n<p>En r\u00e9alit\u00e9, il s\u2019agit pour l\u2019\u00c9tat profond d\u2019emp\u00eacher \u00e0 tout prix les Gazaouis de faire comme les Juifs, c\u2019est-\u00e0-dire de cultiver la m\u00e9moire de leur g\u00e9nocide pendant quatre-vingts ans. Cela est son obsession. Le g\u00e9nocide palestinien, lui, doit \u00eatre oubli\u00e9. Il ne doit jamais figurer dans les livres d\u2019histoire (un peu comme le g\u00e9nocide arm\u00e9nien que Netanyahu refuse, en outre, de reconna\u00eetre, sans m\u00eame mentionner le g\u00e9nocide vend\u00e9en ou celui des chr\u00e9tiens du Sud-Soudan- chr\u00e9tiens massacr\u00e9s par des musulmans-, qui n\u2019int\u00e9ressent personne\u2026).<\/p>\n<p>Ordonner aux rescap\u00e9s d\u2019un g\u00e9nocide de venir n\u00e9gocier en faisant semblant que rien d\u2019extraordinaire ne se serait pass\u00e9, en insinuant qu\u2019au fond ce conflit n\u2019est qu\u2019un banal conflit comme \u00ab les autres \u00bb, est une infamie. Oui, un ultime affront. Cela revient, apr\u00e8s avoir commis un g\u00e9nocide biologique, \u00e0 en commettre un deuxi\u00e8me: le m\u00e9moricide, le g\u00e9nocide de la m\u00e9moire.<\/p>\n<p>En tant que membre de la Sainte \u00c9glise catholique, il \u00e9tait de mon devoir d\u2019\u00e9crire ces lignes.<\/p>\n<p>Jean-Pierre Aussant<\/p>\n<p><iframe loading=\"lazy\" title=\"Gaza: apr\u00e8s le g\u00e9nocide tout court, maintenant celui de la m\u00e9moire\" width=\"1110\" height=\"624\" src=\"https:\/\/www.youtube.com\/embed\/uKJwD0qjCN8?feature=oembed\" frameborder=\"0\" allow=\"accelerometer; autoplay; clipboard-write; encrypted-media; gyroscope; picture-in-picture; web-share\" referrerpolicy=\"strict-origin-when-cross-origin\" allowfullscreen><\/iframe><\/p>\n<p>\u00a0<\/p>\n<p>\u00a0<\/p>\n<p>\u00a0<\/p>\n<p>\u00a0<\/p>\n<\/div>\n<div id=\"entry-author-info\">\n<div id=\"author-avatar\">\n<img loading=\"lazy\" alt=\"\" src=\"https:\/\/secure.gravatar.com\/avatar\/503a513bd56962b94d9fcae74eac1c901d8f5a826c9925d90574e82cedd40195?s=80&amp;d=identicon&amp;r=g\" srcset=\"https:\/\/secure.gravatar.com\/avatar\/503a513bd56962b94d9fcae74eac1c901d8f5a826c9925d90574e82cedd40195?s=160&amp;d=identicon&amp;r=g 2x\" class=\"avatar avatar-80 photo\" height=\"80\" width=\"80\" decoding=\"async\" data-pagespeed-url-hash=\"3703009681\" onload=\"pagespeed.lazyLoadImages.loadIfVisibleAndMaybeBeacon(this);\" onerror=\"this.onerror=null;pagespeed.lazyLoadImages.loadIfVisibleAndMaybeBeacon(this);\"\/>\t<\/div>\n<div id=\"author-description\">\n<h2>A propos Jean-Pierre Aussant<\/h2>\n<p>Auteur des essais \u00ab\u00a0le complot inconscient\u00a0\u00bb (g\u00e9nocide participatif du sexe masculin), \u00ab\u00a0l&rsquo;instrumentalisation du corona\u00a0\u00bb (objectifs civilisationnels et anthropologiques \u00e0 long terme) et de \u00ab\u00a0vomis th\u00e9rapeutiques\u00a0\u00bb. Jean-Pierre Aussant publie en outre dans diverses revues en France et en Allemagne.\n<\/p><\/div>\n<\/div>\n<p><br \/>\n<br \/><a href=\"https:\/\/lesmoutonsenrages.fr\/2025\/10\/12\/le-plan-de-paix-de-trump-et-netanyahu-na-que-pour-but-de-transformer-dans-limaginaire-mondial-le-genocide-qui-vient-davoir-lieu-a-gaza-en-simple-conflit\/\" target=\"_blank\"\">Source link <\/a><\/p>\n","protected":false},"excerpt":{"rendered":"<p>Par Jean-Pierre Aussant \u00ab L\u2019enfer est pav\u00e9 de bonnes intentions. \u00bb Jamais la phrase de saint Augustin n\u2019aura \u00e9t\u00e9 aussi juste. En effet, alors que le g\u00e9nocide des Palestiniens de&hellip; <\/p>\n","protected":false},"author":1,"featured_media":17730,"comment_status":"open","ping_status":"open","sticky":false,"template":"","format":"standard","meta":{"footnotes":""},"categories":[1],"tags":[],"class_list":["post-17729","post","type-post","status-publish","format-standard","has-post-thumbnail","hentry","category-non-classe"],"_links":{"self":[{"href":"https:\/\/monde25.info\/index.php\/wp-json\/wp\/v2\/posts\/17729","targetHints":{"allow":["GET"]}}],"collection":[{"href":"https:\/\/monde25.info\/index.php\/wp-json\/wp\/v2\/posts"}],"about":[{"href":"https:\/\/monde25.info\/index.php\/wp-json\/wp\/v2\/types\/post"}],"author":[{"embeddable":true,"href":"https:\/\/monde25.info\/index.php\/wp-json\/wp\/v2\/users\/1"}],"replies":[{"embeddable":true,"href":"https:\/\/monde25.info\/index.php\/wp-json\/wp\/v2\/comments?post=17729"}],"version-history":[{"count":0,"href":"https:\/\/monde25.info\/index.php\/wp-json\/wp\/v2\/posts\/17729\/revisions"}],"wp:featuredmedia":[{"embeddable":true,"href":"https:\/\/monde25.info\/index.php\/wp-json\/wp\/v2\/media\/17730"}],"wp:attachment":[{"href":"https:\/\/monde25.info\/index.php\/wp-json\/wp\/v2\/media?parent=17729"}],"wp:term":[{"taxonomy":"category","embeddable":true,"href":"https:\/\/monde25.info\/index.php\/wp-json\/wp\/v2\/categories?post=17729"},{"taxonomy":"post_tag","embeddable":true,"href":"https:\/\/monde25.info\/index.php\/wp-json\/wp\/v2\/tags?post=17729"}],"curies":[{"name":"wp","href":"https:\/\/api.w.org\/{rel}","templated":true}]}}