{"id":1773,"date":"2024-12-08T17:08:55","date_gmt":"2024-12-08T16:08:55","guid":{"rendered":"https:\/\/monde25.info\/index.php\/2024\/12\/08\/chute-de-damas-fuite-de-bachar-el-assad\/"},"modified":"2024-12-08T17:08:55","modified_gmt":"2024-12-08T16:08:55","slug":"chute-de-damas-fuite-de-bachar-el-assad","status":"publish","type":"post","link":"https:\/\/monde25.info\/index.php\/2024\/12\/08\/chute-de-damas-fuite-de-bachar-el-assad\/","title":{"rendered":"Chute de Damas, fuite de Bachar El Assad !"},"content":{"rendered":"<p> <br \/>\n<\/p>\n<div>\n<p><span class=\"dropcap \" style=\"background-color: #ffffff; color: #000000; border-color: #ffffff;\"><strong>D<\/strong><\/span>amas est tomb\u00e9e ! Jour funeste pour les r\u00e9sistances libanaise et palestinienne ! La route T\u00e9h\u00e9ran-Bagdad-Damas-Beyrouth-J\u00e9rusalem est d\u00e9sormais sous contr\u00f4le sioniste. C\u2019est un jour important pour le futur du Moyen-Orient et c\u2019est \u00e9galement un jour important pour nous autres Europ\u00e9ens. Faut-il rappeler que les d\u00e9stabilisations de cette r\u00e9gion du monde ont pouss\u00e9 millions de migrants \u00e0 affluer vers l\u2019Europe.<\/p>\n<p>Cette affaire est d\u2019autant plus troublante que les islamistes rebelles sont qualifi\u00e9s par l\u2019Occident de gentils et mod\u00e9r\u00e9s. Pourtant ils appartenaient hier encore \u00e0 Daech ou AlQa\u00efda ! C\u2019est encore une fois l\u2019Occident qui d\u00e9cide qui est gentil et qui est m\u00e9chant ! Qui il faut mettre sur le tr\u00f4ne et qui il faut jeter et torturer \u00e0 Guantanamo !<\/p>\n<p>Il sera \u00e9galement compliqu\u00e9 de d\u00e9fendre les rebelles islamistes mod\u00e9r\u00e9s tout en d\u00e9fendant les chr\u00e9tiens syriens ! Quoi que les m\u00e9dias occidentaux n\u2019ont honte de rien, ils sont en roue libre depuis longtemps et n\u2019h\u00e9sitent pas \u00e0 mentir et manipuler leur auditoire quotidiennement.<\/p>\n<hr\/>\n<h3><strong><img loading=\"lazy\" decoding=\"async\" class=\"wp-image-6048388 aligncenter\" src=\"https:\/\/www.lelibrepenseur.org\/wp-content\/uploads\/2024\/12\/Latuff-Bon-et-mauvais-islamiste.jpg\" alt=\"\" width=\"478\" height=\"275\" srcset=\"https:\/\/www.lelibrepenseur.org\/wp-content\/uploads\/2024\/12\/Latuff-Bon-et-mauvais-islamiste.jpg 900w, https:\/\/www.lelibrepenseur.org\/wp-content\/uploads\/2024\/12\/Latuff-Bon-et-mauvais-islamiste-300x173.jpg 300w, https:\/\/www.lelibrepenseur.org\/wp-content\/uploads\/2024\/12\/Latuff-Bon-et-mauvais-islamiste-768x442.jpg 768w, https:\/\/www.lelibrepenseur.org\/wp-content\/uploads\/2024\/12\/Latuff-Bon-et-mauvais-islamiste-24x14.jpg 24w, https:\/\/www.lelibrepenseur.org\/wp-content\/uploads\/2024\/12\/Latuff-Bon-et-mauvais-islamiste-36x21.jpg 36w, https:\/\/www.lelibrepenseur.org\/wp-content\/uploads\/2024\/12\/Latuff-Bon-et-mauvais-islamiste-48x28.jpg 48w, https:\/\/www.lelibrepenseur.org\/wp-content\/uploads\/2024\/12\/Latuff-Bon-et-mauvais-islamiste-600x345.jpg 600w, https:\/\/www.lelibrepenseur.org\/wp-content\/uploads\/2024\/12\/Latuff-Bon-et-mauvais-islamiste-750x432.jpg 750w\" sizes=\"auto, (max-width: 478px) 100vw, 478px\"\/><\/strong><\/h3>\n<hr\/>\n<h3><strong>\u00c0 la vitesse de l\u2019\u00e9clair<\/strong><\/h3>\n<p>Il est par contre extr\u00eamement curieux de voir \u00e0 quelle vitesse cette r\u00e9bellion syrienne a gagn\u00e9 Damas ! C\u2019est \u00e0 peine croyable, incompr\u00e9hensible. C\u2019est comme s\u2019il n\u2019y avait pas eu de r\u00e9sistance ! O\u00f9 est pass\u00e9e l\u2019arm\u00e9e syrienne ? Il semble clair maintenant que la population ne s\u2019est pas d\u00e9fendue, elle a accept\u00e9 la chute du r\u00e9gime alaouite. Il n\u2019y a pas d\u2019autre explication logique \u00e0 une avanc\u00e9e aussi fulgurante des rebelles. Certes l\u2019\u00e9tat syrien \u00e9tait fragilis\u00e9 par une guerre interminable et le Hezbollah affaibli par Tel-Aviv.<\/p>\n<p>Ces rebelles ont \u00e9t\u00e9 aid\u00e9 massivement, c\u2019est un fait. La Turquie d\u2019Erdogan y est pour beaucoup et signe encore une fois ici la d\u00e9monstration de sa trahison. Alors qu\u2019il n\u2019a strictement RIEN fait pour venir en aide \u00e0 la Palestine g\u00e9nocid\u00e9e, il a d\u00e9pens\u00e9 des milliards pour faire tomber Damas dans l\u2019int\u00e9r\u00eat de Tel-Aviv. Sans oublier cette derni\u00e8re, la CIA et l\u2019OTAN qui sont derri\u00e8re ce succ\u00e8s militaire \u00e9vident. <span class=\"css-1jxf684 r-bcqeeo r-1ttztb7 r-qvutc0 r-poiln3\">\u00ab\u00a0<em>La chute du r\u00e9gime d\u2019<\/em><\/span><em><span class=\"css-1jxf684 r-bcqeeo r-1ttztb7 r-qvutc0 r-poiln3 r-b88u0q\">Assad<\/span><\/em><span class=\"css-1jxf684 r-bcqeeo r-1ttztb7 r-qvutc0 r-poiln3\"><em> est une cons\u00e9quence directe des coups que nous avons inflig\u00e9s \u00e0 l\u2019Iran et au Hezbollah<\/em>\u00a0\u00bb a d\u00e9clar\u00e9 Benjamin Netanyahu. Ce dernier s\u2019est <a target=\"_blank\" href=\"https:\/\/www.bfmtv.com\/international\/moyen-orient\/syrie\/chute-d-al-assad-c-est-un-jour-historique-dans-l-histoire-du-moyen-orient-salue-benjamin-netanyahu_VN-202412080326.html\">m\u00eame f\u00e9licit\u00e9 de cette victoire du HTS<\/a>, ce qui est en soi une anomalie.<\/span><\/p>\n<h3><strong>Qui sont les HTS ?<\/strong><\/h3>\n<p>D\u2019o\u00f9 sort ce mouvement de HTS ou <em>Hayat Tahrir EsSham<\/em> ? Qui sont-ils et que repr\u00e9sentent ils vraiment en Syrie ! Il suffit de lire leurs d\u00e9clarations ahurissantes sur les m\u00e9dias isra\u00e9liens pour s\u2019en rendre compte ! Un \u00ab bon rebelle \u00bb, un \u00ab\u00a0islamiste mod\u00e9r\u00e9\u00a0\u00bb syrien a donn\u00e9 une interview \u00e0 la cha\u00eene isra\u00e9lienne 11 dans laquelle il ne cache absolument pas son jeu : \u00ab <em>Chers voisins et amis de l\u2019\u00c9tat ami d\u2019isra\u00ebl Il n\u2019y aura pas d\u2019extr\u00e9misme, nous partageons la m\u00eame passion. Nous invitons Isra\u00ebl \u00e0 venir en Syrie et \u00e0 investir<\/em>.\u00a0\u00bb ! Rien que \u00e7a !<\/p>\n<p>Abuu Mohammad al-Joulani, le patron de HTS porte bien son nom \u00e0 double titre. En se nommant Joulani, qui veut dire <em>originaire du Golan<\/em>, quelle sera sa position sur la colonisation du plateau du Golan depuis le guerre des Six Jours par l\u2019isra\u00ebl ? Quand il parle de <em>al-Sham<\/em>, faut-il rappeler que ce terme d\u00e9signant la \u00ab\u00a0Grande Syrie\u00a0\u00bb ou <em>Bilad al-Sham<\/em> contient la totalit\u00e9 de la Jordanie, la Palestine, le Liban, la Syrie, l\u2019isra\u00ebl et une partie de la Turquie !<\/p>\n<h3><strong>Que va-t-il se passer maintenant ?<\/strong><\/h3>\n<p>Le futur proche nous le dira. Une chose est certaine, les derni\u00e8res d\u00e9clarations des rebelles ne laissent aucun doute : cette victoire militaire est l\u2019\u0153uvre de Tel-Aviv et donc dans l\u2019int\u00e9r\u00eat de l\u2019entit\u00e9 sioniste. Si <a target=\"_blank\" href=\"https:\/\/www.francetvinfo.fr\/monde\/revolte-en-syrie\/direct-en-syrie-des-groupes-rebelles-revendiquent-la-prise-de-damas-et-affirment-que-bachar-al-assad-a-pris-la-fuite_6943031.html\">Paris f\u00e9licite le HTS<\/a> c\u2019est que ce n\u2019est pas bon pour la r\u00e9sistance au sionisme.<\/p>\n<p>C\u2019est au peuple syrien de r\u00e9agir et de faire le n\u00e9cessaire pour son avenir, personne d\u2019autre ne pourra le faire \u00e0 sa place. Une chose est certaine, l\u2019histoire nous enseigne que la chute des Saddam, Kadhafi\u2026 ont laiss\u00e9 place au chaos, au d\u00e9sordre et \u00e0 la guerre. On ne voit pas pourquoi il en serait autrement aujourd\u2019hui.<\/p>\n<hr\/>\n<p><img loading=\"lazy\" decoding=\"async\" class=\"wp-image-6048392 aligncenter\" src=\"https:\/\/www.lelibrepenseur.org\/wp-content\/uploads\/2024\/12\/migrations-suites-aux-guerres-US-1024x849.jpg\" alt=\"\" width=\"822\" height=\"682\" srcset=\"https:\/\/www.lelibrepenseur.org\/wp-content\/uploads\/2024\/12\/migrations-suites-aux-guerres-US-1024x849.jpg 1024w, https:\/\/www.lelibrepenseur.org\/wp-content\/uploads\/2024\/12\/migrations-suites-aux-guerres-US-300x249.jpg 300w, https:\/\/www.lelibrepenseur.org\/wp-content\/uploads\/2024\/12\/migrations-suites-aux-guerres-US-768x637.jpg 768w, https:\/\/www.lelibrepenseur.org\/wp-content\/uploads\/2024\/12\/migrations-suites-aux-guerres-US-24x20.jpg 24w, https:\/\/www.lelibrepenseur.org\/wp-content\/uploads\/2024\/12\/migrations-suites-aux-guerres-US-36x30.jpg 36w, https:\/\/www.lelibrepenseur.org\/wp-content\/uploads\/2024\/12\/migrations-suites-aux-guerres-US-48x40.jpg 48w, https:\/\/www.lelibrepenseur.org\/wp-content\/uploads\/2024\/12\/migrations-suites-aux-guerres-US-600x497.jpg 600w, https:\/\/www.lelibrepenseur.org\/wp-content\/uploads\/2024\/12\/migrations-suites-aux-guerres-US-750x622.jpg 750w, https:\/\/www.lelibrepenseur.org\/wp-content\/uploads\/2024\/12\/migrations-suites-aux-guerres-US-1140x945.jpg 1140w, https:\/\/www.lelibrepenseur.org\/wp-content\/uploads\/2024\/12\/migrations-suites-aux-guerres-US.jpg 1252w\" sizes=\"auto, (max-width: 822px) 100vw, 822px\"\/><\/p>\n<hr\/>\n<p><img loading=\"lazy\" decoding=\"async\" class=\"wp-image-6048390 aligncenter\" src=\"https:\/\/www.lelibrepenseur.org\/wp-content\/uploads\/2024\/12\/commandant-rebelle-syrien-dans-une-interview-au-Times-of-Israel-792x1024.jpg\" alt=\"\" width=\"491\" height=\"635\" srcset=\"https:\/\/www.lelibrepenseur.org\/wp-content\/uploads\/2024\/12\/commandant-rebelle-syrien-dans-une-interview-au-Times-of-Israel-792x1024.jpg 792w, https:\/\/www.lelibrepenseur.org\/wp-content\/uploads\/2024\/12\/commandant-rebelle-syrien-dans-une-interview-au-Times-of-Israel-232x300.jpg 232w, https:\/\/www.lelibrepenseur.org\/wp-content\/uploads\/2024\/12\/commandant-rebelle-syrien-dans-une-interview-au-Times-of-Israel-768x993.jpg 768w, https:\/\/www.lelibrepenseur.org\/wp-content\/uploads\/2024\/12\/commandant-rebelle-syrien-dans-une-interview-au-Times-of-Israel-19x24.jpg 19w, https:\/\/www.lelibrepenseur.org\/wp-content\/uploads\/2024\/12\/commandant-rebelle-syrien-dans-une-interview-au-Times-of-Israel-28x36.jpg 28w, https:\/\/www.lelibrepenseur.org\/wp-content\/uploads\/2024\/12\/commandant-rebelle-syrien-dans-une-interview-au-Times-of-Israel-37x48.jpg 37w, https:\/\/www.lelibrepenseur.org\/wp-content\/uploads\/2024\/12\/commandant-rebelle-syrien-dans-une-interview-au-Times-of-Israel-600x776.jpg 600w, https:\/\/www.lelibrepenseur.org\/wp-content\/uploads\/2024\/12\/commandant-rebelle-syrien-dans-une-interview-au-Times-of-Israel-750x970.jpg 750w, https:\/\/www.lelibrepenseur.org\/wp-content\/uploads\/2024\/12\/commandant-rebelle-syrien-dans-une-interview-au-Times-of-Israel.jpg 990w\" sizes=\"auto, (max-width: 491px) 100vw, 491px\"\/><\/p>\n<hr\/>\n<\/div>\n<p><br \/>\n<br \/><a href=\"https:\/\/www.lelibrepenseur.org\/chute-de-damas-fuite-de-bachar-el-assad\/\" target=\"_blank\"\">Source link <\/a><\/p>\n","protected":false},"excerpt":{"rendered":"<p>Damas est tomb\u00e9e ! Jour funeste pour les r\u00e9sistances libanaise et palestinienne ! La route T\u00e9h\u00e9ran-Bagdad-Damas-Beyrouth-J\u00e9rusalem est d\u00e9sormais sous contr\u00f4le sioniste. C\u2019est un jour important pour le futur du Moyen-Orient&hellip; <\/p>\n","protected":false},"author":1,"featured_media":0,"comment_status":"open","ping_status":"open","sticky":false,"template":"","format":"standard","meta":{"footnotes":""},"categories":[1],"tags":[],"class_list":["post-1773","post","type-post","status-publish","format-standard","hentry","category-non-classe"],"_links":{"self":[{"href":"https:\/\/monde25.info\/index.php\/wp-json\/wp\/v2\/posts\/1773","targetHints":{"allow":["GET"]}}],"collection":[{"href":"https:\/\/monde25.info\/index.php\/wp-json\/wp\/v2\/posts"}],"about":[{"href":"https:\/\/monde25.info\/index.php\/wp-json\/wp\/v2\/types\/post"}],"author":[{"embeddable":true,"href":"https:\/\/monde25.info\/index.php\/wp-json\/wp\/v2\/users\/1"}],"replies":[{"embeddable":true,"href":"https:\/\/monde25.info\/index.php\/wp-json\/wp\/v2\/comments?post=1773"}],"version-history":[{"count":0,"href":"https:\/\/monde25.info\/index.php\/wp-json\/wp\/v2\/posts\/1773\/revisions"}],"wp:attachment":[{"href":"https:\/\/monde25.info\/index.php\/wp-json\/wp\/v2\/media?parent=1773"}],"wp:term":[{"taxonomy":"category","embeddable":true,"href":"https:\/\/monde25.info\/index.php\/wp-json\/wp\/v2\/categories?post=1773"},{"taxonomy":"post_tag","embeddable":true,"href":"https:\/\/monde25.info\/index.php\/wp-json\/wp\/v2\/tags?post=1773"}],"curies":[{"name":"wp","href":"https:\/\/api.w.org\/{rel}","templated":true}]}}