{"id":17733,"date":"2025-10-16T06:45:11","date_gmt":"2025-10-16T04:45:11","guid":{"rendered":"https:\/\/monde25.info\/index.php\/2025\/10\/16\/couper-du-bois-sans-detruire-la-foret-cest-possible\/"},"modified":"2025-10-16T06:45:11","modified_gmt":"2025-10-16T04:45:11","slug":"couper-du-bois-sans-detruire-la-foret-cest-possible","status":"publish","type":"post","link":"https:\/\/monde25.info\/index.php\/2025\/10\/16\/couper-du-bois-sans-detruire-la-foret-cest-possible\/","title":{"rendered":"Couper du bois sans d\u00e9truire la for\u00eat, c&#039;est possible"},"content":{"rendered":"<p> <br \/>\n<br \/><img loading=\"lazy\" decoding=\"async\" src=\"https:\/\/reporterre.net\/local\/cache-vignettes\/L700xH467\/feo_6819-e2284.jpg?1760536571\" class=\"spip_logo\" width=\"700\" height=\"467\" alt=\"\" \/><\/p>\n<p>La microscierie For\u00eat vivante, dans l&rsquo;Aisne, s&rsquo;inscrit en contrepied \u00e0 la fili\u00e8re industrielle du bois. Le bois est coup\u00e9 dans des for\u00eats locales g\u00e9r\u00e9es sans coupes rases et la tra\u00e7abilit\u00e9 est totale, de l&rsquo;abattage \u00e0 la revente. <br class=\"autobr\" \/><br \/>\nAnizy (Aisne), reportage <br class=\"autobr\" \/><br \/>\n\u00ab<small class=\"fine d-inline\">\u00a0<\/small>L\u00e0, on ne peut pas nous dire qu&rsquo;on n&rsquo;est pas une vraie scierie<small class=\"fine d-inline\">\u00a0<\/small>!<small class=\"fine d-inline\">\u00a0<\/small>\u00bb, s&rsquo;est exclam\u00e9 Yvain Brochot au milieu du bourdonnement des scies \u00e0 bois et des moteurs d&rsquo;engins de chantier. \u00c0 Anizy, dans l&rsquo;Aisne, une cinquantaine de personnes\u00a0(\u2026)<\/p>\n<p>                    <a target=\"_blank\" href=\"https:\/\/reporterre.net\/Couper-du-bois-sans-detruire-la-foret-le-pari-de-cette-petite-scierie?utm_source=RSS&amp;utm_medium=RSS\">Lire la suite<\/a><\/p>\n<p>                    &#8211;<br \/>\n                        <a target=\"_blank\" href=\"https:\/\/reporterre.net\/Alternative\" rel=\"directory\">Alternative<\/a><\/p>\n<p>                    \/<br \/>\n                        <a target=\"_blank\" href=\"https:\/\/reporterre.net\/Forets\" rel=\"tag\">For\u00eats<\/a><br \/>\n                    ,<br \/>\n                        <a target=\"_blank\" href=\"https:\/\/reporterre.net\/Alternatives\" rel=\"tag\">Alternatives<\/a><br \/>\n<br \/><br \/>\n<br \/><a href=\"https:\/\/reporterre.net\/Couper-du-bois-sans-detruire-la-foret-le-pari-de-cette-petite-scierie\" target=\"_blank\"\">Source link <\/a><\/p>\n","protected":false},"excerpt":{"rendered":"<p>La microscierie For\u00eat vivante, dans l&rsquo;Aisne, s&rsquo;inscrit en contrepied \u00e0 la fili\u00e8re industrielle du bois. Le bois est coup\u00e9 dans des for\u00eats locales g\u00e9r\u00e9es sans coupes rases et la tra\u00e7abilit\u00e9&hellip; <\/p>\n","protected":false},"author":1,"featured_media":0,"comment_status":"open","ping_status":"open","sticky":false,"template":"","format":"standard","meta":{"footnotes":""},"categories":[1],"tags":[],"class_list":["post-17733","post","type-post","status-publish","format-standard","hentry","category-non-classe"],"_links":{"self":[{"href":"https:\/\/monde25.info\/index.php\/wp-json\/wp\/v2\/posts\/17733","targetHints":{"allow":["GET"]}}],"collection":[{"href":"https:\/\/monde25.info\/index.php\/wp-json\/wp\/v2\/posts"}],"about":[{"href":"https:\/\/monde25.info\/index.php\/wp-json\/wp\/v2\/types\/post"}],"author":[{"embeddable":true,"href":"https:\/\/monde25.info\/index.php\/wp-json\/wp\/v2\/users\/1"}],"replies":[{"embeddable":true,"href":"https:\/\/monde25.info\/index.php\/wp-json\/wp\/v2\/comments?post=17733"}],"version-history":[{"count":0,"href":"https:\/\/monde25.info\/index.php\/wp-json\/wp\/v2\/posts\/17733\/revisions"}],"wp:attachment":[{"href":"https:\/\/monde25.info\/index.php\/wp-json\/wp\/v2\/media?parent=17733"}],"wp:term":[{"taxonomy":"category","embeddable":true,"href":"https:\/\/monde25.info\/index.php\/wp-json\/wp\/v2\/categories?post=17733"},{"taxonomy":"post_tag","embeddable":true,"href":"https:\/\/monde25.info\/index.php\/wp-json\/wp\/v2\/tags?post=17733"}],"curies":[{"name":"wp","href":"https:\/\/api.w.org\/{rel}","templated":true}]}}