{"id":17759,"date":"2025-10-16T17:13:57","date_gmt":"2025-10-16T15:13:57","guid":{"rendered":"https:\/\/monde25.info\/index.php\/2025\/10\/16\/maria-corina-machado-prix-nobel-de-la-honte\/"},"modified":"2025-10-16T17:13:57","modified_gmt":"2025-10-16T15:13:57","slug":"maria-corina-machado-prix-nobel-de-la-honte","status":"publish","type":"post","link":"https:\/\/monde25.info\/index.php\/2025\/10\/16\/maria-corina-machado-prix-nobel-de-la-honte\/","title":{"rendered":"Mar\u00eda Corina Machado, prix Nobel de la\u2026 honte"},"content":{"rendered":"<p> <br \/>\n<\/p>\n<div>\n<h4 class=\"western\" align=\"left\"><strong>Tandis que Donald Trump ne cessait de r\u00e9clamer l\u2019obtention du prix Nobel de la paix, il a finalement \u00e9t\u00e9 attribu\u00e9 \u00e0 Mar\u00eda Corina Machado, une opposante au gouvernement v\u00e9n\u00e9zu\u00e9lien. Or, en plus d\u2019\u00eatre tr\u00e8s proche de l\u2019agenda politique du pr\u00e9sident am\u00e9ricain, ses d\u00e9cisions ont d\u00e9j\u00e0 entra\u00een\u00e9 la mort de plusieurs personnes et elle a d\u00e9fendu l\u2019action g\u00e9nocidaire des autorit\u00e9s isra\u00e9liennes. Portrait.\u00a0<\/strong><\/h4>\n<p class=\"western\" align=\"left\">Dans l\u2019imaginaire collectif, <strong>un prix Nobel de Paix devrait revenir \u00e0 une personnalit\u00e9 qui s\u2019est oppos\u00e9e \u00e0 la guerre<\/strong> ou qui a tout fait pour apaiser les tensions. Dans ce cadre, de <a target=\"_blank\" href=\"https:\/\/mrmondialisation.org\/jaccuse-tribune-pour-gaza-et-notre-humanite\/\">nombreux activistes pour Gaza<\/a> auraient par exemple pu le d\u00e9crocher. Personne n\u2019aurait, en revanche, l\u2019id\u00e9e de proposer un individu partisan de tentatives de putsch, de sanctions \u00e9conomiques contre son propre pays ainsi que <a target=\"_blank\" href=\"https:\/\/mrmondialisation.org\/pourquoi-parler-autant-gaza-france\/\">d\u2019une action g\u00e9nocidaire en Palestine.<\/a> Et c\u2019est pourtant bien <strong><a target=\"_blank\" href=\"https:\/\/lvsl.fr\/maria-corina-machado-la-dissidence-sous-tutelle\/\">le profil de Mar\u00eda Corina Machado.<\/a><\/strong><\/p>\n<h2 class=\"western\" align=\"left\"><strong>\u00ab\u00a0Je d\u00e9die mon prix \u00e0 Donald Trump\u00a0\u00bb<\/strong><\/h2>\n<figure id=\"attachment_1078866\" aria-describedby=\"caption-attachment-1078866\" style=\"width: 2048px\" class=\"wp-caption alignnone\"><img fetchpriority=\"high\" decoding=\"async\" class=\"size-full wp-image-1078866\" src=\"https:\/\/mrmondialisation.org\/wp-content\/uploads\/2025\/10\/13314490203-843ccb391c-k.jpg\" alt=\"CSIS | Center for Strategic &amp; International StudiesCSIS: Center for Strategic &amp; International Studies \" width=\"2048\" height=\"1365\" srcset=\"https:\/\/mrmondialisation.org\/wp-content\/uploads\/2025\/10\/13314490203-843ccb391c-k.jpg 2048w, https:\/\/mrmondialisation.org\/wp-content\/uploads\/2025\/10\/13314490203-843ccb391c-k-1024x683.jpg 1024w, https:\/\/mrmondialisation.org\/wp-content\/uploads\/2025\/10\/13314490203-843ccb391c-k-1524x1016.jpg 1524w, https:\/\/mrmondialisation.org\/wp-content\/uploads\/2025\/10\/13314490203-843ccb391c-k-768x512.jpg 768w, https:\/\/mrmondialisation.org\/wp-content\/uploads\/2025\/10\/13314490203-843ccb391c-k-1536x1024.jpg 1536w, https:\/\/mrmondialisation.org\/wp-content\/uploads\/2025\/10\/13314490203-843ccb391c-k-696x464.jpg 696w, https:\/\/mrmondialisation.org\/wp-content\/uploads\/2025\/10\/13314490203-843ccb391c-k-1068x712.jpg 1068w, https:\/\/mrmondialisation.org\/wp-content\/uploads\/2025\/10\/13314490203-843ccb391c-k-630x420.jpg 630w\" sizes=\"(max-width: 2048px) 100vw, 2048px\"\/><figcaption id=\"caption-attachment-1078866\" class=\"wp-caption-text\">A Conversation with Maria Corina Machado @CSIS | Center for Strategic &amp; International Studies\/ Flickr<\/figcaption><\/figure>\n<p class=\"western\" align=\"left\">Depuis plusieurs mois, les m\u00e9dias de masse rebondissaient sur<strong> le lobbying intensif de <a target=\"_blank\" href=\"https:\/\/mrmondialisation.org\/9-atrocites-trump-mandat\/\">Donald Trump<\/a> pour obtenir le prix Nobel de la paix,<\/strong> et ils se sont d\u2019ailleurs davantage int\u00e9ress\u00e9s \u00e0 sa d\u00e9convenue qu\u2019\u00e0 l\u2019identit\u00e9 de la laur\u00e9ate.<\/p>\n<p class=\"western\" align=\"left\">Pourtant, les premiers mots de cette derni\u00e8re en disaient tr\u00e8s long. Elle\u00a0<a target=\"_blank\" href=\"https:\/\/www.lorientlejour.com\/article\/1480663\/nobel-de-la-paix-machado-dedie-son-prix-au-peuple-venezuelien-mais-aussi-a-trump.html\">d\u00e9diait<\/a> en effet sa victoire au pr\u00e9sident am\u00e9ricain,<strong> \u00ab soutient d\u00e9cisif \u00bb \u00e0 la cause de l\u2019opposition v\u00e9n\u00e9zu\u00e9lienne.<\/strong><\/p>\n<p class=\"western\" align=\"left\">Or, Donald Trump, dans la droite ligne de tous les dirigeants am\u00e9ricains depuis l\u2019\u00e9lection d\u2019Hugo Ch\u00e1vez en 1999, ne cesse de multiplier<strong> les ing\u00e9rences et les sanctions \u00e9conomiques \u00e0 l\u2019\u00e9gard du pays d\u2019Am\u00e9rique latine.<\/strong><\/p>\n<h2 class=\"western\" align=\"left\"><strong>Issue de la grande aristocratie v\u00e9n\u00e9zu\u00e9lienne <\/strong><\/h2>\n<p class=\"western\" align=\"left\">Si Mar\u00eda Machado d\u00e9fend aujourd\u2019hui<strong> les int\u00e9r\u00eats des grandes entreprises priv\u00e9es et une vision \u00e9conomique ultra-lib\u00e9rale,<\/strong> <a target=\"_blank\" href=\"https:\/\/investigaction.net\/maria-corina-machado-prix-nobel-de-limposture\/\">ses origines familiales<\/a> n\u2019y sont sans aucun doute pas pour rien. De son nom complet Machadao-Zuolaga, celle-ci appartient \u00e0 <strong>la grande aristocratie locale<\/strong> qui a b\u00e2ti une partie de sa fortune sur l\u2019esclavage d\u00e8s le XVIIIe si\u00e8cle.<\/p>\n<blockquote class=\"twitter-tweet\" data-width=\"550\" data-dnt=\"true\">\n<p lang=\"fr\" dir=\"ltr\">LE P\u00c8RE NOBEL EST UNE ORDURE \ud83c\uddfb\ud83c\uddea<\/p>\n<p>Maurice Lemoine revient sur l&rsquo;attribution du Prix Nobel \u00e1 Maria Corina Machado. Un article essentiel pour comprendre qui est Machado et ce que cache ce prix<a target=\"_blank\" href=\"https:\/\/t.co\/4TpkLGQqht\">https:\/\/t.co\/4TpkLGQqht<\/a><\/p>\n<p>\u2014 Romain Migus (@RomainMigus) <a target=\"_blank\" href=\"https:\/\/twitter.com\/RomainMigus\/status\/1978119310259126625?ref_src=twsrc%5Etfw\">October 14, 2025<\/a><\/p>\n<\/blockquote>\n<p class=\"western\" align=\"left\">Tout au long du XXe si\u00e8cle, cette m\u00eame famille investira massivement dans de nombreuses entreprises publiques afin de conserver<strong> une forte influence sur le pouvoir politique<\/strong> et d\u00e9fendre ses int\u00e9r\u00eats \u00e9conomiques. Biens nationaux que cette dynastie n\u2019a pas h\u00e9sit\u00e9 \u00e0 vendre \u00e0 l\u2019\u00e9tranger, au d\u00e9triment du peuple du pays.<\/p>\n<h2 class=\"western\" align=\"left\"><strong>Une opposition farouche au socialisme<\/strong><\/h2>\n<p class=\"western\" align=\"left\">Dans ce contexte, il n\u2019est pas \u00e9tonnant d\u2019observer que Mar\u00eda Corina Machado s\u2019inscrit depuis sa jeunesse dans <strong>une opposition farouche au pouvoir socialiste<\/strong> depuis l\u2019arriv\u00e9e d\u2019Hugo Ch\u00e1vez au pouvoir en 1999. Opposition qui va grandir d\u2019autant plus lorsque l\u2019ancien pr\u00e9sident, d\u00e9c\u00e9d\u00e9 en 2013, a fait <strong>nationaliser les compagnies p\u00e9troli\u00e8res de son pays.<\/strong><\/p>\n<blockquote class=\"twitter-tweet\" data-width=\"550\" data-dnt=\"true\">\n<p lang=\"fr\" dir=\"ltr\">Apr\u00e8s l&rsquo;Argentine, l&rsquo;extr\u00eame-droite mondiale s&rsquo;active pour faire gagner au Venezuela \ud83c\uddfb\ud83c\uddea sa nouvelle chouchou : Maria Corina Machado.<\/p>\n<p>Inhabilit\u00e9e \u00e0 \u00eatre candidate aux pr\u00e9sidentielles cette ann\u00e9e, pr\u00e9sent\u00e9e comme \u00ab pers\u00e9cut\u00e9e par le r\u00e9gime \u00bb, la r\u00e9alit\u00e9 est toute autre \u2b07\ufe0f<a target=\"_blank\" href=\"https:\/\/twitter.com\/hashtag\/Thread?src=hash&amp;ref_src=twsrc%5Etfw\">#Thread<\/a> <a target=\"_blank\" href=\"https:\/\/t.co\/ZedCCd3FZw\">pic.twitter.com\/ZedCCd3FZw<\/a><\/p>\n<p>\u2014 Christian Rodriguez (@ChrisRodrigAl) <a target=\"_blank\" href=\"https:\/\/twitter.com\/ChrisRodrigAl\/status\/1759636059762401755?ref_src=twsrc%5Etfw\">February 19, 2024<\/a><\/p>\n<\/blockquote>\n<div class=\"td-a-rec td-a-rec-id-content_inline  tdi_1 td_block_template_1\">\n<span class=\"td-adspot-title\">&#8211; Pour une information libre ! &#8211;<\/span><a target=\"_blank\" href=\"https:\/\/fr.tipeee.com\/mr-mondialisation\" class=\"tipeee-project-small\">Soutenir Mr Japanization sur Tipeee<\/a>\n<\/div>\n<p class=\"western\" align=\"left\">Car c\u2019est bien l\u00e0 que se situe le c\u0153ur du probl\u00e8me de ce pays d\u2019Am\u00e9rique du Sud. Si les \u00c9tats-Unis mettent autant d\u2019acharnement \u00e0 lutter contre le gouvernement local, <strong>c\u2019est bien parce que le Venezuela d\u00e9tient la plus grosse r\u00e9serve de p\u00e9trole au monde.<\/strong> Et au-del\u00e0 des poncifs m\u00e9diatiques sur cet \u00c9tat, il est impossible de comprendre sa situation sans avoir conscience de cet enjeu \u00e9conomique \u00e9norme et de la pression insoutenable exerc\u00e9e par les USA depuis plus de vingt-cinq ans.<\/p>\n<p class=\"western\" align=\"left\">Une situation g\u00e9opolitique tr\u00e8s complexe, souvent d\u00e9crypt\u00e9e avec brio par <a target=\"_blank\" href=\"https:\/\/www.monde-diplomatique.fr\/2024\/10\/VENTURA\/67650\">Le Monde Diplomatique,<\/a> et sur laquelle il reste difficile <strong>de s\u2019informer sans tomber dans le r\u00e9cit am\u00e9ricain largement relay\u00e9 par les \u00e9lites occidentales.<\/strong><\/p>\n<h2 class=\"western\" align=\"left\"><strong>Relais de Washington<\/strong><\/h2>\n<p class=\"western\" align=\"left\">Dans les faits, <strong>Mar\u00eda Corina Machado a toujours \u00e9t\u00e9 le relais de cette ing\u00e9rence am\u00e9ricaine,<\/strong> qui se manifeste depuis des ann\u00e9es par des sanctions \u00e9conomiques asphyxiantes, mais aussi plusieurs tentatives de coups d\u2019\u00c9tat dont la plus notable remonte \u00e0 2002.<\/p>\n<p class=\"western\" align=\"left\">Pendant 48h, une f\u00e9d\u00e9ration patronale, soutenue par les USA, s\u2019\u00e9tait m\u00eame <strong>autoproclam\u00e9e \u00e0 la t\u00eate du pays,<\/strong> avant d\u2019\u00eatre chass\u00e9e par le peuple. Machado faisait partie des <a target=\"_blank\" href=\"https:\/\/lvsl.fr\/maria-corina-machado-la-dissidence-sous-tutelle\/\">signataires de ce putsch<\/a> qui aura caus\u00e9 <a target=\"_blank\" href=\"https:\/\/www.medelu.org\/Le-Pere-Nobel-est-une-ordure-3110\">19 morts et 200 bless\u00e9s.<\/a><\/p>\n<p><iframe loading=\"lazy\" title=\"Machado prix nobel de la paix 2025 \/ Boluarte destitu\u00e9e au P\u00e9rou\" width=\"1110\" height=\"624\" src=\"https:\/\/www.youtube.com\/embed\/yoZMsRDxs78?feature=oembed\" frameborder=\"0\" allow=\"accelerometer; autoplay; clipboard-write; encrypted-media; gyroscope; picture-in-picture; web-share\" referrerpolicy=\"strict-origin-when-cross-origin\" allowfullscreen><\/iframe><\/p>\n<p class=\"western\" align=\"left\">En 2004, elle fera aussi partie des fondateurs <strong>du mouvement S\u00famate,<\/strong> d\u00e9stin\u00e9 \u00e0 chasser Hugo Ch\u00e1vez du pouvoir. Il contribuera par exemple \u00e0 la collecte de signatures pour un r\u00e9f\u00e9rendum r\u00e9vocatoire, le tout, partiellement financ\u00e9 par <a target=\"_blank\" href=\"https:\/\/lvsl.fr\/maria-corina-machado-la-dissidence-sous-tutelle\/\">le pouvoir am\u00e9ricain.<\/a> Mar\u00eda Corina Machado rencontre d\u2019ailleurs \u00e0 cette \u00e9poque <strong>Georges W. Bush<\/strong> avec qui elle ne cache pas sa proximit\u00e9.<\/p>\n<p class=\"western\" align=\"left\">Depuis le d\u00e9but, elle sera identifi\u00e9e comme<strong> une repr\u00e9sentante du n\u00e9olib\u00e9ralisme et des int\u00e9r\u00eats am\u00e9ricains,<\/strong> mais plus encore \u00e0 partir de 2012, lorsqu\u2019elle fonde son propre parti, <strong>Vente.<\/strong> Elle ne parviendra toutefois jamais \u00e0 inqui\u00e9ter Hugo Ch\u00e1vez, qui tient bon jusqu\u2019\u00e0 sa mort en 2013.<\/p>\n<h2 class=\"western\" align=\"left\"><strong>Le n\u00e9olib\u00e9ralisme chevill\u00e9 au corps<\/strong><\/h2>\n<p class=\"western\" align=\"left\">Mais avec la mort de Ch\u00e1vez, la donne \u00e9volue quelque peu dans le pays. Si <strong>Nicolas Maduro est issu du m\u00eame courant politique,<\/strong> il doit faire face \u00e0 des crises multiples et \u00e0 des sanctions \u00e9conomiques renforc\u00e9es de la part des \u00c9tats-Unis, sur fond de r\u00e9sultats \u00e9lectoraux syst\u00e9matiquement remis en cause par Washington et par l\u2019opposition. Dans une <a target=\"_blank\" href=\"https:\/\/www.youtube.com\/watch?v=M5OOKvfj23w\">conversation t\u00e9l\u00e9phonique\u00a0<\/a>enregistr\u00e9e \u00e0 son insu, Machado appelle m\u00eame clairement \u00e0<strong> un nouveau coup d\u2019\u00c9tat.<\/strong><\/p>\n<p class=\"western\" align=\"left\">Dans ce contexte, elle appuie de toutes ses forces les sanctions \u00e9conomiques am\u00e9ricaines, contre son propre peuple. Et peu importe la souffrance engendr\u00e9e localement. Des millions de personnes sont alors <strong>plong\u00e9es dans la mis\u00e8re,<\/strong> et les services publics sont touch\u00e9s de plein fouet. En 2016, <strong>les p\u00e9nuries de m\u00e9dicaments,<\/strong> engendr\u00e9es par les USA et l\u2019\u00e9lite \u00e9conomique du pays, vont m\u00eame<a target=\"_blank\" href=\"https:\/\/www.la-croix.com\/Monde\/Ameriques\/Au-Venezuela-mortalite-infantile-explose-2017-05-12-1200846690\"> faire exploser la mortalit\u00e9 infantile :<\/a>\u00a0<strong><a target=\"_blank\" href=\"https:\/\/cepr.net\/images\/stories\/reports\/venezuela-sanctions-2019-04.pdf\">40 000 enfants suppl\u00e9mentaires<\/a><\/strong> perdront la vie. Les sanctions sont \u00e9videmment directement responsables, mais Machado applaudit.<\/p>\n<h2 class=\"western\" align=\"left\"><strong>Ap\u00f4tre de la violence<\/strong><\/h2>\n<p class=\"western\" align=\"left\">Le prix Nobel de la paix r\u00e9compense aussi surtout <strong>une personne qui n\u2019a jamais h\u00e9sit\u00e9 \u00e0 appeler \u00e0 la violence.<\/strong> En 2014, elle fait partie des dirigeants d\u2019opposition qui appellent \u00e0\u00a0<a target=\"_blank\" href=\"https:\/\/www.medelu.org\/Bonnes-et-mauvaises-victimes-au\">prendre les armes<\/a> contre le pouvoir. <strong>Bilan : 45 morts et plus de 800 bless\u00e9s, dont une bonne partie ne faisait m\u00eame pas partie de leurs opposants.<\/strong><\/p>\n<blockquote class=\"twitter-tweet\" data-width=\"550\" data-dnt=\"true\">\n<p lang=\"fr\" dir=\"ltr\">Pour  comprendre qui est l&rsquo;oligarque d&rsquo;extr\u00eame droite et nouveau Prix Nobel  de la Paix, pro-Netanyahu, pro-g\u00e9nocide, co-organisatrice de tous les  coups d&rsquo;\u00e9tat organis\u00e9s par les USA contre le gouvernement \u00e9lu du  Venezuela <a target=\"_blank\" href=\"https:\/\/t.co\/bKdf9CXW2b\">https:\/\/t.co\/bKdf9CXW2b<\/a><\/p>\n<p>\u2014 Thierry Deronne (@venezuelainfos) <a target=\"_blank\" href=\"https:\/\/twitter.com\/venezuelainfos\/status\/1977469786650206567?ref_src=twsrc%5Etfw\">October 12, 2025<\/a><\/p>\n<\/blockquote>\n<p class=\"western\" align=\"left\">Elle soutiendra alors toutes les insurrections au sein de la nation, <strong><a target=\"_blank\" href=\"https:\/\/www-dw-com.translate.goog\/es\/venezuela-es-posible-una-intervenci%C3%B3n-militar-para-sacar-a-maduro\/a-54845015?_x_tr_sl=es&amp;_x_tr_tl=fr&amp;_x_tr_hl=fr&amp;_x_tr_pto=wapp\">appelant r\u00e9guli\u00e8rement des forces \u00e9trang\u00e8res<\/a> <\/strong>\u00e0 intervenir dans le pays, prenant m\u00eame <strong>la Libye en exemple.<\/strong> En 2020, elle va jusqu\u2019\u00e0 signer un accord de coop\u00e9ration avec <strong>le Likoud, parti d\u2019extr\u00eame droite isra\u00e9lien<\/strong> d\u2019un certain Benjamin Netanyahou. Comble de l\u2019ironie, elle osera alors \u00e9voquer <strong>un \u00ab g\u00e9nocide \u00bb au Venezuela.<\/strong><\/p>\n<h2 class=\"western\" align=\"left\"><strong>Soutien du g\u00e9nocide en Palestine et extr\u00eame droite d\u00e9complex\u00e9e<\/strong><\/h2>\n<p class=\"western\" align=\"left\">Ironique, puisque quelques ann\u00e9es plus tard, <strong>elle apportera son soutien inconditionnel \u00e0 ce m\u00eame gouvernement isra\u00e9lien<\/strong> dans son action \u00e0 Gaza, \u00e9voquant un \u00ab\u00a0droit \u00e0 se d\u00e9fendre\u00a0\u00bb. Comme Donald Trump, elle avait \u00e9galement promis de baser l\u2019ambassade v\u00e9n\u00e9zu\u00e9lienne \u00e0 J\u00e9rusalem si jamais elle arrivait au pouvoir.<\/p>\n<p class=\"western\" align=\"left\">Donald Trump n\u2019est, par ailleurs, pas la seule figure d\u2019extr\u00eame droite soutenue par Machado. On l\u2019a ainsi vue s\u2019afficher avec <a target=\"_blank\" href=\"https:\/\/www.medelu.org\/Le-Pere-Nobel-est-une-ordure-3110\">le parti identitaire espagnol Vox,\u00a0<\/a>mais elle a aussi particip\u00e9 \u00e0 une convention avec des individus <a target=\"_blank\" href=\"https:\/\/mrmondialisation.org\/5-causes-de-la-montee-de-lextreme-droite-dans-le-monde\/\"><strong>comme Javier Milei, Giorgia Meloni ou Viktor Orb\u00e1n.<\/strong><\/a><\/p>\n<h2 class=\"western\" align=\"left\"><strong>Qui se cache derri\u00e8re le prix Nobel\u00a0?<\/strong><\/h2>\n<p class=\"western\" align=\"left\">Lorsqu\u2019elle l\u2019a propuls\u00e9e comme figure d\u2019opposition au Venezuela, <strong>l\u2019\u00e9lite occidentale ne s\u2019est cependant pas vraiment souci\u00e9e de l\u2019id\u00e9ologie profonde du personnage.<\/strong> Ce qui comptait, c\u2019\u00e9tait avant tout qu\u2019elle d\u00e9fende les int\u00e9r\u00eats \u00e9conomiques de l\u2019Occident. Et ce, quoi que l\u2019on puisse penser du gouvernement de Nicolas Maduro. Une mise en lumi\u00e8re qui n\u2019est d\u2019ailleurs pas sans rappeler celle d\u2019Alexe\u00ef Navalny, opposant russe \u00e0 Vladimir Poutine, starifi\u00e9e en occident et ce malgr\u00e9\u00a0<a target=\"_blank\" href=\"https:\/\/www.franceinfo.fr\/monde\/russie\/alexei-navalny\/mort-d-alexei-navalny-propos-racistes-nationalisme-et-positions-conservatrices-l-autre-visage-de-l-opposant-russe_6370291.html\">ses propos<\/a> ouvertement racistes et nationalistes.<\/p>\n<p><iframe loading=\"lazy\" title=\"Prix Nobel de la paix : un outil d\u2019influence occidentale ?\" width=\"1110\" height=\"624\" src=\"https:\/\/www.youtube.com\/embed\/3OdPRl0eGaA?feature=oembed\" frameborder=\"0\" allow=\"accelerometer; autoplay; clipboard-write; encrypted-media; gyroscope; picture-in-picture; web-share\" referrerpolicy=\"strict-origin-when-cross-origin\" allowfullscreen><\/iframe><\/p>\n<blockquote>\n<p class=\"western\" style=\"text-align: center;\" align=\"left\"><strong>\u00ab\u00a0<i>la personnalit\u00e9 ou la communaut\u00e9 ayant le plus ou le mieux contribu\u00e9 au rapprochement des peuples, \u00e0 la suppression ou \u00e0 la r\u00e9duction des arm\u00e9es permanentes, \u00e0 la r\u00e9union et \u00e0 la propagation des progr\u00e8s pour la paix<\/i><i>\u00a0<\/i>\u00bb.<\/strong><\/p>\n<\/blockquote>\n<p class=\"western\" align=\"left\">Car cette r\u00e9compense pose au fond <strong>la l\u00e9gitimit\u00e9 du prix Nobel de la paix et du jury qui en d\u00e9cide.<\/strong> Alfred Nobel, son fondateur, souhaitait que cette r\u00e9compense revienne \u00e0 <strong>\u00ab\u00a0<i>la personnalit\u00e9 ou la communaut\u00e9 ayant le plus ou le mieux contribu\u00e9 au rapprochement des peuples, \u00e0 la suppression ou \u00e0 la r\u00e9duction des arm\u00e9es permanentes, \u00e0 la r\u00e9union et \u00e0 la propagation des progr\u00e8s pour la paix<\/i><i>\u00a0<\/i>\u00bb.<\/strong><\/p>\n<h2 class=\"western\" align=\"left\"><strong>Blanc seing pour la guerre\u00a0?<\/strong><\/h2>\n<p class=\"western\" align=\"left\">De quoi rire jaune, lorsque l\u2019on pense au profil de Mar\u00eda Corina Machado. Mais il existe aussi des raisons de s\u2019interroger sur <strong>les cinq membres du jury,<\/strong> d\u00e9sign\u00e9 par le Parlement norv\u00e9gien. Lorsque l\u2019on sait le retentissement de cette r\u00e9compense, on pourrait remettre en cause <strong>ce processus de nomination<\/strong> pour le rendre un peu plus repr\u00e9sentatif de l\u2019humanit\u00e9, et non pas seulement <strong>des int\u00e9r\u00eats d\u2019une certaine classe politique occidentale.<\/strong><\/p>\n<p class=\"western\" align=\"left\">Enfin, au-del\u00e0 de la honte symbolique provoqu\u00e9e par cet \u00e9v\u00e9nement, (ce n\u2019est d\u2019ailleurs <a target=\"_blank\" href=\"https:\/\/www.la-croix.com\/Monde\/Prix-Nobel-paix-anciens-laureats-controverses-2022-10-07-1201236588\">pas une premi\u00e8re<\/a>), il y a surtout de quoi s\u2019inqui\u00e9ter pour le peuple v\u00e9n\u00e9zu\u00e9lien et sa souverainet\u00e9. Depuis des ann\u00e9es, <strong>les \u00c9tats-Unis semblent chercher le moindre pr\u00e9texte pour intervenir massivement dans le pays.<\/strong> Donald Trump a d\u2019ailleurs r\u00e9cemment <a target=\"_blank\" href=\"https:\/\/www.la-croix.com\/trump-envisage-des-frappes-au-venezuela-maduro-refuse-les-coups-d-etat-de-la-cia-20251015\">r\u00e9it\u00e9r\u00e9 ses <\/a><a target=\"_blank\" href=\"https:\/\/www.la-croix.com\/trump-envisage-des-frappes-au-venezuela-maduro-refuse-les-coups-d-etat-de-la-cia-20251015\">intentions<\/a> de frapper la r\u00e9gion militairement. En offrant une telle l\u00e9gitimit\u00e9 aux yeux de l\u2019opinion mondiale \u00e0 Mar\u00eda Machado<strong>, ce prix Nobel de la paix risque bien d\u2019engendrer la guerre.<\/strong><\/p>\n<p style=\"text-align: right;\" align=\"left\"><em>\u2013 Simon Verdi\u00e8re<\/em><\/p>\n<div class=\"td-a-rec td-a-rec-id-content_bottom  tdi_2 td_block_template_1\">\n<span class=\"td-adspot-title\">&#8211; Cet article gratuit et ind\u00e9pendant existe gr\u00e2ce \u00e0 vous &#8211;<\/span><\/p>\n<div class=\"td-all-devices\">\n    <a target=\"_blank\" href=\"https:\/\/mrmondialisation.org\/donation\/\" title=\"Faire_un_don\"><img decoding=\"async\" class=\"donationArticle\" src=\"https:\/\/mrmondialisation.org\/wp-content\/uploads\/2022\/12\/220405-flikalicious-final.jpg\" alt=\"Donation\"\/><\/a>\n<\/div>\n<\/div><\/div>\n<p><script async src=\"\/\/platform.twitter.com\/widgets.js\" charset=\"utf-8\"><\/script><br \/>\n<br \/><br \/>\n<br \/><a href=\"https:\/\/mrmondialisation.org\/maria-machado-prix-nobel-paix-honte\/\" target=\"_blank\"\">Source link <\/a><\/p>\n","protected":false},"excerpt":{"rendered":"<p>Tandis que Donald Trump ne cessait de r\u00e9clamer l\u2019obtention du prix Nobel de la paix, il a finalement \u00e9t\u00e9 attribu\u00e9 \u00e0 Mar\u00eda Corina Machado, une opposante au gouvernement v\u00e9n\u00e9zu\u00e9lien. Or,&hellip; <\/p>\n","protected":false},"author":1,"featured_media":17760,"comment_status":"open","ping_status":"open","sticky":false,"template":"","format":"standard","meta":{"footnotes":""},"categories":[1],"tags":[],"class_list":["post-17759","post","type-post","status-publish","format-standard","has-post-thumbnail","hentry","category-non-classe"],"_links":{"self":[{"href":"https:\/\/monde25.info\/index.php\/wp-json\/wp\/v2\/posts\/17759","targetHints":{"allow":["GET"]}}],"collection":[{"href":"https:\/\/monde25.info\/index.php\/wp-json\/wp\/v2\/posts"}],"about":[{"href":"https:\/\/monde25.info\/index.php\/wp-json\/wp\/v2\/types\/post"}],"author":[{"embeddable":true,"href":"https:\/\/monde25.info\/index.php\/wp-json\/wp\/v2\/users\/1"}],"replies":[{"embeddable":true,"href":"https:\/\/monde25.info\/index.php\/wp-json\/wp\/v2\/comments?post=17759"}],"version-history":[{"count":0,"href":"https:\/\/monde25.info\/index.php\/wp-json\/wp\/v2\/posts\/17759\/revisions"}],"wp:featuredmedia":[{"embeddable":true,"href":"https:\/\/monde25.info\/index.php\/wp-json\/wp\/v2\/media\/17760"}],"wp:attachment":[{"href":"https:\/\/monde25.info\/index.php\/wp-json\/wp\/v2\/media?parent=17759"}],"wp:term":[{"taxonomy":"category","embeddable":true,"href":"https:\/\/monde25.info\/index.php\/wp-json\/wp\/v2\/categories?post=17759"},{"taxonomy":"post_tag","embeddable":true,"href":"https:\/\/monde25.info\/index.php\/wp-json\/wp\/v2\/tags?post=17759"}],"curies":[{"name":"wp","href":"https:\/\/api.w.org\/{rel}","templated":true}]}}