{"id":17767,"date":"2025-10-16T19:25:47","date_gmt":"2025-10-16T17:25:47","guid":{"rendered":"https:\/\/monde25.info\/index.php\/2025\/10\/16\/a-pau-limmaculee-conception-a-embauche-un-militant-de-laction-francaise-comme-prof-dhistoire\/"},"modified":"2025-10-16T19:25:47","modified_gmt":"2025-10-16T17:25:47","slug":"a-pau-limmaculee-conception-a-embauche-un-militant-de-laction-francaise-comme-prof-dhistoire","status":"publish","type":"post","link":"https:\/\/monde25.info\/index.php\/2025\/10\/16\/a-pau-limmaculee-conception-a-embauche-un-militant-de-laction-francaise-comme-prof-dhistoire\/","title":{"rendered":"\u00c0 Pau, l\u2019Immacul\u00e9e-Conception a embauch\u00e9 un militant de l\u2019Action fran\u00e7aise comme prof d\u2019histoire"},"content":{"rendered":"<p> <br \/>\n<br \/>Le groupe scolaire catholique et priv\u00e9 sous contrat de Pau a recrut\u00e9 le num\u00e9ro deux du mouvement royaliste en Aquitaine, et ce dans le dos du rectorat de l\u2019acad\u00e9mie de Bordeaux. L\u2019\u00e9tablissement a d\u00e9j\u00e0 fait l\u2019objet d\u2019une inspection g\u00e9n\u00e9rale en 2024 pour de graves d\u00e9rives r\u00e9actionnaires.<br \/>\n<br \/><br \/>\n<br \/><a href=\"https:\/\/www.mediapart.fr\/journal\/france\/161025\/pau-l-immaculee-conception-embauche-un-militant-de-l-action-francaise-comme-prof-d-histoire\" target=\"_blank\"\">Source link <\/a><\/p>\n","protected":false},"excerpt":{"rendered":"<p>Le groupe scolaire catholique et priv\u00e9 sous contrat de Pau a recrut\u00e9 le num\u00e9ro deux du mouvement royaliste en Aquitaine, et ce dans le dos du rectorat de l\u2019acad\u00e9mie de&hellip; <\/p>\n","protected":false},"author":1,"featured_media":17768,"comment_status":"open","ping_status":"open","sticky":false,"template":"","format":"standard","meta":{"footnotes":""},"categories":[1],"tags":[],"class_list":["post-17767","post","type-post","status-publish","format-standard","has-post-thumbnail","hentry","category-non-classe"],"_links":{"self":[{"href":"https:\/\/monde25.info\/index.php\/wp-json\/wp\/v2\/posts\/17767","targetHints":{"allow":["GET"]}}],"collection":[{"href":"https:\/\/monde25.info\/index.php\/wp-json\/wp\/v2\/posts"}],"about":[{"href":"https:\/\/monde25.info\/index.php\/wp-json\/wp\/v2\/types\/post"}],"author":[{"embeddable":true,"href":"https:\/\/monde25.info\/index.php\/wp-json\/wp\/v2\/users\/1"}],"replies":[{"embeddable":true,"href":"https:\/\/monde25.info\/index.php\/wp-json\/wp\/v2\/comments?post=17767"}],"version-history":[{"count":0,"href":"https:\/\/monde25.info\/index.php\/wp-json\/wp\/v2\/posts\/17767\/revisions"}],"wp:featuredmedia":[{"embeddable":true,"href":"https:\/\/monde25.info\/index.php\/wp-json\/wp\/v2\/media\/17768"}],"wp:attachment":[{"href":"https:\/\/monde25.info\/index.php\/wp-json\/wp\/v2\/media?parent=17767"}],"wp:term":[{"taxonomy":"category","embeddable":true,"href":"https:\/\/monde25.info\/index.php\/wp-json\/wp\/v2\/categories?post=17767"},{"taxonomy":"post_tag","embeddable":true,"href":"https:\/\/monde25.info\/index.php\/wp-json\/wp\/v2\/tags?post=17767"}],"curies":[{"name":"wp","href":"https:\/\/api.w.org\/{rel}","templated":true}]}}