{"id":17771,"date":"2025-10-16T20:31:47","date_gmt":"2025-10-16T18:31:47","guid":{"rendered":"https:\/\/monde25.info\/index.php\/2025\/10\/16\/leurope-a-contresens-sur-lautoroute-de-lhistoire-par-morvan-burel-le-monde-diplomatique-octobre-2025\/"},"modified":"2025-10-16T20:31:47","modified_gmt":"2025-10-16T18:31:47","slug":"leurope-a-contresens-sur-lautoroute-de-lhistoire-par-morvan-burel-le-monde-diplomatique-octobre-2025","status":"publish","type":"post","link":"https:\/\/monde25.info\/index.php\/2025\/10\/16\/leurope-a-contresens-sur-lautoroute-de-lhistoire-par-morvan-burel-le-monde-diplomatique-octobre-2025\/","title":{"rendered":"L\u2019Europe \u00e0 contresens sur l\u2019autoroute de l\u2019histoire, par Morvan Burel (Le Monde diplomatique, octobre 2025)"},"content":{"rendered":"<p> <br \/>\n<\/p>\n<div>\n<p class=\"crayon article-surtitre-68812 surtitre\">Mercosur, la Commission passe en force<\/p>\n<div class=\"crayon article-chapo-68812 chapo\">\n<p>Imagin\u00e9 il y a plus de vingt-cinq ans, au temps du libre-\u00e9changisme triomphant, l\u2019accord commercial entre l\u2019Union europ\u00e9enne et le Mercosur suscite un rejet croissant. Le gouvernement fran\u00e7ais lui-m\u00eame affiche des r\u00e9serves. La Commission de Bruxelles n\u2019en a pas moins choisi de pr\u00e9cipiter la ratification du trait\u00e9.<\/p>\n<\/div><\/div>\n<div couleurfade=\"fde9e5\" couleurclaire=\"f5e7d5\" couleurpale=\"f3d0a4\" couleurmi=\"be2e0d\" couleurfoncee=\"8e220a\" couleursombre=\"2f0b03\" couleurfond=\"7b554c\" couleurtexte=\"ffffff\">\n<div class=\"enapercu\">\n<p><span class=\"mot-lettrine\"><span class=\"lettrine\">A<\/span>ux<\/span> \u00c9tats-Unis, M.\u00a0Donald Trump accentue un virage protectionniste amorc\u00e9 lors de son premier mandat et poursuivi par M.\u00a0Joseph Biden. En Inde, M.\u00a0Narendra Modi pr\u00e9f\u00e8re encourir l\u2019ire de Washington plut\u00f4t que d\u2019ouvrir son march\u00e9 aux produits agricoles am\u00e9ricains. En Chine, la c\u00e9l\u00e9bration officielle du libre-\u00e9change n\u2019emp\u00eache pas P\u00e9kin de soutenir ses champions nationaux et de prot\u00e9ger ses industries strat\u00e9giques. <i>\u00ab<small class=\"fine\">\u00a0<\/small>Le syst\u00e8me commercial mondial tel que nous l\u2019avons connu est mort<small class=\"fine\">\u00a0<\/small>\u00bb,<\/i> r\u00e9sume M.\u00a0Michael Froman, repr\u00e9sentant au commerce des \u00c9tats-Unis entre 2013 et 2017. Partout<small class=\"fine\">\u00a0<\/small>? Non<small class=\"fine\">\u00a0<\/small>! Un village d\u2019irr\u00e9ductibles bureaucrates persiste \u00e0 infliger \u00e0 ses populations la p\u00e9nitence du libre-\u00e9change\u00a0: l\u2019Union europ\u00e9enne.<\/p>\n<p>Le camouflet commercial administr\u00e9 \u00e0 Bruxelles par Washington aurait pu conduire les dirigeants europ\u00e9ens \u00e0 r\u00e9\u00e9valuer leurs certitudes. Soucieuse d\u2019\u00e9carter la menace am\u00e9ricaine de taxer \u00e0 30<small class=\"fine\">\u00a0<\/small>% les produits europ\u00e9ens, la Commission a accept\u00e9, le 27\u00a0juillet dernier, un accord asym\u00e9trique extr\u00eamement d\u00e9favorable. Le texte pr\u00e9voit que les exportations europ\u00e9ennes acquitteront un droit de douane de 15<small class=\"fine\">\u00a0<\/small>% \u00e0 leur entr\u00e9e aux \u00c9tats-Unis, cependant que les produits industriels et certains produits agricoles (huile de soja, semences de culture, c\u00e9r\u00e9ales, fruits \u00e0 coque, ketchup, biscuits, cacao) en provenance d\u2019Am\u00e9rique p\u00e9n\u00e9treront librement sur le territoire europ\u00e9en. La Commission s\u2019est \u00e9galement engag\u00e9e \u00e0 ce que le Vieux Continent acqui\u00e8re pour 700\u00a0milliards d\u2019euros de produits \u00e9nerg\u00e9tiques am\u00e9ricains et \u00e0 r\u00e9unir 550\u00a0milliards d\u2019euros d\u2019investissements priv\u00e9s europ\u00e9ens sur le territoire des \u00c9tats-Unis.<\/p>\n<p>Il en fallait toutefois plus pour que Mme\u00a0Ursula von der Leyen, pr\u00e9sidente de la Commission, accepte de temp\u00e9rer la doctrine de l\u2019Union. Le 3\u00a0septembre dernier, la Commission europ\u00e9enne ent\u00e9rinait un accord de libre-\u00e9change avec le March\u00e9 commun du Sud (Mercosur, qui regroupe l\u2019Argentine, la Bolivie, le Br\u00e9sil, le Paraguay et l\u2019Uruguay), dont l\u2019id\u00e9e \u00e9tait apparue\u2026 en 1999. \u00c0 l\u2019\u00e9poque, le pr\u00e9sident des \u00c9tats-Unis se nommait William\u00a0(&#8230;)<\/p>\n<\/p><\/div>\n<p>Taille de l\u2019article complet\u00a0:\u00a0<span>1\u00a0713<\/span>\u00a0mots.<\/p>\n<div class=\"promo_dispo_article\">\n<h2 class=\"avantbloc\">\n\tCet article est r\u00e9serv\u00e9 aux\u00a0abonn\u00e9s<\/p>\n<\/h2>\n<div class=\"abo_inst\">\n\t<strong>Lyc\u00e9es, biblioth\u00e8ques, administrations, entreprises,<\/strong><br \/>\n\tacc\u00e9dez \u00e0 la base de donn\u00e9es en ligne de tous les articles du <i>Monde diplomatique<\/i> de 1954 \u00e0 nos\u00a0jours.<br \/>\n\t<a target=\"_blank\" id=\"pw-institutions\" class=\"suivi\" href=\"https:\/\/www.monde-diplomatique.fr\/archives\/institutions\">Retrouvez cette\u00a0offre sp\u00e9cifique<\/a>.\n<\/div>\n<\/div><\/div>\n<p><br \/>\n<br \/><a href=\"https:\/\/www.monde-diplomatique.fr\/2025\/10\/BUREL\/68812\" target=\"_blank\"\">Source link <\/a><\/p>\n","protected":false},"excerpt":{"rendered":"<p>Mercosur, la Commission passe en force Imagin\u00e9 il y a plus de vingt-cinq ans, au temps du libre-\u00e9changisme triomphant, l\u2019accord commercial entre l\u2019Union europ\u00e9enne et le Mercosur suscite un rejet&hellip; <\/p>\n","protected":false},"author":1,"featured_media":17772,"comment_status":"open","ping_status":"open","sticky":false,"template":"","format":"standard","meta":{"footnotes":""},"categories":[1],"tags":[],"class_list":["post-17771","post","type-post","status-publish","format-standard","has-post-thumbnail","hentry","category-non-classe"],"_links":{"self":[{"href":"https:\/\/monde25.info\/index.php\/wp-json\/wp\/v2\/posts\/17771","targetHints":{"allow":["GET"]}}],"collection":[{"href":"https:\/\/monde25.info\/index.php\/wp-json\/wp\/v2\/posts"}],"about":[{"href":"https:\/\/monde25.info\/index.php\/wp-json\/wp\/v2\/types\/post"}],"author":[{"embeddable":true,"href":"https:\/\/monde25.info\/index.php\/wp-json\/wp\/v2\/users\/1"}],"replies":[{"embeddable":true,"href":"https:\/\/monde25.info\/index.php\/wp-json\/wp\/v2\/comments?post=17771"}],"version-history":[{"count":0,"href":"https:\/\/monde25.info\/index.php\/wp-json\/wp\/v2\/posts\/17771\/revisions"}],"wp:featuredmedia":[{"embeddable":true,"href":"https:\/\/monde25.info\/index.php\/wp-json\/wp\/v2\/media\/17772"}],"wp:attachment":[{"href":"https:\/\/monde25.info\/index.php\/wp-json\/wp\/v2\/media?parent=17771"}],"wp:term":[{"taxonomy":"category","embeddable":true,"href":"https:\/\/monde25.info\/index.php\/wp-json\/wp\/v2\/categories?post=17771"},{"taxonomy":"post_tag","embeddable":true,"href":"https:\/\/monde25.info\/index.php\/wp-json\/wp\/v2\/tags?post=17771"}],"curies":[{"name":"wp","href":"https:\/\/api.w.org\/{rel}","templated":true}]}}