{"id":17773,"date":"2025-10-16T21:04:40","date_gmt":"2025-10-16T19:04:40","guid":{"rendered":"https:\/\/monde25.info\/index.php\/2025\/10\/16\/un-projet-deoliennes-censure-pour-proteger-loeuvre-de-proust\/"},"modified":"2025-10-16T21:04:40","modified_gmt":"2025-10-16T19:04:40","slug":"un-projet-deoliennes-censure-pour-proteger-loeuvre-de-proust","status":"publish","type":"post","link":"https:\/\/monde25.info\/index.php\/2025\/10\/16\/un-projet-deoliennes-censure-pour-proteger-loeuvre-de-proust\/","title":{"rendered":"Un projet d&#039;\u00e9oliennes censur\u00e9 pour prot\u00e9ger l&#039;\u0153uvre de Proust"},"content":{"rendered":"<p> <br \/>\n<br \/><img loading=\"lazy\" decoding=\"async\" src=\"https:\/\/reporterre.net\/local\/cache-vignettes\/L700xH464\/maison_de_tante_leonie_a_illiers-combray__1_1_-2bc70.jpg?1760621950\" class=\"spip_logo\" width=\"700\" height=\"464\" alt=\"\" \/><\/p>\n<p>Les paysages d&rsquo;\u00ab<small class=\"fine d-inline\">\u00a0<\/small>\u00c0 la recherche du temps perdu<small class=\"fine d-inline\">\u00a0<\/small>\u00bb ne seront pas dot\u00e9s d&rsquo;\u00e9oliennes. Selon les informations du Parisien, la cour administrative d&rsquo;appel de Versailles a d\u00e9bout\u00e9 le producteur d&rsquo;\u00e9lectricit\u00e9 renouvelable H2Air, qui l&rsquo;avait saisie apr\u00e8s s&rsquo;\u00eatre vu refuser le droit d&rsquo;implanter quatre \u00e9oliennes \u00e0 Dangeau (Eure-et-Loir), non loin des lieux d\u00e9crits par Marcel Proust dans son \u0153uvre. <br class=\"autobr\" \/><br \/>\nLes juges craignent un \u00ab<small class=\"fine d-inline\">\u00a0<\/small>impact visuel<small class=\"fine d-inline\">\u00a0<\/small>\u00bb au sein d&rsquo;un \u00ab<small class=\"fine d-inline\">\u00a0<\/small>secteur patrimonial et touristique fort du\u00a0(\u2026)<\/p>\n<p>                    <a target=\"_blank\" href=\"https:\/\/reporterre.net\/Un-projet-d-eoliennes-censure-pour-proteger-l-oeuvre-de-Proust?utm_source=RSS&amp;utm_medium=RSS\">Lire la suite<\/a><\/p>\n<p>                    &#8211;<br \/>\n                        <a target=\"_blank\" href=\"https:\/\/reporterre.net\/Breves-20\" rel=\"directory\">En bref<\/a><\/p>\n<p>                    \/<br \/>\n                        <a target=\"_blank\" href=\"https:\/\/reporterre.net\/Culture-et-idees\" rel=\"tag\">Culture<\/a><br \/>\n                    ,<br \/>\n                        <a target=\"_blank\" href=\"https:\/\/reporterre.net\/Energie\" rel=\"tag\">\u00c9nergie<\/a><br \/>\n<br \/><br \/>\n<br \/><a href=\"https:\/\/reporterre.net\/Un-projet-d-eoliennes-censure-pour-proteger-l-oeuvre-de-Proust\" target=\"_blank\"\">Source link <\/a><\/p>\n","protected":false},"excerpt":{"rendered":"<p>Les paysages d&rsquo;\u00ab\u00a0\u00c0 la recherche du temps perdu\u00a0\u00bb ne seront pas dot\u00e9s d&rsquo;\u00e9oliennes. Selon les informations du Parisien, la cour administrative d&rsquo;appel de Versailles a d\u00e9bout\u00e9 le producteur d&rsquo;\u00e9lectricit\u00e9 renouvelable&hellip; <\/p>\n","protected":false},"author":1,"featured_media":0,"comment_status":"open","ping_status":"open","sticky":false,"template":"","format":"standard","meta":{"footnotes":""},"categories":[1],"tags":[],"class_list":["post-17773","post","type-post","status-publish","format-standard","hentry","category-non-classe"],"_links":{"self":[{"href":"https:\/\/monde25.info\/index.php\/wp-json\/wp\/v2\/posts\/17773","targetHints":{"allow":["GET"]}}],"collection":[{"href":"https:\/\/monde25.info\/index.php\/wp-json\/wp\/v2\/posts"}],"about":[{"href":"https:\/\/monde25.info\/index.php\/wp-json\/wp\/v2\/types\/post"}],"author":[{"embeddable":true,"href":"https:\/\/monde25.info\/index.php\/wp-json\/wp\/v2\/users\/1"}],"replies":[{"embeddable":true,"href":"https:\/\/monde25.info\/index.php\/wp-json\/wp\/v2\/comments?post=17773"}],"version-history":[{"count":0,"href":"https:\/\/monde25.info\/index.php\/wp-json\/wp\/v2\/posts\/17773\/revisions"}],"wp:attachment":[{"href":"https:\/\/monde25.info\/index.php\/wp-json\/wp\/v2\/media?parent=17773"}],"wp:term":[{"taxonomy":"category","embeddable":true,"href":"https:\/\/monde25.info\/index.php\/wp-json\/wp\/v2\/categories?post=17773"},{"taxonomy":"post_tag","embeddable":true,"href":"https:\/\/monde25.info\/index.php\/wp-json\/wp\/v2\/tags?post=17773"}],"curies":[{"name":"wp","href":"https:\/\/api.w.org\/{rel}","templated":true}]}}