{"id":17778,"date":"2025-10-16T22:44:07","date_gmt":"2025-10-16T20:44:07","guid":{"rendered":"https:\/\/monde25.info\/index.php\/2025\/10\/16\/le-savoir-et-la-culture-comme-piliers-du-developpement-rt-en-francais\/"},"modified":"2025-10-16T22:44:07","modified_gmt":"2025-10-16T20:44:07","slug":"le-savoir-et-la-culture-comme-piliers-du-developpement-rt-en-francais","status":"publish","type":"post","link":"https:\/\/monde25.info\/index.php\/2025\/10\/16\/le-savoir-et-la-culture-comme-piliers-du-developpement-rt-en-francais\/","title":{"rendered":"le savoir et la culture comme piliers du d\u00e9veloppement \u2014 RT en fran\u00e7ais"},"content":{"rendered":"<p> <br \/>\n<br \/><img decoding=\"async\" src=\"https:\/\/mf.b37mrtl.ru\/french\/images\/2025.10\/thumbnail\/68f12adb87f3ec552a77a088.png\" \/><\/p>\n<div>\n<p class=\"text__summary\">\n                                        Per\u00e7ues comme essentielles pour le d\u00e9veloppement du S\u00e9n\u00e9gal, la culture et la litt\u00e9rature sont \u00e0 l\u2019honneur pendant une dizaine de jours dans la capitale pour un \u00e9v\u00e9nement qui voudrait redonner au pays les commandes de son histoire et faire de la culture en g\u00e9n\u00e9ral un des moteurs de son d\u00e9veloppement.\n                                    <\/p>\n<p>Le S\u00e9n\u00e9gal a lanc\u00e9 la premi\u00e8re \u00e9dition de son Forum national sur le livre et la lecture au Grand th\u00e9\u00e2tre de Dakar, ce 16 octobre. Pour cet \u00e9v\u00e9nement culturel, les organisateurs ont voulu placer la litt\u00e9rature au service de la souverainet\u00e9 \u00e9clair\u00e9e et au c\u0153ur des politiques publiques, sous la th\u00e9matique \u00ab\u00a0l\u2019\u00e9ducation par le livre, pour une souverainet\u00e9 \u00e9clair\u00e9e\u00a0\u00bb. Selon le correspondant de RT \u00e0 Dakar, \u00e0 travers cette initiative, les organisateurs souhaitent faire du savoir, de la culture dans son ensemble, un pilier essentiel du d\u00e9veloppement du pays et de la vision S\u00e9n\u00e9gal 2050.<\/p>\n<h2>Transformer le S\u00e9n\u00e9gal gr\u00e2ce aux \u00e9crivains et aux acteurs de la cha\u00eene du livre<\/h2>\n<p>Dans son allocution \u00e0 la c\u00e9r\u00e9monie d\u2019ouverture du 1\u1d49\u02b3\u00a0Forum national sur le livre et la lecture, le pr\u00e9sident s\u00e9n\u00e9galais, Bassirou Diomaye Faye, a exprim\u00e9 la reconnaissance du pays aux \u00e9crivains et aux acteurs de la cha\u00eene du livre, d\u00e9positaires, selon lui, \u00ab\u00a0d\u2019une mission essentielle, \u00e0 savoir tenir \u00e9veill\u00e9e la conscience nationale, entretenir la flamme du savoir et pr\u00e9server la dignit\u00e9 de l\u2019esprit\u00a0\u00bb. Partant de ce fait, le chef de l\u2019\u00c9tat a estim\u00e9 qu\u2019ils \u00ab\u00a0doivent \u00eatre des acteurs \u00e0 part enti\u00e8re dans la dynamique de transformation syst\u00e9mique de notre pays\u00a0\u00bb.<\/p>\n<h2>L\u2019histoire s\u00e9n\u00e9galaise ne doit plus\u00a0\u00ab\u00a0s\u2019\u00e9crire \u00e0 Paris, \u00e0 Washington ou \u00e0 Londres\u00a0\u00bb<\/h2>\n<p>Le directeur du Forum national sur le livre et la lecture, Ibrahima Lo, a pour sa part prononc\u00e9 un discours au message fort : l\u2019histoire nationale s\u00e9n\u00e9galaise ne doit \u00ab\u00a0plus jamais s\u2019\u00e9crire \u00e0 Paris, \u00e0 Washington ou \u00e0 Londres\u00a0\u00bb. Revenant sur sa recherche d\u2019archives relatives \u00e0 l\u2019histoire du pays en France, il a d\u00e9clar\u00e9 qu\u2019il \u00ab\u00a0ne faudrait pas que dans 50 ans, nos fils, nos petits-fils continuent \u00e0 aller \u00e0 Londres, \u00e0 Paris ou \u00e0 Washington pour \u00e9crire et acc\u00e9der \u00e0 notre histoire\u00a0\u00bb.<\/p>\n<h2>Hommage \u00e0 des grands noms de la litt\u00e9rature africaine<\/h2>\n<p>Pour ses organisateurs, ce forum est \u00e9galement per\u00e7u comme une occasion de rendre hommage \u00e0 de grands \u00e9crivains africains, voire mondiaux. Parmi ces auteurs de renom, Cheikh Hamidou Kane, parrain de l\u2019\u00e9v\u00e9nement litt\u00e9raire et auteur de \u00ab\u00a0l\u2019aventure ambigu\u00eb\u00a0\u00bb, un chef-d&rsquo;\u0153uvre publi\u00e9 en 1961, qui a remport\u00e9 le Grand prix litt\u00e9raire d\u2019Afrique noire en 1962. Cette \u0153uvre relate la vie d\u2019un homme perdu entre les valeurs traditionnelles et la modernit\u00e9 occidentale. Selon le correspondant de RT, le choix de cette figure litt\u00e9raire est en soi un message transmis \u00e0 la jeune g\u00e9n\u00e9ration qui a assist\u00e9 en grand nombre \u00e0 la c\u00e9r\u00e9monie d&rsquo;ouverture du forum.<\/p>\n<p>Commentant les \u0153uvres des auteurs africains, Bassirou Diomaye Faye a d\u00e9clar\u00e9 qu\u2019ils sont le vecteur qui permet de comprendre l\u2019histoire nationale \u00ab\u00a0de la p\u00e9riode coloniale aux convulsions du monde contemporain, ils ont donn\u00e9 des visages aux souffrances muettes, une voix aux silences oubli\u00e9s\u00a0\u00bb.<\/p>\n<p>Envisag\u00e9 dans un esprit de vulgarisation des productions artistiques et litt\u00e9raires, l\u2019\u00e9v\u00e9nement propose des points de lecture ouverts au public et propose des livres gratuitement aux visiteurs durant toute la dur\u00e9e de ce rendez-vous litt\u00e9raire, pr\u00e9vu pour une dizaine de jours.<\/p>\n<\/div>\n<p><br \/>\n<br \/><a href=\"https:\/\/francais.rt.com\/afrique\/126420-forum-national-sur-livre-lecture\" target=\"_blank\"\">Source link <\/a><\/p>\n","protected":false},"excerpt":{"rendered":"<p>Per\u00e7ues comme essentielles pour le d\u00e9veloppement du S\u00e9n\u00e9gal, la culture et la litt\u00e9rature sont \u00e0 l\u2019honneur pendant une dizaine de jours dans la capitale pour un \u00e9v\u00e9nement qui voudrait redonner&hellip; <\/p>\n","protected":false},"author":1,"featured_media":17779,"comment_status":"open","ping_status":"open","sticky":false,"template":"","format":"standard","meta":{"footnotes":""},"categories":[1],"tags":[],"class_list":["post-17778","post","type-post","status-publish","format-standard","has-post-thumbnail","hentry","category-non-classe"],"_links":{"self":[{"href":"https:\/\/monde25.info\/index.php\/wp-json\/wp\/v2\/posts\/17778","targetHints":{"allow":["GET"]}}],"collection":[{"href":"https:\/\/monde25.info\/index.php\/wp-json\/wp\/v2\/posts"}],"about":[{"href":"https:\/\/monde25.info\/index.php\/wp-json\/wp\/v2\/types\/post"}],"author":[{"embeddable":true,"href":"https:\/\/monde25.info\/index.php\/wp-json\/wp\/v2\/users\/1"}],"replies":[{"embeddable":true,"href":"https:\/\/monde25.info\/index.php\/wp-json\/wp\/v2\/comments?post=17778"}],"version-history":[{"count":0,"href":"https:\/\/monde25.info\/index.php\/wp-json\/wp\/v2\/posts\/17778\/revisions"}],"wp:featuredmedia":[{"embeddable":true,"href":"https:\/\/monde25.info\/index.php\/wp-json\/wp\/v2\/media\/17779"}],"wp:attachment":[{"href":"https:\/\/monde25.info\/index.php\/wp-json\/wp\/v2\/media?parent=17778"}],"wp:term":[{"taxonomy":"category","embeddable":true,"href":"https:\/\/monde25.info\/index.php\/wp-json\/wp\/v2\/categories?post=17778"},{"taxonomy":"post_tag","embeddable":true,"href":"https:\/\/monde25.info\/index.php\/wp-json\/wp\/v2\/tags?post=17778"}],"curies":[{"name":"wp","href":"https:\/\/api.w.org\/{rel}","templated":true}]}}