{"id":17785,"date":"2025-10-17T03:07:48","date_gmt":"2025-10-17T01:07:48","guid":{"rendered":"https:\/\/monde25.info\/index.php\/2025\/10\/17\/12-millions-de-francais-prives-de-vote\/"},"modified":"2025-10-17T03:07:48","modified_gmt":"2025-10-17T01:07:48","slug":"12-millions-de-francais-prives-de-vote","status":"publish","type":"post","link":"https:\/\/monde25.info\/index.php\/2025\/10\/17\/12-millions-de-francais-prives-de-vote\/","title":{"rendered":"12 millions de Fran\u00e7ais priv\u00e9s de vote ?"},"content":{"rendered":"<p> <br \/>\n<\/p>\n<div>\n<h4><strong>\u00c0 chaque nouveau scrutin, des millions de gens se rendent compte au dernier moment qu\u2019ils ne pourront tout simplement pas voter. La raison\u2009? Une radiation des listes \u00e9lectorales ou une inscription dans un mauvais bureau. Et certains d\u2019entre vous pourraient bien se retrouver dans cette situation\u2026<\/strong><\/h4>\n<p>Alors qu\u2019Emmanuel Macron pourrait bient\u00f4t \u00eatre<strong> contraint de d\u00e9missionner ou de dissoudre l\u2019Assembl\u00e9e nationale<\/strong> pour r\u00e9soudre la crise politique, certains d\u2019entre nous pourraient \u00eatre priv\u00e9s de participation\u2009 pour des <strong>causes administratives.<\/strong> Un ph\u00e9nom\u00e8ne qui toucherait jusqu\u2019\u00e0 12\u00a0millions de personnes.<\/p>\n<h2><strong>Une part colossale de la population<\/strong><\/h2>\n<p>En 2022, <strong><a target=\"_blank\" href=\"https:\/\/www.info.gouv.fr\/actualite\/election-presidentielle-2022-les-resultats-du-premier-tour?utm_source=chatgpt.com\">35\u00a0millions de Fran\u00e7ais<\/a> <\/strong>s\u2019\u00e9taient rendus aux urnes pour <strong>les \u00e9lections pr\u00e9sidentielles.<\/strong> Et pourtant, il y a bien <strong>67 millions de r\u00e9sidents dans le pays.<\/strong> Si l\u2019on retire les mineurs et les individus sans la nationalit\u00e9 fran\u00e7aise et que l\u2019on ajoute les citoyens majeurs de l\u2019\u00e9tranger, on parle alors<strong> d\u2019environ <a target=\"_blank\" href=\"https:\/\/www.liberation.fr\/checknews\/combien-de-personnes-en-age-de-voter-ne-sont-pas-inscrites-sur-les-listes-electorales-20220223_OQ6WGP5PERH2BID6SQUNDW532I\">51\u00a0millions de votants potentiels.<\/a><\/strong> Le manque \u00e0 gagner reste ainsi de pr\u00e8s de 16 millions de personnes. Approximativement <strong><a target=\"_blank\" href=\"https:\/\/www.archives-resultats-elections.interieur.gouv.fr\/resultats\/presidentielle-2022\/FE.php\">deux fois l\u2019\u00e9lectorat de Marine Le Pen<\/a><\/strong> au dernier suffrage supr\u00eame.<\/p>\n<p><iframe loading=\"lazy\" title=\"L&#039;ONG \u00ab A vot\u00e9 \u00bb mobilis\u00e9e contre la mal-inscription \u00e9lectorale des jeunes\" width=\"1110\" height=\"624\" src=\"https:\/\/www.youtube.com\/embed\/RZbwbsh5H58?feature=oembed\" frameborder=\"0\" allow=\"accelerometer; autoplay; clipboard-write; encrypted-media; gyroscope; picture-in-picture; web-share\" referrerpolicy=\"strict-origin-when-cross-origin\" allowfullscreen><\/iframe><\/p>\n<p>Bien s\u00fbr, une bonne partie de ces personnes ne souhaitait tout bonnement pas prendre part au scrutin, pour diverses raisons.<strong> Mais d\u2019autres auraient, en revanche, bien voulu le faire, mais n\u2019ont tout simplement pas pu pour des causes administratives.<\/strong><\/p>\n<h2><strong>12\u00a0millions de concern\u00e9s<\/strong><\/h2>\n<p>3 millions sont tout simplement absents de tout registre \u00e9lectoral, malgr\u00e9 une inscription automatique \u00e0 18 ans. Certains citoyens se retrouvent en effet ray\u00e9s des listes pour <strong>des raisons obscures parfois difficiles \u00e0 comprendre.<\/strong> Il n\u2019est ainsi <a target=\"_blank\" href=\"https:\/\/www.liberation.fr\/checknews\/peut-on-etre-radie-des-listes-electorales-sans-lavoir-demande-ou-sans-en-etre-informe-20210623_HTKFX57CSBFJDART5H363F7FF4\">pas rare<\/a> de voir des Fran\u00e7ais dans l\u2019incapacit\u00e9 de s\u2019exprimer le jour du scrutin apr\u00e8s avoir \u00e9t\u00e9 radi\u00e9s sans qu\u2019ils ne le sachent.<\/p>\n<blockquote>\n<p><strong>\u00ab\u00a0\u00c0 ces trois millions, on peut \u00e9galement rajouter neuf autres millions d\u2019individus \u00ab\u2009mal inscrits\u2009\u00bb\u00a0\u00bb<\/strong><\/p>\n<\/blockquote>\n<p><iframe loading=\"lazy\" title=\"ABSTENTION : POURQUOI LES JEUNES NE VOTENT PLUS\" width=\"1110\" height=\"624\" src=\"https:\/\/www.youtube.com\/embed\/J0K6tgI0kKk?feature=oembed\" frameborder=\"0\" allow=\"accelerometer; autoplay; clipboard-write; encrypted-media; gyroscope; picture-in-picture; web-share\" referrerpolicy=\"strict-origin-when-cross-origin\" allowfullscreen><\/iframe><\/p>\n<p>\u00c0 ces trois millions, <a target=\"_blank\" href=\"https:\/\/www.radiofrance.fr\/franceinfo\/podcasts\/le-vrai-ou-faux\/vrai-ou-faux-y-a-t-il-10-millions-de-francais-non-inscrits-ou-mal-inscrits-sur-les-listes-electorales-comme-l-affirme-manon-aubry-6243491\">on peut \u00e9galement rajouter<\/a> <strong>neuf<\/strong> <strong>autres millions d\u2019individus \u00ab\u2009mal inscrits\u2009\u00bb,<\/strong> c\u2019est-\u00e0-dire qui ne sont pas affili\u00e9s \u00e0 un bureau de leur ville de r\u00e9sidence, mais dans une secondaire. Et si, pour certains, cette situation est volontaire et n\u2019emp\u00eachera pas le vote de la personne concern\u00e9e, d\u2019autres n\u2019\u00e9taient tout simplement pas inform\u00e9s ou sensibilis\u00e9s \u00e0 cet aspect.<\/p>\n<p>Au gr\u00e9 de la vie et des d\u00e9m\u00e9nagements, des \u00e9tudes ou du travail, ce genre de conjoncture n\u2019est pas toujours anticip\u00e9. Ne recevant aucun rappel, certains citoyens au parcours sinueux vont alors <strong>parfois jusqu\u2019\u00e0 oublier leur commune de rattachement.<\/strong><\/p>\n<h2><strong>Une situation \u00e0 l\u2019avantage de la grande bourgeoisie<\/strong><\/h2>\n<blockquote>\n<p><strong>\u00ab\u00a0aucune lutte contre l\u2019abstention n\u2019est organis\u00e9e\u00a0\u00bb<\/strong><\/p>\n<\/blockquote>\n<p>Et tandis que cette situation perdure depuis de nombreuses ann\u00e9es, aucun gouvernement ne semble se soucier r\u00e9ellement de ce probl\u00e8me. De fait,<strong> aucune lutte contre l\u2019abstention n\u2019est organis\u00e9e,<\/strong> notamment par des mesures comme <a target=\"_blank\" href=\"https:\/\/www.radiofrance.fr\/franceculture\/podcasts\/l-info-culturelle-reportages-enquetes-analyses\/vote-obligatoire-pas-en-france-mais-en-belgique-7403542\">le vote obligatoire<\/a>, mais il existe encore moins de campagnes de sensibilisation sur les inscriptions.<\/p>\n<p>Or, si les diverses autorit\u00e9s lib\u00e9rales n\u2019agissent pas sur ce sujet, il demeure de bonnes raisons de penser que<strong> cette inaction serait volontaire.<\/strong> En effet, les individus non inscrits ou mal inscrits appartiennent bien souvent<strong> aux classes populaires et <a target=\"_blank\" href=\"https:\/\/www.franceinfo.fr\/elections\/legislatives\/legislatives-anticipees-la-non-inscription-ou-la-mal-inscription-sur-les-listes-electorales-concernent-principalement-les-jeunes-affirme-l-ong-a-vote_6602190.html\">surtout aux jeunes<\/a>,<\/strong> en particulier les \u00e9tudiants.<\/p>\n<p><iframe loading=\"lazy\" title=\"LISTES E\u0301LECTORALES : COMMENT LE SYST\u00c8ME DE RADIATION PROFITE AU POUVOIR\" width=\"1110\" height=\"624\" src=\"https:\/\/www.youtube.com\/embed\/nMe3Jtm6Nik?feature=oembed\" frameborder=\"0\" allow=\"accelerometer; autoplay; clipboard-write; encrypted-media; gyroscope; picture-in-picture; web-share\" referrerpolicy=\"strict-origin-when-cross-origin\" allowfullscreen><\/iframe><\/p>\n<p>Des cat\u00e9gories qui votent <a target=\"_blank\" href=\"https:\/\/www.franceinfo.fr\/elections\/presidentielle\/presidentielle-2022-les-plus-jeunes-ont-vote-jean-luc-melenchon-les-plus-vieux-emmanuel-macron_5075344.html\">massivement \u00e0 gauche<\/a> et qui s\u2019opposent le plus aux int\u00e9r\u00eats de la grande bourgeoisie. \u00c0 l\u2019inverse, les plus \u00e2g\u00e9s, dont la tendance est marqu\u00e9e \u00e0 droite, sont g\u00e9n\u00e9ralement plus s\u00e9dentaires et impliqu\u00e9s dans leur mises \u00e0 jour administratives (temps libre, horaires flexibles, habitudes,..), ce qui leur \u00e9pargne ce genre de configuration.<strong> Une aubaine pour certains partis.\u00a0<\/strong><\/p>\n<div class=\"td-a-rec td-a-rec-id-content_inline  tdi_1 td_block_template_1\">\n<span class=\"td-adspot-title\">&#8211; Pour une information libre ! &#8211;<\/span><a target=\"_blank\" href=\"https:\/\/fr.tipeee.com\/mr-mondialisation\" class=\"tipeee-project-small\">Soutenir Mr Japanization sur Tipeee<\/a>\n<\/div>\n<h2><strong>Des solutions existent<\/strong><\/h2>\n<blockquote>\n<p><strong>\u00ab\u00a0Il est possible de <a target=\"_blank\" href=\"https:\/\/www.elections.interieur.gouv.fr\/mes-demarches\/je-verifie-ma-situation-electorale\">v\u00e9rifier son inscription en ligne<\/a> en seulement quelques minutes\u00a0\u00bb.<\/strong><\/p>\n<\/blockquote>\n<p>Dans ces conditions comment \u00e9viter de se retrouver dans cette situation aux prochaines \u00e9lections\u2009?<strong> Il est possible de <a target=\"_blank\" href=\"https:\/\/www.elections.interieur.gouv.fr\/mes-demarches\/je-verifie-ma-situation-electorale\">v\u00e9rifier son inscription en ligne<\/a> en seulement quelques minutes.<\/strong> Si vous ne figurez pas sur la liste de votre commune, <a target=\"_blank\" href=\"https:\/\/www.service-public.gouv.fr\/particuliers\/vosdroits\/R16396\">vous pourrez alors vous faire ajouter sur internet.<\/a><\/p>\n<p>Mais attention,<strong> n\u2019esp\u00e9rez pas vous enregistrer la veille du vote.<\/strong> En effet, il existe, de plus, une limite temporelle avant un scrutin. Pour<strong> les prochaines municipales de mars 2026,<\/strong> il vous sera par exemple impossible de vous inscrire ou de changer de bureau apr\u00e8s <a target=\"_blank\" href=\"https:\/\/www.service-public.gouv.fr\/particuliers\/vosdroits\/F34240\">le 6 f\u00e9vrier.<\/a><\/p>\n<h2><strong>La procuration comme ultime recours<\/strong><\/h2>\n<p>Et si <strong>des pr\u00e9sidentielles ou des l\u00e9gislatives survenaient prochainement,<\/strong> le d\u00e9lai serait sans doute encore r\u00e9duit. Raison de plus pour <strong>agir d\u00e8s maintenant.<\/strong> Car si vous \u00eates pris de court et que vous n\u2019\u00eates consign\u00e9s nulle part, vous ne disposerez plus d\u2019aucune solution. En revanche, en cas d\u2019enregistrement dans une ville \u00e9loign\u00e9e de votre r\u00e9sidence, vous pourrez toujours voter par procuration.<\/p>\n<p><iframe loading=\"lazy\" title=\"Comment faire une procuration ? TUTO\" width=\"1110\" height=\"624\" src=\"https:\/\/www.youtube.com\/embed\/_STQ0EbgzMk?feature=oembed\" frameborder=\"0\" allow=\"accelerometer; autoplay; clipboard-write; encrypted-media; gyroscope; picture-in-picture; web-share\" referrerpolicy=\"strict-origin-when-cross-origin\" allowfullscreen><\/iframe><\/p>\n<p>Il vous suffit pour cela de vous rendre dans <strong>un bureau de police ou de gendarmerie<\/strong> et de <a target=\"_blank\" href=\"https:\/\/www.service-public.gouv.fr\/particuliers\/vosdroits\/F1604\">remplir un formulaire<\/a> pour d\u00e9signer quelqu\u2019un qui pourra s\u2019exprimer en votre nom. Il n\u2019est pas n\u00e9cessaire que cette personne soit inscrite dans le m\u00eame bureau que vous.<\/p>\n<p>Bien s\u00fbr, il est pr\u00e9f\u00e9rable de choisir quelqu\u2019un de confiance qui respectera votre consigne, mais, si vous ne connaissez plus personne l\u00e0 o\u00f9 vous \u00eates inscrits, il est aussi possible de contacter <strong>des militants politiques de votre parti favori pour les solliciter.<\/strong> Ce genre de proc\u00e9d\u00e9 existe souvent sur le site officiel des mouvements concern\u00e9s ou au sein de communaut\u00e9s en ligne.<\/p>\n<h2><strong>Le temps d\u2019un autre syst\u00e8me<\/strong><\/h2>\n<p>De fait, toutes ces proc\u00e9dures administratives auront sans doute de quoi d\u00e9courager les moins d\u00e9termin\u00e9s d\u2019entre nous, ce qui pourrait cependant se payer cher au vu <strong>des politiques lib\u00e9rales exerc\u00e9es par les b\u00e9n\u00e9ficiaires de l\u2019abstention.<\/strong><\/p>\n<p>Il existerait pourtant des processus pour enrayer ce ph\u00e9nom\u00e8ne. Il serait par exemple pertinent de mettre en place<strong> une inscription automatique sur les listes,<\/strong> plus seulement \u00e0 18 ans, mais directement lors de ses d\u00e9m\u00e9nagements, notamment gr\u00e2ce aux imp\u00f4ts.<\/p>\n<p>Plus simple encore :<strong><a target=\"_blank\" href=\"https:\/\/www.aec.gov.au\/voting\/ways_to_vote\">\u00a0l\u2019Australie<\/a>, dot\u00e9e du vote obligatoire, inscrit d\u2019office tous ses ressortissants sur une liste \u00e9lectorale globale.<\/strong> Pas de registres communales comme en France, mais <strong>un fichier national<\/strong> qui permet aux citoyens de voter n\u2019importe o\u00f9 au sein de leur \u00c9tat. Un mod\u00e8le dont pourrait s\u2019inspirer la France, \u00e0 condition qu\u2019une v\u00e9ritable volont\u00e9 politique se manifeste enfin.<\/p>\n<p style=\"text-align: right;\"><em>\u2013 Simon Verdi\u00e8re<\/em><\/p>\n<hr\/>\n<p style=\"text-align: right;\">Illustration d\u2019ent\u00eate @<a target=\"_blank\" href=\"https:\/\/www.pexels.com\/fr-fr\/photo\/a-l-interieur-interieur-vote-stand-7103129\/\">Edmond Dant\u00e8s\/Pexel<\/a><\/p>\n<div class=\"td-a-rec td-a-rec-id-content_bottom  tdi_2 td_block_template_1\">\n<span class=\"td-adspot-title\">&#8211; Cet article gratuit et ind\u00e9pendant existe gr\u00e2ce \u00e0 vous &#8211;<\/span><\/p>\n<div class=\"td-all-devices\">\n    <a target=\"_blank\" href=\"https:\/\/mrmondialisation.org\/donation\/\" title=\"Faire_un_don\"><img decoding=\"async\" class=\"donationArticle\" src=\"https:\/\/mrmondialisation.org\/wp-content\/uploads\/2022\/12\/220405-flikalicious-final.jpg\" alt=\"Donation\"\/><\/a>\n<\/div>\n<\/div><\/div>\n<p><br \/>\n<br \/><a href=\"https:\/\/mrmondialisation.org\/inscriptions-listes-electorales\/\" target=\"_blank\"\">Source link <\/a><\/p>\n","protected":false},"excerpt":{"rendered":"<p>\u00c0 chaque nouveau scrutin, des millions de gens se rendent compte au dernier moment qu\u2019ils ne pourront tout simplement pas voter. La raison\u2009? Une radiation des listes \u00e9lectorales ou une&hellip; <\/p>\n","protected":false},"author":1,"featured_media":17786,"comment_status":"open","ping_status":"open","sticky":false,"template":"","format":"standard","meta":{"footnotes":""},"categories":[1],"tags":[],"class_list":["post-17785","post","type-post","status-publish","format-standard","has-post-thumbnail","hentry","category-non-classe"],"_links":{"self":[{"href":"https:\/\/monde25.info\/index.php\/wp-json\/wp\/v2\/posts\/17785","targetHints":{"allow":["GET"]}}],"collection":[{"href":"https:\/\/monde25.info\/index.php\/wp-json\/wp\/v2\/posts"}],"about":[{"href":"https:\/\/monde25.info\/index.php\/wp-json\/wp\/v2\/types\/post"}],"author":[{"embeddable":true,"href":"https:\/\/monde25.info\/index.php\/wp-json\/wp\/v2\/users\/1"}],"replies":[{"embeddable":true,"href":"https:\/\/monde25.info\/index.php\/wp-json\/wp\/v2\/comments?post=17785"}],"version-history":[{"count":0,"href":"https:\/\/monde25.info\/index.php\/wp-json\/wp\/v2\/posts\/17785\/revisions"}],"wp:featuredmedia":[{"embeddable":true,"href":"https:\/\/monde25.info\/index.php\/wp-json\/wp\/v2\/media\/17786"}],"wp:attachment":[{"href":"https:\/\/monde25.info\/index.php\/wp-json\/wp\/v2\/media?parent=17785"}],"wp:term":[{"taxonomy":"category","embeddable":true,"href":"https:\/\/monde25.info\/index.php\/wp-json\/wp\/v2\/categories?post=17785"},{"taxonomy":"post_tag","embeddable":true,"href":"https:\/\/monde25.info\/index.php\/wp-json\/wp\/v2\/tags?post=17785"}],"curies":[{"name":"wp","href":"https:\/\/api.w.org\/{rel}","templated":true}]}}