{"id":17795,"date":"2025-10-17T08:05:04","date_gmt":"2025-10-17T06:05:04","guid":{"rendered":"https:\/\/monde25.info\/index.php\/2025\/10\/17\/pourquoi-la-loi-contre-la-fast-fashion-a-pris-beaucoup-de-retard\/"},"modified":"2025-10-17T08:05:04","modified_gmt":"2025-10-17T06:05:04","slug":"pourquoi-la-loi-contre-la-fast-fashion-a-pris-beaucoup-de-retard","status":"publish","type":"post","link":"https:\/\/monde25.info\/index.php\/2025\/10\/17\/pourquoi-la-loi-contre-la-fast-fashion-a-pris-beaucoup-de-retard\/","title":{"rendered":"Pourquoi la loi contre la fast-fashion a pris (beaucoup) de retard"},"content":{"rendered":"<p> <br \/>\n<br \/><img loading=\"lazy\" decoding=\"async\" src=\"https:\/\/reporterre.net\/local\/cache-vignettes\/L700xH467\/afp__20250626__63vj68e__v5__highres__francechinasingaporeeconomyfashion_resized-a030f.jpg?1760619601\" class=\"spip_logo\" width=\"700\" height=\"467\" alt=\"\" \/><\/p>\n<p>Les objections de Bruxelles au projet de loi anti-fast-fashion vont contraindre la France, porteuse du texte, \u00e0 le r\u00e9\u00e9crire. L&rsquo;occasion de revenir aux mesures ambitieuses du projet initial, esp\u00e8rent les associations. <br class=\"autobr\" \/> La co\u00efncidence de calendrier d\u00e9sole. Le 1<sup class=\"typo_exposants\">er<\/sup>\u00a0octobre, l&rsquo;enseigne d&rsquo;ultra-fast-fashion Shein annon\u00e7ait l&rsquo;ouverture de plusieurs boutiques en France au sein de grands magasins prestigieux (<span class=\"caps\">BHV<\/span> \u00e0 Paris et Galeries Lafayette en r\u00e9gions) \u2014\u00a0une tentative de respectabilisation qui\u00a0(\u2026)<\/p>\n<p>                    <a target=\"_blank\" href=\"https:\/\/reporterre.net\/Loi-contre-la-fast-fashion-la-France-sommee-de-revoir-sa-copie?utm_source=RSS&amp;utm_medium=RSS\">Lire la suite<\/a><\/p>\n<p>                    &#8211;<br \/>\n                        <a target=\"_blank\" href=\"https:\/\/reporterre.net\/Autres-infos\" rel=\"directory\">Info<\/a><\/p>\n<p>                    \/<br \/>\n                        <a target=\"_blank\" href=\"https:\/\/reporterre.net\/Economie\" rel=\"tag\">\u00c9conomie<\/a><br \/>\n<br \/><br \/>\n<br \/><a href=\"https:\/\/reporterre.net\/Loi-contre-la-fast-fashion-la-France-sommee-de-revoir-sa-copie\" target=\"_blank\"\">Source link <\/a><\/p>\n","protected":false},"excerpt":{"rendered":"<p>Les objections de Bruxelles au projet de loi anti-fast-fashion vont contraindre la France, porteuse du texte, \u00e0 le r\u00e9\u00e9crire. L&rsquo;occasion de revenir aux mesures ambitieuses du projet initial, esp\u00e8rent les&hellip; <\/p>\n","protected":false},"author":1,"featured_media":0,"comment_status":"open","ping_status":"open","sticky":false,"template":"","format":"standard","meta":{"footnotes":""},"categories":[1],"tags":[],"class_list":["post-17795","post","type-post","status-publish","format-standard","hentry","category-non-classe"],"_links":{"self":[{"href":"https:\/\/monde25.info\/index.php\/wp-json\/wp\/v2\/posts\/17795","targetHints":{"allow":["GET"]}}],"collection":[{"href":"https:\/\/monde25.info\/index.php\/wp-json\/wp\/v2\/posts"}],"about":[{"href":"https:\/\/monde25.info\/index.php\/wp-json\/wp\/v2\/types\/post"}],"author":[{"embeddable":true,"href":"https:\/\/monde25.info\/index.php\/wp-json\/wp\/v2\/users\/1"}],"replies":[{"embeddable":true,"href":"https:\/\/monde25.info\/index.php\/wp-json\/wp\/v2\/comments?post=17795"}],"version-history":[{"count":0,"href":"https:\/\/monde25.info\/index.php\/wp-json\/wp\/v2\/posts\/17795\/revisions"}],"wp:attachment":[{"href":"https:\/\/monde25.info\/index.php\/wp-json\/wp\/v2\/media?parent=17795"}],"wp:term":[{"taxonomy":"category","embeddable":true,"href":"https:\/\/monde25.info\/index.php\/wp-json\/wp\/v2\/categories?post=17795"},{"taxonomy":"post_tag","embeddable":true,"href":"https:\/\/monde25.info\/index.php\/wp-json\/wp\/v2\/tags?post=17795"}],"curies":[{"name":"wp","href":"https:\/\/api.w.org\/{rel}","templated":true}]}}