{"id":1780,"date":"2024-12-08T20:30:41","date_gmt":"2024-12-08T19:30:41","guid":{"rendered":"https:\/\/monde25.info\/index.php\/2024\/12\/08\/ursulagates-en-plus-des-plaintes-visant-ursula-von-der-leyen-frederic-baldan-et-diane-protat-annoncent-avoir-porte-plainte-contre-laura-kovesi-cheffe-de-leppo\/"},"modified":"2024-12-08T20:30:41","modified_gmt":"2024-12-08T19:30:41","slug":"ursulagates-en-plus-des-plaintes-visant-ursula-von-der-leyen-frederic-baldan-et-diane-protat-annoncent-avoir-porte-plainte-contre-laura-kovesi-cheffe-de-leppo","status":"publish","type":"post","link":"https:\/\/monde25.info\/index.php\/2024\/12\/08\/ursulagates-en-plus-des-plaintes-visant-ursula-von-der-leyen-frederic-baldan-et-diane-protat-annoncent-avoir-porte-plainte-contre-laura-kovesi-cheffe-de-leppo\/","title":{"rendered":"UrsulaGates\u00a0: en plus des plaintes visant Ursula von der Leyen, Fr\u00e9d\u00e9ric Baldan et Diane Protat annoncent avoir port\u00e9 plainte contre Laura K\u00f6vesi, cheffe de l\u2019EPPO"},"content":{"rendered":"<p> <br \/>\n<\/p>\n<div>\n<p>Malgr\u00e9 les <a target=\"_blank\" href=\"https:\/\/edition.francesoir.fr\/politique-monde-societe-justice\/quels-jeux-troubles-joue-le-parquet-europeen-dans-la-plainte-contre\" target=\"_blank\">nombreuses man\u0153uvres de l\u2019EPPO<\/a>, <a target=\"_blank\" href=\"https:\/\/www.francesoir.fr\/politique-monde\/omerta-censure-et-mysteres-autour-des-plaintes-visant-ursula-von-der-leyen\" target=\"_blank\">l\u2019omerta de la plupart des m\u00e9dias<\/a>, l\u2019\u00e9tau semble se resserrer autour Ursula von der Leyen gr\u00e2ce \u00e0 la plainte p\u00e9nale port\u00e9e initialement par Fr\u00e9d\u00e9ric Baldan. En effet, \u00e0 ce jour, plus de 1000 plaignants ont rejoint la plainte initiale, et les m\u00e9dias commencent \u00e0 s\u2019int\u00e9resser \u00e0 l\u2019affaire d\u00e9j\u00e0 bien couverte par les m\u00e9dias citoyens. Lors de l\u2019audience \u00e0 huis clos de ce vendredi tant attendue par toutes les parties, sans en avoir fait part au pr\u00e9alable, l\u2019EPPO a d\u00e9clar\u00e9 que la Cour d\u2019Appel devrait trancher le 6 janvier 2024 sur divers aspects de l\u2019affaire (recevabilit\u00e9 des plaignants, immunit\u00e9 de von der Leyen, et comp\u00e9tence de l\u2019EPPO). La pr\u00e9sidente Anne-Marie Jacquemart a donc pr\u00e9f\u00e9r\u00e9 remettre l\u2019audience sans fixer le jour afin de prendre connaissance de la d\u00e9cision de la chambre des mises en accusations. Une man\u0153uvre d\u00e9nonc\u00e9e par toutes les parties comme \u00e9tant attentatoire aux droits de la d\u00e9fense, d\u00e9montrant une fois encore les jeux troubles jou\u00e9s par l\u2019agence de coop\u00e9ration et coordination qui se nomme Parquet europ\u00e9en.\u00a0 Explications.<\/p>\n<p><strong>R\u00e9p\u00e9tition et r\u00e9cidives\u00a0: les affaires visant Ursula von der Leyen<\/strong><\/p>\n<p>Voici un r\u00e9sum\u00e9 des principales affaires et controverses dans lesquelles Ursula von der Leyen a \u00e9t\u00e9, ou est impliqu\u00e9e.<\/p>\n<p>En 2015, elle a fait l\u2019objet d\u2019accusations de plagiat de sa th\u00e8se de doctorat en m\u00e9decine \u00e9crite en 1991. Des analyses ont r\u00e9v\u00e9l\u00e9 que jusqu&rsquo;\u00e0 43.5 % des pages de sa th\u00e8se contenaient du plagiat, bien que l&rsquo;universit\u00e9 ait conclu qu&rsquo;il n&rsquo;y avait pas d&rsquo;intention de tromper et ait choisi de ne pas lui retirer son dipl\u00f4me.<\/p>\n<p>Ensuite, le \u00ab\u00a0<strong>Berateraff\u00e4re\u00a0\u00bb <\/strong>ou l\u2019<strong>affaire des Consultants dans laquelle<\/strong> von der Leyen a fait l\u2019objet de violentes critiques relatives \u00e0 <strong>la gestion de contrats attribu\u00e9s aux consultants externes par le minist\u00e8re de la D\u00e9fense allemand<\/strong> alors qu\u2019elle \u00e9tait ministre de la D\u00e9fense. Les critiques visent l\u2019octroi de contrats sans un contr\u00f4le ad\u00e9quat et les liens informels et privil\u00e9gi\u00e9s entre certains consultants et des responsables minist\u00e9riels. Corruption ou n\u00e9potisme\u00a0?<\/p>\n<p>De plus, durant l\u2019investigation du Parlement allemand sur cette affaire, von der Leyen a \u00e9galement \u00e9t\u00e9 accus\u00e9e d\u2019avoir effac\u00e9 des donn\u00e9es officielles de son t\u00e9l\u00e9phone. Une<strong> destruction de donn\u00e9es soi-disant <\/strong>justifi\u00e9e par des raisons de s\u00e9curit\u00e9, mais per\u00e7ue comme un sabotage de l&rsquo;enqu\u00eate.<strong> Destruction de documents\u00a0?<\/strong><\/p>\n<p>Vient ensuite l\u2019affaire dite du \u00ab\u00a0PfizerGate\u00a0\u00bb ou \u00ab\u00a0UrsulaGates\u00a0\u00bb si l\u2019on en croit le livre du m\u00eame nom publi\u00e9 par Fr\u00e9d\u00e9ric Baldan. Bien qu&rsquo;elle ait \u00e9t\u00e9 formellement exclue des n\u00e9gociations sur le contrat de vaccination contre la Covid-19 avec Pfizer, des plaintes p\u00e9nales avec constitutions de parties civiles ont \u00e9t\u00e9 port\u00e9es \u00e0 son encontre par pr\u00e8s de 1000 personnes pour \u00ab\u00a0<em>immixtion dans les fonctions publiques, destruction de documents publics, corruption et prise ill\u00e9gale d&rsquo;int\u00e9r\u00eat<\/em>\u00a0\u00bb. Alors que le troisi\u00e8me contrat d\u2019achat des vaccins n\u2019a fait l\u2019objet d\u2019aucune d\u00e9pense de la part de l\u2019Union europ\u00e9enne, le parquet europ\u00e9en s\u2019est invit\u00e9 dans l\u2019affaire \u2013 cette intervention \u00e9tant fermement contest\u00e9e par les parties civiles <strong>qui consid\u00e8rent que l\u2019EPPO est en r\u00e9alit\u00e9 sans comp\u00e9tence dans cette affaire<\/strong>.<\/p>\n<p>Enfin, von der Leyen fait l&rsquo;objet de nombreuses critiques sur ses commentaires ou actions comme pr\u00e9sidente de la Commission Europ\u00e9enne pour ce qui pourrait \u00eatre per\u00e7u comme une ing\u00e9rence dans les affaires int\u00e9rieures d&rsquo;autres \u00c9tats membres.\u00a0Notamment lors de ses d\u00e9clarations sur la situation politique en Pologne en 2017, ou encore plus r\u00e9cemment dans les \u00e9lections roumaines ou enfin lors de la signature de l\u2019accord du Mercosur qui fait l\u2019objet de critiques virulentes de nombreux pays.\u00a0 <strong>Interventions politiques unilat\u00e9rales\u00a0?<\/strong><\/p>\n<p>La transparence, l\u2019\u00e9thique et la gestion de la carri\u00e8re de von der Leyen font donc l\u2019objet d\u2019accusations, de critiques et de controverses, cependant aucune de celles-ci n\u2019a encore eu raison d\u2019elle. Serait-elle une version f\u00e9minine de <a target=\"_blank\" href=\"https:\/\/fr.wikipedia.org\/wiki\/Frank_Abagnale,_Jr.\">Frank Abagnale, ancien imposteur<\/a>, jou\u00e9 par Leonardo DiCaprio dans le film \u00ab\u00a0Attrape-moi si tu peux\u00a0\u00bb\u00a0?<\/p>\n<p>\u00a0<\/p>\n<p><strong>Plus de 1000 plaignants dans la plainte p\u00e9nale visant von der Leyen, Bourla, Pfizer et BioNtech<\/strong><\/p>\n<p>En avril 2023, Fr\u00e9d\u00e9ric Baldan a d\u00e9pos\u00e9 une plainte p\u00e9nale visant Ursula von der Leyen, Albert Bourla et les soci\u00e9t\u00e9s PFIZER et BIONTECH dans la cadre de la n\u00e9gociation des contrats d\u2019acquisition de vaccins contre la COVID 19, pour \u00ab\u00a0<em>immixtion dans les fonctions publiques, destruction de documents publics, corruption et prise ill\u00e9gale d&rsquo;int\u00e9r\u00eat<\/em>\u00a0\u00bb.<\/p>\n<p>Il <a target=\"_blank\" href=\"https:\/\/www.francesoir.fr\/videos-l-entretien-essentiel\/respect-des-libertes-corruption-frexit-combat-florian-philippot\" target=\"_blank\">\u00e9tait rejoint tout d\u2019abord par \u00ab\u00a0Les Patriotes\u00a0\u00bb<\/a> \u00a0puis par <a target=\"_blank\" href=\"https:\/\/www.francesoir.fr\/videos-l-entretien-essentiel\/respect-des-libertes-corruption-frexit-combat-florian-philippot\" target=\"_blank\">d\u2019autres partis politiques europ\u00e9ens<\/a>, <a target=\"_blank\" href=\"https:\/\/www.francesoir.fr\/politique-monde\/plusieurs-etats-portent-plainte-contre-ursula-von-der-leyen-pour-corruption-dans-le\" target=\"_blank\">par deux \u00c9tats membres de l\u2019Union europ\u00e9enne<\/a>, la Pologne et la Hongrie, ainsi que par le collectif \u00ab\u00a0Les Navigants Libres \u00bb \u00a0et plus de 500 de ses membres pour qui la transparence est une n\u00e9cessit\u00e9 pour assurer la s\u00e9curit\u00e9 des passagers. S\u2019est \u00e9galement joint \u00e0 cette plainte Fr\u00e9d\u00e9ric Beltra, pr\u00e9sident de l\u2019association de victimes des vaccins covid-19 Verity France, qui a perdu son fils Maxime. Il consid\u00e8re que si Mme von der\u00a0Leyen avait \u00e9t\u00e9 transparente et avait donn\u00e9 acc\u00e8s au public aux contrats litigieux, lui et sa famille auraient pu faire un autre choix que celui de se faire vacciner.<\/p>\n<p>Apr\u00e8s des mois d\u2019enqu\u00eate par le juge d\u2019instruction Frenay du Tribunal de Li\u00e8ge, une premi\u00e8re audience a eu lieu le 17 mai 2024, reportant au 6 d\u00e9cembre 2024 la date des plaidoiries.\u00a0 Cette audience du 6 d\u00e9cembre s\u2019est tenue en pr\u00e9sence d\u2019une centaine de parties civiles. Du jamais vu dans le tribunal de Li\u00e8ge.\u00a0<\/p>\n<p>Fr\u00e9d\u00e9ric Baldan et M<sup>e<\/sup> Diane Protat ont tenu une conf\u00e9rence de presse le 7 d\u00e9cembre 2024 que vous pouvez d\u00e9couvrir dans la vid\u00e9o ci-dessous.\u00a0 Plus de 200 000 personnes ont d\u00e9j\u00e0 regard\u00e9 les vid\u00e9os des divers m\u00e9dias pr\u00e9sents.\u00a0 Une conf\u00e9rence de presse marqu\u00e9e par l\u2019absence de m\u00e9dia mainstream fran\u00e7ais\u00a0! L\u2019<a target=\"_blank\" href=\"https:\/\/www.francesoir.fr\/politique-monde\/omerta-censure-et-mysteres-autour-des-plaintes-visant-ursula-von-der-leyen\">omerta<\/a> et la <a target=\"_blank\" href=\"https:\/\/www.francesoir.fr\/politique-monde\/ursulagate-omerta-et-censure-influences-et-pressions-subies-par-les-medias-suite\">censure<\/a> <a target=\"_blank\" href=\"https:\/\/www.francesoir.fr\/politique-monde\/ursulagate-omerta-et-censure-influences-et-pressions-subies-par-les-medias-suite\">sur cette plainte est toujours d\u2019actualit\u00e9<\/a>, ce que France-Soir d\u00e9non\u00e7ait d\u00e8s mai 2024.<\/p>\n<p>\u00a0<\/p>\n<p><iframe style=\"left:0;position:absolute;top:0;\" width=\"100%\" height=\"100%\" frameborder=\"0\" allow=\"accelerometer; autoplay; encrypted-media; gyroscope; picture-in-picture\" allowfullscreen=\"true\" referrerpolicy=\"unsafe-url\" class=\"lazyload\" data-src=\"https:\/\/app.videas.fr\/embed\/media\/6b503ba1-5d62-4f80-a7e8-5eb60701af0b\/\"><\/iframe><\/p>\n<p>\u00a0<\/p>\n<p><strong>R\u00e9sum\u00e9 de la conf\u00e9rence de presse<\/strong><\/p>\n<p>\u00c0 l&rsquo;heure o\u00f9 la transparence et l&rsquo;\u00e9thique prennent une place pr\u00e9pond\u00e9rante dans les discussions europ\u00e9ennes, Fr\u00e9d\u00e9ric Baldan et M<sup>e<\/sup> Diane Protat mettent en lumi\u00e8re les enjeux de la justice et de l\u2019\u00e9thique au sein de l&rsquo;Union europ\u00e9enne. Cette conf\u00e9rence a permis d\u2019illustrer les errements de la justice en Europe ainsi que la tentative par l\u2019EPPO de prot\u00e9ger von der Leyen.\u00a0Une interf\u00e9rence. Un vrai moment o\u00f9 les quelque vingt-cinq journalistes pr\u00e9sents et les auditeurs ont pu prendre connaissance de l\u2019analyse de M<sup>e<\/sup> Protat et de questionnements de Fr\u00e9d\u00e9ric Baldan sur le r\u00f4le de l&rsquo;Union europ\u00e9enne dans la justice et l&rsquo;int\u00e9grit\u00e9 administrative.<\/p>\n<p>Fr\u00e9d\u00e9ric Baldan et M<sup>e<\/sup> Diane Protat ont invit\u00e9 les journalistes \u00e0 une introspection sur leurs propres pratiques et leur r\u00f4le dans la soci\u00e9t\u00e9. Le point d&rsquo;orgue de cette discussion a \u00e9t\u00e9 <strong>l&rsquo;interrogation directe adress\u00e9e aux journalistes sur leur implication dans la d\u00e9nonciation des abus de pouvoir au sein des institutions europ\u00e9ennes :\u00a0<\/strong><\/p>\n<blockquote>\n<p><strong>\u00ab\u00a0<\/strong><em>donc je vous invite quand m\u00eame \u00e0 aller poser des questions aux avocats de la partie, des parties adverses donc par exemple monsieur Adrien Masset. Vous lui demandez quel \u00e9tait le contenu des messages que Madame van der Leyen a fini par supprimer. Parce qu&rsquo;ils ont exist\u00e9, et s\u2019ils n\u2019existent plus la cons\u00e9quence logique c&rsquo;est que quelqu&rsquo;un les a effac\u00e9s<\/em>\u00a0\u00bb.<\/p>\n<\/blockquote>\n<p><strong>K\u00f6vesi vis\u00e9e par une plainte<\/strong><\/p>\n<p>De plus, Fr\u00e9d\u00e9ric Baldan et M<sup>e<\/sup> Protat ont de nouveau mis en lumi\u00e8re le r\u00f4le trouble jou\u00e9 dans cette affaire par Laura K\u00f6vesi cheffe de l\u2019EPPO.\u00a0<\/p>\n<p>Ils s\u2019interrogent aussi sur les actions des journalistes, ou plut\u00f4t, leur inaction, face aux diverses d\u00e9clarations de K\u00f6vesi qui, apr\u00e8s deux ans d\u2019enqu\u00eate, a d\u00e9clar\u00e9 \u00ab\u00a0<em>ne pas trouver de suspect dans cette affaire<\/em>\u00a0\u00bb. Lors de la conf\u00e9rence de presse, Fr\u00e9d\u00e9ric Baldan et M<sup>e<\/sup> Protat r\u00e9pondant \u00e0 la question de <em>France-Soir<\/em> d\u00e9clarent <strong>avoir port\u00e9 plainte contre K\u00f6vesi<\/strong> qui se pr\u00e9sente comme une figure de l&rsquo;int\u00e9grit\u00e9 et de la lutte contre la corruption.<\/p>\n<blockquote class=\"twitter-tweet\">\n<p lang=\"fr\" dir=\"ltr\"><a target=\"_blank\" href=\"https:\/\/twitter.com\/hashtag\/ursulaGATES?src=hash&amp;ref_src=twsrc%5Etfw\">#ursulaGATES<\/a> ALERTE \u27a1\ufe0f <a target=\"_blank\" href=\"https:\/\/twitter.com\/BaldanFrederic?ref_src=twsrc%5Etfw\">@BaldanFrederic<\/a> et Me Protat d\u00e9clarent avoir port\u00e9 plainte contre la cheffe de <a target=\"_blank\" href=\"https:\/\/twitter.com\/EUProsecutor?ref_src=twsrc%5Etfw\">@EUProsecutor<\/a> Laura Kovesi pour coalition de fonctionnaires et atteinte arbitraire aux droits et libert\u00e9s garantis par la Constitution.\u00a0<br \/>\u27a1\ufe0f Contact\u00e9 \u00e0 ce sujet <a target=\"_blank\" href=\"https:\/\/twitter.com\/EUProsecutor?ref_src=twsrc%5Etfw\">@EUProsecutor<\/a> n&rsquo;a\u2026 <a target=\"_blank\" href=\"https:\/\/t.co\/RKHYCIT3F8\">pic.twitter.com\/RKHYCIT3F8<\/a><\/p>\n<p>\u2014 France-Soir (@france_soir) <a target=\"_blank\" href=\"https:\/\/twitter.com\/france_soir\/status\/1865352590717829537?ref_src=twsrc%5Etfw\">December 7, 2024<\/a><\/p>\n<\/blockquote>\n<p>M<sup>e<\/sup> Protat a rappel\u00e9 que l\u2019EPPO a un dossier sur l\u2019enqu\u00eate, q<strong>u\u2019on<\/strong> <strong>ne lui a jamais permis de le consulter<\/strong>\u00a0!\u00a0 Il \u00e9tait donc somme toute logique que Fr\u00e9d\u00e9ric Baldan et M<sup>e<\/sup> Protat qui mettent en doute le r\u00f4le jou\u00e9 par K\u00f6vesi et l\u2019EPPO portent plainte contre elle pour \u00ab\u00a0<em>coalition de fonctionnaires pour commettre un acte arbitraire attentatoire aux droits et libert\u00e9s garantis par la Constitution<\/em>\u00a0\u00bb.<\/p>\n<p><em>France-Soir<\/em> a contact\u00e9 l\u2019EPPO par deux fois au sujet d\u2019\u00e9ventuelles plaintes visant Laura K\u00f6vesi. Tine Hollevoet, la directrice de communication de l\u2019EPPO a bott\u00e9 en touche.\u00a0 Quand il s\u2019agit de r\u00e9pondre \u00e0 des questions importantes sur sa cheffe, est-ce que la transparence et l&rsquo;\u00e9thique s\u2019appliquent uniquement pour les autres\u00a0? Pourquoi l\u2019EPPO ne met-elle pas sur son site cette information par transparence\u00a0?<\/p>\n<p class=\"text-align-center\"><strong><img decoding=\"async\" data-entity-uuid=\"e342db13-7a15-4e9e-a079-68c76d339989\" data-entity-type=\"file\" alt=\"Interrogation\" width=\"635\" height=\"491\" loading=\"lazy\" class=\"lazyload\" src=\"https:\/\/www.francesoir.fr\/sites\/default\/files\/inline-images\/KOVESI.png\"\/>\u00a0<\/strong><\/p>\n<p>\u00a0<\/p>\n<p><strong>R\u00e9actions et Interrogations<\/strong><\/p>\n<p>Avant la conf\u00e9rence, les \u00ab\u00a0Navigants Libres\u00a0\u00bb ont fait un communiqu\u00e9 important d\u00e9montrant la <strong>n\u00e9cessit\u00e9 de la TRANSPARENCE POUR ASSURER LA S\u00c9CURIT\u00c9 A\u00c9RIENNE. \u00ab\u00a0<\/strong><em>La transparence est gage de la confiance que les passagers ont envers les membres d\u2019\u00e9quipages. En brisant la chaine de la transparence, les autorit\u00e9s ne permettent plus aux navigants d\u2019assurer pleinement la mission qui leur est confi\u00e9e.<\/em><\/p>\n<blockquote class=\"twitter-tweet\" data-media-max-width=\"560\">\n<p lang=\"fr\" dir=\"ltr\"><a target=\"_blank\" href=\"https:\/\/twitter.com\/hashtag\/ursulaGATES?src=hash&amp;ref_src=twsrc%5Etfw\">#ursulaGATES<\/a> Communiqu\u00e9 des <a target=\"_blank\" href=\"https:\/\/twitter.com\/NavigantsLibres?ref_src=twsrc%5Etfw\">@NavigantsLibres<\/a>\u00a0<br \/>LA N\u00c9CESSAIRE TRANSPARENCE POUR ASSURER LA S\u00c9CURIT\u00c9 A\u00c9RIENNE<br \/>La transparence est gage de la confiance que les passagers ont envers les membres d\u2019\u00e9quipages. En brisant la chaine de la transparence, les autorit\u00e9s ne permettent plus aux\u2026 <a target=\"_blank\" href=\"https:\/\/t.co\/jnY4ou80Jt\">pic.twitter.com\/jnY4ou80Jt<\/a><\/p>\n<p>\u2014 France-Soir (@france_soir) <a target=\"_blank\" href=\"https:\/\/twitter.com\/france_soir\/status\/1864958655503663174?ref_src=twsrc%5Etfw\">December 6, 2024<\/a><\/p>\n<\/blockquote>\n<p>Ugo Mattei professeur de droit \u00e0 l\u2019universit\u00e9 de Turin, \u00e0 l\u2019universit\u00e9 de Berkeley, mais \u00e9galement \u00e0 celle de Louvain, a fait intervenir l\u2019ONG italienne <a target=\"_blank\" href=\"https:\/\/generazionifuture.org\/\">Generazioni Future.<\/a> Dans une d\u00e9claration, il d\u00e9nonce l\u2019absence de transparence de von der Leyen dans la n\u00e9gociation des contrats\u00a0:\u00a0 <em>\u00ab\u00a0je crois profond\u00e9ment que le manque de transparence est un probl\u00e8me tr\u00e8s s\u00e9rieux en Europe aujourd&rsquo;hui\u00a0\u00bb.<\/em><\/p>\n<blockquote class=\"twitter-tweet\" data-media-max-width=\"560\">\n<p lang=\"fr\" dir=\"ltr\"><a target=\"_blank\" href=\"https:\/\/twitter.com\/hashtag\/ursulaGATES?src=hash&amp;ref_src=twsrc%5Etfw\">#ursulaGATES<\/a> Le prof de droit Ugo Mattei de l&rsquo;universit\u00e9 de Turin et de Californie a fait rejoindre <a target=\"_blank\" href=\"https:\/\/twitter.com\/GenerazioniF?ref_src=twsrc%5Etfw\">@GenerazioniF<\/a> \u00ab\u00a0je crois profond\u00e9ment que le manque de transparence est un probl\u00e8me tr\u00e8s s\u00e9rieux en Europe aujourd&rsquo;hui\u00a0\u00bb. <a target=\"_blank\" href=\"https:\/\/t.co\/04guc4KONR\">pic.twitter.com\/04guc4KONR<\/a><\/p>\n<p>\u2014 France-Soir (@france_soir) <a target=\"_blank\" href=\"https:\/\/twitter.com\/france_soir\/status\/1864958659123409386?ref_src=twsrc%5Etfw\">December 6, 2024<\/a><\/p>\n<\/blockquote>\n<p>En sortie d&rsquo;audience vendredi, Florian Philippot, pr\u00e9sident du parti Les Patriotes <a target=\"_blank\" href=\"https:\/\/x.com\/Tocsin_Media\/status\/1865066772363178087\" target=\"_blank\">avait d\u00e9clar\u00e9 \u00e0 nos confr\u00e8res de Tocsin<\/a> \u00a0: <em><span class=\"css-1jxf684 r-bcqeeo r-1ttztb7 r-qvutc0 r-poiln3\">\u00ab En une seule journ\u00e9e, on a vu ce qu&rsquo;est l&rsquo;horreur de l&rsquo;<\/span><\/em><a target=\"_blank\" class=\"css-1jxf684 r-bcqeeo r-1ttztb7 r-qvutc0 r-poiln3 r-1loqt21\" href=\"https:\/\/x.com\/hashtag\/UE?src=hashtag_click\" dir=\"ltr\"><em><span class=\"r-18u37iz\">#UE<\/span><\/em><\/a><em><span class=\"css-1jxf684 r-bcqeeo r-1ttztb7 r-qvutc0 r-poiln3\"> : UN COUP D&rsquo;\u00c9TAT sur <\/span><\/em><a target=\"_blank\" class=\"css-1jxf684 r-bcqeeo r-1ttztb7 r-qvutc0 r-poiln3 r-1loqt21\" href=\"https:\/\/x.com\/hashtag\/Pfizer?src=hashtag_click\" dir=\"ltr\"><em><span class=\"r-18u37iz\">#Pfizer<\/span><\/em><\/a><em><span class=\"css-1jxf684 r-bcqeeo r-1ttztb7 r-qvutc0 r-poiln3\"> : l&rsquo;audition a \u00e9t\u00e9 report\u00e9e,\u00a0<\/span><\/em><br \/><em><span class=\"css-1jxf684 r-bcqeeo r-1ttztb7 r-qvutc0 r-poiln3\">UN COUP D&rsquo;\u00c9TAT en <\/span><\/em><a target=\"_blank\" class=\"css-1jxf684 r-bcqeeo r-1ttztb7 r-qvutc0 r-poiln3 r-1loqt21\" href=\"https:\/\/x.com\/hashtag\/Roumanie?src=hashtag_click\" dir=\"ltr\"><em><span class=\"r-18u37iz\">#Roumanie<\/span><\/em><\/a><em><span class=\"css-1jxf684 r-bcqeeo r-1ttztb7 r-qvutc0 r-poiln3\"> : L&rsquo;\u00e9lection a \u00e9t\u00e9 annul\u00e9e, UN COUP D&rsquo;\u00c9TAT sur l&rsquo;Agriculture : Ursula Von der Leyen vient de signer le <\/span><\/em><a target=\"_blank\" class=\"css-1jxf684 r-bcqeeo r-1ttztb7 r-qvutc0 r-poiln3 r-1loqt21\" href=\"https:\/\/x.com\/hashtag\/Mercosur?src=hashtag_click\" dir=\"ltr\"><em><span class=\"r-18u37iz\">#Mercosur<\/span><\/em><\/a><em><span class=\"css-1jxf684 r-bcqeeo r-1ttztb7 r-qvutc0 r-poiln3\">\u00ab\u00a0, La seule solution, c&rsquo;est de sortir de l&rsquo;<\/span><\/em><a target=\"_blank\" class=\"css-1jxf684 r-bcqeeo r-1ttztb7 r-qvutc0 r-poiln3 r-1loqt21\" href=\"https:\/\/x.com\/hashtag\/UE?src=hashtag_click\" dir=\"ltr\"><em><span class=\"r-18u37iz\">#UE<\/span><\/em><\/a><em><span class=\"css-1jxf684 r-bcqeeo r-1ttztb7 r-qvutc0 r-poiln3\"> ! \u00bb<\/span><\/em><\/p>\n<p>Rob Roos, ancien d\u00e9put\u00e9 europ\u00e9enn et partie civile au c\u00f4t\u00e9 de Baldan <a target=\"_blank\" href=\"https:\/\/x.com\/Rob_Roos\/status\/1865528679763177745\">a aussi fait une vid\u00e9o en r\u00e9action \u00e0 l&rsquo;audience<\/a>. Il avait fait une interrogation tr\u00e8s remarqu\u00e9e de Janine Small repr\u00e9sentant Albert Bourla et Pfizer lors de son audition devant la Comission europ\u00e9enne, en lui posant la question de savoir si Pfizer avait test\u00e9 la capacit\u00e9 antipand\u00e9mique de leur injection \u00e0 ARN messager. \u00a0\u00ab Non \u00bb, fut la r\u00e9ponse, entrainant imm\u00e9diatement un questionnement sur les raisons ayant men\u00e9 les gouvernements \u00e0 faire des campagnes de vaccination de masse s&rsquo;il savait que <strong>le produit n&rsquo;avait pas de propri\u00e9t\u00e9 antipand\u00e9mique. \u00ab <\/strong><em><span class=\"css-1jxf684 r-bcqeeo r-1ttztb7 r-qvutc0 r-poiln3\">Le proc\u00e8s contre Ursula <\/span><\/em><a target=\"_blank\" class=\"css-1jxf684 r-bcqeeo r-1ttztb7 r-qvutc0 r-poiln3 r-1loqt21\" href=\"https:\/\/x.com\/hashtag\/VonDerLeyen?src=hashtag_click\" dir=\"ltr\"><em><span class=\"r-18u37iz\">#VonDerLeyen<\/span><\/em><\/a><em><span class=\"css-1jxf684 r-bcqeeo r-1ttztb7 r-qvutc0 r-poiln3\"> concernant les SMS COVID-19 avec <\/span><\/em><a target=\"_blank\" class=\"css-1jxf684 r-bcqeeo r-1ttztb7 r-qvutc0 r-poiln3 r-1loqt21\" href=\"https:\/\/x.com\/hashtag\/Pfizer?src=hashtag_click\" dir=\"ltr\"><em><span class=\"r-18u37iz\">#Pfizer<\/span><\/em><\/a><em><span class=\"css-1jxf684 r-bcqeeo r-1ttztb7 r-qvutc0 r-poiln3\"> a d\u00e9but\u00e9 vendredi 6 d\u00e9cembre \u00e0 la chambre du conseil de Li\u00e8ge. L&rsquo;affaire a \u00e9t\u00e9 retard\u00e9e (probablement sabot\u00e9e) par le Parquet europ\u00e9en ( <\/span><\/em><a target=\"_blank\" class=\"css-1jxf684 r-bcqeeo r-1ttztb7 r-qvutc0 r-poiln3 r-1loqt21\" href=\"https:\/\/x.com\/hashtag\/EPPO?src=hashtag_click\" dir=\"ltr\"><em><span class=\"r-18u37iz\">#EPPO<\/span><\/em><\/a><em><span class=\"css-1jxf684 r-bcqeeo r-1ttztb7 r-qvutc0 r-poiln3\"> ), qui n&rsquo;a pas fait son travail. Voici l&rsquo;histoire compl\u00e8te. \u00bb\u00a0<\/span><\/em><\/p>\n<p><iframe style=\"left:0;position:absolute;top:0;\" width=\"100%\" height=\"100%\" frameborder=\"0\" allow=\"accelerometer; autoplay; encrypted-media; gyroscope; picture-in-picture\" allowfullscreen=\"true\" referrerpolicy=\"unsafe-url\" class=\"lazyload\" data-src=\"https:\/\/app.videas.fr\/embed\/media\/ac698408-fcdf-45b4-9b0b-ad5409bfd0e0\/\"><\/iframe><\/p>\n<p>\u00a0<\/p>\n<p>\u00a0<\/p>\n<p>La conf\u00e9rence a \u00e9t\u00e9 tr\u00e8s suivie sur les r\u00e9seaux sociaux, les utilisateurs exprimant leur soutien aux parties civiles ainsi qu\u2019aux m\u00e9dias pr\u00e9sents pour couvrir cet \u00e9v\u00e9nement.<\/p>\n<p>Il y a trois semaines, l&rsquo;affaire des SMS avait \u00e9t\u00e9 port\u00e9e par le New York Times devant la Cour de justice de l&rsquo;Union europ\u00e9enne pour d\u00e9faut de r\u00e9ponse \u00e0 leur requ\u00eate de transparence. <a target=\"_blank\" href=\"https:\/\/edition.francesoir.fr\/videos-les-debriefings-societe-justice\/smsgate-la-cjue-n-aucun-pouvoir-pour-saisir-les-sms-ou\" target=\"_blank\">La CJUE n&rsquo;a aucun pouvoir pour saisir les SMS ou contraindre la Commission \u00e0 produire les SMS entre von der Leyen et Bourla<\/a>. \u00a0Devant le fait qu&rsquo;Ursula von der Leyen et ses subordonn\u00e9s ont d\u00e9cid\u00e9 de mentir et de fuir tant la transparence que la justice, il parait d\u00e8s lors \u00e9vident que le p\u00e9nal reste la seule avenue juridique.\u00a0<\/p>\n<p>L\u2019affaire port\u00e9e par Fr\u00e9d\u00e9ric Baldan suscite donc de vraies questions en Europe, \u00e0 l\u2019instar du questionnement de M<sup>e<\/sup> PROTAT \u00ab\u00a0<em>l&rsquo;Europe sera-t-elle capable de r\u00e9pondre \u00e0 cet appel pour une gouvernance plus int\u00e8gre et transparente ?<\/em>\u00a0\u00bb On ne peut pas faire l\u2019autruche ad vitam aeternam.<\/p>\n<\/div>\n<p><script async src=\"\/\/platform.twitter.com\/widgets.js\" charset=\"utf-8\"><\/script><script>(function(d, s, id) {  var js, fjs = d.getElementsByTagName(s)[0];  if (d.getElementById(id)) return;  js = d.createElement(s); js.id = id;  js.src = \"\/\/connect.facebook.net\/fr_FR\/sdk.js#xfbml=1&version=v2.3\";  fjs.parentNode.insertBefore(js, fjs);}(document, \"script\", \"facebook-jssdk\"));<\/script><br \/>\n<br \/><br \/>\n<br \/><a href=\"https:\/\/www.francesoir.fr\/politique-monde-societe-justice\/ursulagates-en-plus-des-plaintes-visant-ursula-von-der-leyen\" target=\"_blank\"\">Source link <\/a><\/p>\n","protected":false},"excerpt":{"rendered":"<p>Malgr\u00e9 les nombreuses man\u0153uvres de l\u2019EPPO, l\u2019omerta de la plupart des m\u00e9dias, l\u2019\u00e9tau semble se resserrer autour Ursula von der Leyen gr\u00e2ce \u00e0 la plainte p\u00e9nale port\u00e9e initialement par Fr\u00e9d\u00e9ric&hellip; <\/p>\n","protected":false},"author":1,"featured_media":0,"comment_status":"open","ping_status":"open","sticky":false,"template":"","format":"standard","meta":{"footnotes":""},"categories":[1],"tags":[],"class_list":["post-1780","post","type-post","status-publish","format-standard","hentry","category-non-classe"],"_links":{"self":[{"href":"https:\/\/monde25.info\/index.php\/wp-json\/wp\/v2\/posts\/1780","targetHints":{"allow":["GET"]}}],"collection":[{"href":"https:\/\/monde25.info\/index.php\/wp-json\/wp\/v2\/posts"}],"about":[{"href":"https:\/\/monde25.info\/index.php\/wp-json\/wp\/v2\/types\/post"}],"author":[{"embeddable":true,"href":"https:\/\/monde25.info\/index.php\/wp-json\/wp\/v2\/users\/1"}],"replies":[{"embeddable":true,"href":"https:\/\/monde25.info\/index.php\/wp-json\/wp\/v2\/comments?post=1780"}],"version-history":[{"count":0,"href":"https:\/\/monde25.info\/index.php\/wp-json\/wp\/v2\/posts\/1780\/revisions"}],"wp:attachment":[{"href":"https:\/\/monde25.info\/index.php\/wp-json\/wp\/v2\/media?parent=1780"}],"wp:term":[{"taxonomy":"category","embeddable":true,"href":"https:\/\/monde25.info\/index.php\/wp-json\/wp\/v2\/categories?post=1780"},{"taxonomy":"post_tag","embeddable":true,"href":"https:\/\/monde25.info\/index.php\/wp-json\/wp\/v2\/tags?post=1780"}],"curies":[{"name":"wp","href":"https:\/\/api.w.org\/{rel}","templated":true}]}}