{"id":17809,"date":"2025-10-17T14:08:41","date_gmt":"2025-10-17T12:08:41","guid":{"rendered":"https:\/\/monde25.info\/index.php\/2025\/10\/17\/service-militaire-en-allemagne-la-coalition-sous-tension-apres-les-critiques-de-boris-pistorius-contre-une-proposition-de-tirage-au-sort\/"},"modified":"2025-10-17T14:08:41","modified_gmt":"2025-10-17T12:08:41","slug":"service-militaire-en-allemagne-la-coalition-sous-tension-apres-les-critiques-de-boris-pistorius-contre-une-proposition-de-tirage-au-sort","status":"publish","type":"post","link":"https:\/\/monde25.info\/index.php\/2025\/10\/17\/service-militaire-en-allemagne-la-coalition-sous-tension-apres-les-critiques-de-boris-pistorius-contre-une-proposition-de-tirage-au-sort\/","title":{"rendered":"Service militaire en Allemagne: La coalition sous tension apr\u00e8s les critiques de Boris Pistorius contre une proposition de tirage au sort \u00a0"},"content":{"rendered":"<p> <br \/>\n<\/p>\n<div>\n<p>La question s\u00e9curitaire provoque des crises au sein de la coalition du chancelier Friedrich Merz en Allemagne. Le projet de loi r\u00e9tablissant le service militaire cristallise les tensions et les partis au pouvoir peinent \u00e0 trouver un accord sur une question pr\u00e9cise\u00a0: que faire si un service national volontaire ne faisait pas suffisamment gonfler les troupes\u00a0?<span class=\"Apple-converted-space\">\u00a0<\/span><\/p>\n<p>En mars\u202f2025, l\u2019Allemagne a modifi\u00e9 les r\u00e8gles budg\u00e9taires \u00e9tablies depuis 2009 en levant partiellement le frein \u00e0 l\u2019endettement. Cette d\u00e9cision, adopt\u00e9e par la coalition dirig\u00e9e par Friedrich\u202fMerz, intervient apr\u00e8s plusieurs ann\u00e9es de croissance faible et de pression sur les finances publiques. Le changement permet d\u2019exclure du calcul de la dette une partie des d\u00e9penses militaires d\u00e9passant 1\u202f% du PIB et s\u2019accompagne de la cr\u00e9ation d\u2019un fonds sp\u00e9cial de 500\u202fmilliards d\u2019euros destin\u00e9 \u00e0 moderniser les infrastructures civiles et militaires sur douze\u202fans.\u00a0<span class=\"Apple-converted-space\">\u00a0<\/span><\/p>\n<p><strong>Pas de tirage au sort pour Pistorius<\/strong><\/p>\n<p>Ce r\u00e9ajustement budg\u00e9taire est li\u00e9 \u00e0 la hausse des exigences de d\u00e9fense au sein de l\u2019OTAN. Depuis le retour de Donald\u202fTrump \u00e0 la pr\u00e9sidence des \u00c9tats\u2011Unis, Washington demande une contribution europ\u00e9enne plus importante \u00e0 la s\u00e9curit\u00e9 collective, tout en r\u00e9duisant la garantie d\u2019un engagement militaire am\u00e9ricain automatique. En r\u00e9ponse, Berlin a annonc\u00e9 un objectif de d\u00e9penses de d\u00e9fense \u00e9quivalant \u00e0 3,5\u00a0% du PIB d&rsquo;ici\u00a02029, avec pour priorit\u00e9 l\u2019\u00e9quipement et la mont\u00e9e en capacit\u00e9 de la Bundeswehr.\u00a0<span class=\"Apple-converted-space\">\u00a0<\/span><\/p>\n<p>Parall\u00e8lement, le gouvernement allemand a officiellement ouvert la porte \u00e0 un retour du service militaire, d\u00e9battu depuis des ann\u00e9es et projet phare du ministre de la D\u00e9fense, Boris Pistorius. Suspendu en\u202f2011, il fait l\u2019objet de projets de r\u00e9forme afin d\u2019accro\u00eetre le nombre de recrues. Boris\u202fPistorius propose un mod\u00e8le sur base volontaire inspir\u00e9 des pays nordiques, destin\u00e9 \u00e0 r\u00e9pondre aux besoins de recrutement li\u00e9s \u00e0 l\u2019augmentation pr\u00e9vue des forces arm\u00e9es.<span class=\"Apple-converted-space\">\u00a0<\/span><\/p>\n<p>L\u2019objectif annonc\u00e9 est de passer de\u202f180\u202f000\u202f\u00e0\u202f260\u202f000 militaires d\u2019ici\u202f2030. \u00c0 partir de\u202f2026, les jeunes citoyens recevront un questionnaire sur leur disposition \u00e0 effectuer un service militaire\u202f; la participation \u00e0 ce questionnaire sera obligatoire pour les hommes et facultative pour les femmes.<span class=\"Apple-converted-space\">\u00a0<\/span><\/p>\n<p>Mais au cours des derni\u00e8res semaines, le d\u00e9bat s\u2019est enflamm\u00e9 autour de la possibilit\u00e9 que ce recrutement sur la base du volontariat ne suffise pas \u00e0 atteindre l\u2019objectif initialement fix\u00e9. Que faire alors\u00a0; rendre le service national obligatoire ou s\u2019inspirer des pays nordiques et adopter un tirage au sort.<span class=\"Apple-converted-space\">\u00a0<\/span><\/p>\n<p>Trois mois avant le retour de la conscription en Allemagne, la question n\u2019est pas tranch\u00e9e et provoque des tensions au sein de la coalition. Les conservateurs (CDU-CSU) se sont ouvertement montr\u00e9s ouverts \u00e0 un tirage au sort parmi les Allemands d\u00e9clar\u00e9s aptes selon leurs questionnaires. Mais la proposition est \u201cpourrie\u201d selon le ministre de la D\u00e9fense, qui a employ\u00e9 des termes bien forts.<\/p>\n<p><strong>La coalition \u00e0 couteaux tir\u00e9s<\/strong><\/p>\n<p>Boris Pistorius s\u2019est dit en d\u00e9saccord avec la coalition, y compris avec son propre parti, le SPD, estimant qu\u2019elle ne correspond pas \u00e0 une r\u00e9ponse adapt\u00e9e aux d\u00e9fis actuels. Pistorius a m\u00eame critiqu\u00e9 \u201cla rh\u00e9torique du pistolero\u201d des conservateurs \u00e0 propos de certaines mesures s\u00e9curitaires, notamment l\u2019abattage de drones au-dessus des zones sensibles comme les a\u00e9roports.<\/p>\n<p>Ses d\u00e9clarations ont pouss\u00e9 le gouvernement allemand \u00e0 temp\u00e9rer ces tensions, en se montrant rassurant quant \u00e0 sa d\u00e9termination de mener \u00e0 bien le projet de Friedrich Merz de faire de l\u2019Allemagne l\u2019arm\u00e9e conventionnelle la plus puissante d\u2019Europe. \u00ab\u00a0Je recommande \u00e0 tout le monde de r\u00e9duire un peu la dramaturgie, l\u2019Allemagne n\u2019est pas divis\u00e9e, affaiblie ou en incapacit\u00e9 d\u2019agir \u00e0 cause\u00a0\u00bb de ces tensions, a d\u00e9clar\u00e9 Stefan Kornelius.<\/p>\n<p>Mais les conservateurs ont tenu \u00e0 contre-attaquer. \u00ab\u00a0En trente ans de Bundestag, je n\u2019ai jamais vu un ministre torpiller de front une proc\u00e9dure l\u00e9gislative importante relevant de son propre domaine de responsabilit\u00e9\u00a0\u00bb, a d\u00e9clar\u00e9 Norbert R\u00f6ttgen, le vice-pr\u00e9sident des d\u00e9put\u00e9s conservateurs, au journal S\u00fcddeutsche Zeitung.<\/p>\n<p>Boris Pistorius s\u2019est ressaisi, affirmant que ses d\u00e9clarations \u00ab\u00a0\u00e9taient bien moins dramatiques que ce que l\u2019on dit\u00a0\u00bb.<span class=\"Apple-converted-space\">\u00a0<\/span><\/p>\n<p>La question du service militaire vient s\u2019ajouter \u00e0 plusieurs sources de tension au sein de la coalition allemande. Outre le d\u00e9saccord sur le tirage au sort, des d\u00e9bats houleux concernent la gestion des survols de drones suspects, avec l\u2019opposition entre Boris Pistorius et les conservateurs bavarois sur l\u2019implication de l\u2019arm\u00e9e dans leur abattage.<\/p>\n<\/div>\n<p><script>(function(d, s, id) {  var js, fjs = d.getElementsByTagName(s)[0];  if (d.getElementById(id)) return;  js = d.createElement(s); js.id = id;  js.src = \"\/\/connect.facebook.net\/fr_FR\/sdk.js#xfbml=1&version=v2.3\";  fjs.parentNode.insertBefore(js, fjs);}(document, \"script\", \"facebook-jssdk\"));<\/script><br \/>\n<br \/><br \/>\n<br \/><a href=\"https:\/\/www.francesoir.fr\/politique-monde\/service-militaire-en-allemagne-la-coalition-sous-tension-apres-les-critiques-de\" target=\"_blank\"\">Source link <\/a><\/p>\n","protected":false},"excerpt":{"rendered":"<p>La question s\u00e9curitaire provoque des crises au sein de la coalition du chancelier Friedrich Merz en Allemagne. Le projet de loi r\u00e9tablissant le service militaire cristallise les tensions et les&hellip; <\/p>\n","protected":false},"author":1,"featured_media":17810,"comment_status":"open","ping_status":"open","sticky":false,"template":"","format":"standard","meta":{"footnotes":""},"categories":[1],"tags":[],"class_list":["post-17809","post","type-post","status-publish","format-standard","has-post-thumbnail","hentry","category-non-classe"],"_links":{"self":[{"href":"https:\/\/monde25.info\/index.php\/wp-json\/wp\/v2\/posts\/17809","targetHints":{"allow":["GET"]}}],"collection":[{"href":"https:\/\/monde25.info\/index.php\/wp-json\/wp\/v2\/posts"}],"about":[{"href":"https:\/\/monde25.info\/index.php\/wp-json\/wp\/v2\/types\/post"}],"author":[{"embeddable":true,"href":"https:\/\/monde25.info\/index.php\/wp-json\/wp\/v2\/users\/1"}],"replies":[{"embeddable":true,"href":"https:\/\/monde25.info\/index.php\/wp-json\/wp\/v2\/comments?post=17809"}],"version-history":[{"count":0,"href":"https:\/\/monde25.info\/index.php\/wp-json\/wp\/v2\/posts\/17809\/revisions"}],"wp:featuredmedia":[{"embeddable":true,"href":"https:\/\/monde25.info\/index.php\/wp-json\/wp\/v2\/media\/17810"}],"wp:attachment":[{"href":"https:\/\/monde25.info\/index.php\/wp-json\/wp\/v2\/media?parent=17809"}],"wp:term":[{"taxonomy":"category","embeddable":true,"href":"https:\/\/monde25.info\/index.php\/wp-json\/wp\/v2\/categories?post=17809"},{"taxonomy":"post_tag","embeddable":true,"href":"https:\/\/monde25.info\/index.php\/wp-json\/wp\/v2\/tags?post=17809"}],"curies":[{"name":"wp","href":"https:\/\/api.w.org\/{rel}","templated":true}]}}