{"id":17821,"date":"2025-10-17T17:26:45","date_gmt":"2025-10-17T15:26:45","guid":{"rendered":"https:\/\/monde25.info\/index.php\/2025\/10\/17\/pionniers-panamericains-par-giancarlo-summa-le-monde-diplomatique-octobre-2025\/"},"modified":"2025-10-17T17:26:45","modified_gmt":"2025-10-17T15:26:45","slug":"pionniers-panamericains-par-giancarlo-summa-le-monde-diplomatique-octobre-2025","status":"publish","type":"post","link":"https:\/\/monde25.info\/index.php\/2025\/10\/17\/pionniers-panamericains-par-giancarlo-summa-le-monde-diplomatique-octobre-2025\/","title":{"rendered":"Pionniers panam\u00e9ricains, par Giancarlo Summa (Le Monde diplomatique, octobre 2025)"},"content":{"rendered":"<p> <br \/>\n<\/p>\n<div couleurfade=\"fde9e5\" couleurclaire=\"f5e7d5\" couleurpale=\"f3d0a4\" couleurmi=\"be2e0d\" couleurfoncee=\"8e220a\" couleursombre=\"2f0b03\" couleurfond=\"7b554c\" couleurtexte=\"ffffff\">\n<div class=\"enapercu\">\n<p><span class=\"mot-lettrine\"><span class=\"lettrine\">C\u2019<\/span>\u00e9tait<\/span> bien avant que la Maison de verre \u2014 la tour de trente-neuf \u00e9tages dessin\u00e9e par Le Corbusier et Oscar Niemeyer, si\u00e8ge de l\u2019Organisation des Nations unies (ONU) \u00e0 New York \u2014 devienne l\u2019embl\u00e8me de la diplomatie mondiale, dans un h\u00f4tel particulier de quatre \u00e9tages \u00e0 fa\u00e7ade de briques, construit au milieu du <span class=\"siecle\">XIX<sup>e<\/sup><\/span>\u00a0si\u00e8cle \u00e0 Washington pour \u00eatre la r\u00e9sidence de Richard Wallach, un ancien maire de la ville. L\u00e0, entre le 20\u00a0janvier et le 27\u00a0avril\u00a01890, les repr\u00e9sentants de dix-sept pays d\u2019Am\u00e9rique latine se r\u00e9unissent, \u00e0 l\u2019initiative du secr\u00e9taire d\u2019\u00c9tat am\u00e9ricain James G. Blaine, pour un marathon diplomatique qui sera plus tard d\u00e9sign\u00e9 comme la premi\u00e8re conf\u00e9rence panam\u00e9ricaine.<\/p>\n<p>Sur l\u2019une des rares photographies de l\u2019\u00e9poque, une quarantaine d\u2019hommes posent sur les marches de l\u2019entr\u00e9e du Wallach Mansion, le nom donn\u00e9 \u00e0 cette demeure\u00a0: ils sont tous blancs, barbus ou moustachus, certains en grand uniforme, la plupart en manteau \u00e0 col \u00e9troit, coiff\u00e9s d\u2019un haut-de-forme. Sans le savoir, ils s\u00e8ment les graines de ce que nous appelons aujourd\u2019hui le multilat\u00e9ralisme. Elles donneront le jour \u00e0 ses institutions les plus embl\u00e9matiques\u00a0: d\u2019abord la Soci\u00e9t\u00e9 des nations (SDN) en 1920, puis l\u2019ONU en 1945.<\/p>\n<p>En 1890, les \u00c9tats-Unis ne dominent pas encore le monde. Mais ils sont d\u00e9j\u00e0 la grande puissance continentale. En convoquant la conf\u00e9rence, leur ambition est claire\u00a0: fa\u00e7onner l\u2019\u00ab<small class=\"fine\">\u00a0<\/small>h\u00e9misph\u00e8re occidental<small class=\"fine\">\u00a0<\/small>\u00bb \u00e0 leur image. Ayant laiss\u00e9 derri\u00e8re eux les blessures de la guerre de S\u00e9cession (1861-1865), ils souhaitent asseoir leur h\u00e9g\u00e9monie sur l\u2019Am\u00e9rique latine et en cong\u00e9dier l\u2019Europe. Parmi leurs objectifs d\u00e9clar\u00e9s\u00a0: cr\u00e9er une union douani\u00e8re et mon\u00e9taire des Am\u00e9riques, une banque internationale am\u00e9ricaine, fonder un tribunal d\u2019arbitrage pour r\u00e9soudre les conflits entre les pays de la r\u00e9gion. Les cicatrices de la guerre d\u2019extermination que la Triple Alliance (Br\u00e9sil, Argentine et Uruguay) livra au Paraguay entre 1865 et 1870, et de celle du Pacifique (1879-1884), au cours de laquelle le Chili a priv\u00e9 la Bolivie de son acc\u00e8s \u00e0 la mer, n\u2019\u00e9taient pas\u00a0(&#8230;)<\/p>\n<\/p><\/div>\n<p>Taille de l\u2019article complet\u00a0:\u00a0<span>1\u00a0426<\/span>\u00a0mots.<\/p>\n<div class=\"promo_dispo_article\">\n<h2 class=\"avantbloc\">\n\tCet article est r\u00e9serv\u00e9 aux\u00a0abonn\u00e9s<\/p>\n<\/h2>\n<div class=\"abo_inst\">\n\t<strong>Lyc\u00e9es, biblioth\u00e8ques, administrations, entreprises,<\/strong><br \/>\n\tacc\u00e9dez \u00e0 la base de donn\u00e9es en ligne de tous les articles du <i>Monde diplomatique<\/i> de 1954 \u00e0 nos\u00a0jours.<br \/>\n\t<a target=\"_blank\" id=\"pw-institutions\" class=\"suivi\" href=\"https:\/\/www.monde-diplomatique.fr\/archives\/institutions\">Retrouvez cette\u00a0offre sp\u00e9cifique<\/a>.\n<\/div>\n<\/div><\/div>\n<p><br \/>\n<br \/><a href=\"https:\/\/www.monde-diplomatique.fr\/2025\/10\/SUMMA\/68813\" target=\"_blank\"\">Source link <\/a><\/p>\n","protected":false},"excerpt":{"rendered":"<p>C\u2019\u00e9tait bien avant que la Maison de verre \u2014 la tour de trente-neuf \u00e9tages dessin\u00e9e par Le Corbusier et Oscar Niemeyer, si\u00e8ge de l\u2019Organisation des Nations unies (ONU) \u00e0 New&hellip; <\/p>\n","protected":false},"author":1,"featured_media":17822,"comment_status":"open","ping_status":"open","sticky":false,"template":"","format":"standard","meta":{"footnotes":""},"categories":[1],"tags":[],"class_list":["post-17821","post","type-post","status-publish","format-standard","has-post-thumbnail","hentry","category-non-classe"],"_links":{"self":[{"href":"https:\/\/monde25.info\/index.php\/wp-json\/wp\/v2\/posts\/17821","targetHints":{"allow":["GET"]}}],"collection":[{"href":"https:\/\/monde25.info\/index.php\/wp-json\/wp\/v2\/posts"}],"about":[{"href":"https:\/\/monde25.info\/index.php\/wp-json\/wp\/v2\/types\/post"}],"author":[{"embeddable":true,"href":"https:\/\/monde25.info\/index.php\/wp-json\/wp\/v2\/users\/1"}],"replies":[{"embeddable":true,"href":"https:\/\/monde25.info\/index.php\/wp-json\/wp\/v2\/comments?post=17821"}],"version-history":[{"count":0,"href":"https:\/\/monde25.info\/index.php\/wp-json\/wp\/v2\/posts\/17821\/revisions"}],"wp:featuredmedia":[{"embeddable":true,"href":"https:\/\/monde25.info\/index.php\/wp-json\/wp\/v2\/media\/17822"}],"wp:attachment":[{"href":"https:\/\/monde25.info\/index.php\/wp-json\/wp\/v2\/media?parent=17821"}],"wp:term":[{"taxonomy":"category","embeddable":true,"href":"https:\/\/monde25.info\/index.php\/wp-json\/wp\/v2\/categories?post=17821"},{"taxonomy":"post_tag","embeddable":true,"href":"https:\/\/monde25.info\/index.php\/wp-json\/wp\/v2\/tags?post=17821"}],"curies":[{"name":"wp","href":"https:\/\/api.w.org\/{rel}","templated":true}]}}