{"id":17826,"date":"2025-10-17T19:05:34","date_gmt":"2025-10-17T17:05:34","guid":{"rendered":"https:\/\/monde25.info\/index.php\/2025\/10\/17\/la-geneve-internationale-dans-la-tourmente-par-alain-jourdan-le-monde-diplomatique-octobre-2025\/"},"modified":"2025-10-17T19:05:34","modified_gmt":"2025-10-17T17:05:34","slug":"la-geneve-internationale-dans-la-tourmente-par-alain-jourdan-le-monde-diplomatique-octobre-2025","status":"publish","type":"post","link":"https:\/\/monde25.info\/index.php\/2025\/10\/17\/la-geneve-internationale-dans-la-tourmente-par-alain-jourdan-le-monde-diplomatique-octobre-2025\/","title":{"rendered":"La \u00ab Gen\u00e8ve internationale \u00bb dans la tourmente, par Alain Jourdan (Le Monde diplomatique, octobre 2025)"},"content":{"rendered":"<p> <br \/>\n<\/p>\n<div couleurfade=\"fde9e5\" couleurclaire=\"f5e7d5\" couleurpale=\"f3d0a4\" couleurmi=\"be2e0d\" couleurfoncee=\"8e220a\" couleursombre=\"2f0b03\" couleurfond=\"7b554c\" couleurtexte=\"ffffff\">\n<div class=\"enapercu\">\n<p><span class=\"mot-lettrine\"><span class=\"lettrine\">L<\/span>e<\/span> 25\u00a0avril\u00a02025, une note interne sign\u00e9e par le chef de cabinet du secr\u00e9taire g\u00e9n\u00e9ral Ant\u00f3nio Guterres \u00e9branle l\u2019Organisation des Nations unies (ONU). Elle enjoint aux directions du secr\u00e9tariat g\u00e9n\u00e9ral d\u2019identifier, dans un d\u00e9lai de trois semaines, les fonctions pouvant \u00eatre supprim\u00e9es ou d\u00e9localis\u00e9es. Alors que les grands \u00c9tats accumulent les arri\u00e9r\u00e9s de paiement et r\u00e9duisent leur aide internationale, M.\u00a0Guterres a lanc\u00e9 le 12\u00a0mars l\u2019initiative \u00ab<small class=\"fine\">\u00a0<\/small>ONU80<small class=\"fine\">\u00a0<\/small>\u00bb. En r\u00e9f\u00e9rence au 80e anniversaire de l\u2019institution, elle vise \u00e0 en <i>\u00ab<small class=\"fine\">\u00a0<\/small>am\u00e9liorer l\u2019efficacit\u00e9 et la rentabilit\u00e9<small class=\"fine\">\u00a0<\/small>\u00bb<\/i> et en <i>\u00ab<small class=\"fine\">\u00a0<\/small>optimiser les ressources<small class=\"fine\">\u00a0<\/small>\u00bb<\/i>.<\/p>\n<p>La rigueur des d\u00e9lais et l\u2019absence de garanties sociales provoquent une onde de choc parmi les fonctionnaires internationaux et les employ\u00e9s locaux, en particulier \u00e0 Gen\u00e8ve, qui abrite quarante-trois agences et programmes de l\u2019ONU. Les r\u00e9actions ne se font pas attendre\u00a0: r\u00e9unions internes annul\u00e9es, mobilisation spontan\u00e9e, p\u00e9titions, et surtout une ambiance qualifi\u00e9e de \u00ab<small class=\"fine\">\u00a0<\/small>mortif\u00e8re<small class=\"fine\">\u00a0<\/small>\u00bb dans des institutions-phares comme l\u2019Organisation mondiale de la sant\u00e9 (OMS) ou le Haut-Commissariat des Nations unies pour les r\u00e9fugi\u00e9s (HCR). Le 1er\u00a0mai\u00a02025, pr\u00e8s de cinq cents fonctionnaires d\u00e9filent dans les rues<small class=\"fine\">\u00a0<\/small>; le 24\u00a0juillet, quelque six cents agents votent, \u00e0 l\u2019unanimit\u00e9, une motion de d\u00e9fiance historique contre M.\u00a0Guterres et son adjoint Guy Ryder, charg\u00e9 de ce dossier. Une premi\u00e8re depuis 2007. Les syndicats d\u00e9noncent une r\u00e9forme pr\u00e9cipit\u00e9e, opaque et in\u00e9quitable\u00a0: les postes subalternes sont sacrifi\u00e9s, tandis que les hauts responsables demeurent \u00e9pargn\u00e9s.<\/p>\n<p>Alors que, dans le m\u00eame temps, le Comit\u00e9 international de la Croix-Rouge (CICR) est lui aussi soumis \u00e0 une cure d\u2019aust\u00e9rit\u00e9 sans pr\u00e9c\u00e9dent \u2014\u00a04\u00a0000\u00a0emplois supprim\u00e9s, un budget promis \u00e0 une contraction de 17<small class=\"fine\">\u00a0<\/small>% d\u2019ici \u00e0 2026\u00a0\u2014, tout un \u00e9cosyst\u00e8me, longtemps consid\u00e9r\u00e9 comme immuable, se fissure. Pour Gen\u00e8ve et la Suisse, l\u2019enjeu d\u00e9passe le symbole\u00a0: 30\u00a0000\u00a0emplois d\u00e9pendent directement de la pr\u00e9sence internationale, dont ceux de 22\u00a0700\u00a0fonctionnaires, parmi lesquels 2\u00a0200 b\u00e9n\u00e9ficient\u00a0(&#8230;)<\/p>\n<\/p><\/div>\n<p>Taille de l\u2019article complet\u00a0:\u00a0<span>1\u00a0107<\/span>\u00a0mots.<\/p>\n<div class=\"promo_dispo_article\">\n<h2 class=\"avantbloc\">\n\tCet article est r\u00e9serv\u00e9 aux\u00a0abonn\u00e9s<\/p>\n<\/h2>\n<div class=\"abo_inst\">\n\t<strong>Lyc\u00e9es, biblioth\u00e8ques, administrations, entreprises,<\/strong><br \/>\n\tacc\u00e9dez \u00e0 la base de donn\u00e9es en ligne de tous les articles du <i>Monde diplomatique<\/i> de 1954 \u00e0 nos\u00a0jours.<br \/>\n\t<a target=\"_blank\" id=\"pw-institutions\" class=\"suivi\" href=\"https:\/\/www.monde-diplomatique.fr\/archives\/institutions\">Retrouvez cette\u00a0offre sp\u00e9cifique<\/a>.\n<\/div>\n<\/div><\/div>\n<p><br \/>\n<br \/><a href=\"https:\/\/www.monde-diplomatique.fr\/2025\/10\/JOURDAN\/68814\" target=\"_blank\"\">Source link <\/a><\/p>\n","protected":false},"excerpt":{"rendered":"<p>Le 25\u00a0avril\u00a02025, une note interne sign\u00e9e par le chef de cabinet du secr\u00e9taire g\u00e9n\u00e9ral Ant\u00f3nio Guterres \u00e9branle l\u2019Organisation des Nations unies (ONU). Elle enjoint aux directions du secr\u00e9tariat g\u00e9n\u00e9ral d\u2019identifier,&hellip; <\/p>\n","protected":false},"author":1,"featured_media":17827,"comment_status":"open","ping_status":"open","sticky":false,"template":"","format":"standard","meta":{"footnotes":""},"categories":[1],"tags":[],"class_list":["post-17826","post","type-post","status-publish","format-standard","has-post-thumbnail","hentry","category-non-classe"],"_links":{"self":[{"href":"https:\/\/monde25.info\/index.php\/wp-json\/wp\/v2\/posts\/17826","targetHints":{"allow":["GET"]}}],"collection":[{"href":"https:\/\/monde25.info\/index.php\/wp-json\/wp\/v2\/posts"}],"about":[{"href":"https:\/\/monde25.info\/index.php\/wp-json\/wp\/v2\/types\/post"}],"author":[{"embeddable":true,"href":"https:\/\/monde25.info\/index.php\/wp-json\/wp\/v2\/users\/1"}],"replies":[{"embeddable":true,"href":"https:\/\/monde25.info\/index.php\/wp-json\/wp\/v2\/comments?post=17826"}],"version-history":[{"count":0,"href":"https:\/\/monde25.info\/index.php\/wp-json\/wp\/v2\/posts\/17826\/revisions"}],"wp:featuredmedia":[{"embeddable":true,"href":"https:\/\/monde25.info\/index.php\/wp-json\/wp\/v2\/media\/17827"}],"wp:attachment":[{"href":"https:\/\/monde25.info\/index.php\/wp-json\/wp\/v2\/media?parent=17826"}],"wp:term":[{"taxonomy":"category","embeddable":true,"href":"https:\/\/monde25.info\/index.php\/wp-json\/wp\/v2\/categories?post=17826"},{"taxonomy":"post_tag","embeddable":true,"href":"https:\/\/monde25.info\/index.php\/wp-json\/wp\/v2\/tags?post=17826"}],"curies":[{"name":"wp","href":"https:\/\/api.w.org\/{rel}","templated":true}]}}