{"id":17828,"date":"2025-10-17T19:38:37","date_gmt":"2025-10-17T17:38:37","guid":{"rendered":"https:\/\/monde25.info\/index.php\/2025\/10\/17\/163-000-euros-pour-un-jet-de-peinture-matignon-veut-faire-payer-deux-ecologistes\/"},"modified":"2025-10-17T19:38:37","modified_gmt":"2025-10-17T17:38:37","slug":"163-000-euros-pour-un-jet-de-peinture-matignon-veut-faire-payer-deux-ecologistes","status":"publish","type":"post","link":"https:\/\/monde25.info\/index.php\/2025\/10\/17\/163-000-euros-pour-un-jet-de-peinture-matignon-veut-faire-payer-deux-ecologistes\/","title":{"rendered":"163 000 euros pour un jet de peinture\u00a0: Matignon veut faire payer deux \u00e9cologistes"},"content":{"rendered":"<p> <br \/>\n<br \/><img loading=\"lazy\" decoding=\"async\" src=\"https:\/\/reporterre.net\/local\/cache-vignettes\/L700xH467\/arton27308-3-c7c8d.jpg?1760717701\" class=\"spip_logo\" width=\"700\" height=\"467\" alt=\"\" \/><\/p>\n<p>163\u00a0654 euros\u00a0: c&rsquo;est le montant r\u00e9clam\u00e9 par Matignon aux militantes \u00e9cologistes de Derni\u00e8re R\u00e9novation pour indemniser les d\u00e9g\u00e2ts caus\u00e9s par une action non violente qui a eu lieu en novembre 2023. Des militantes avaient alors asperg\u00e9 le portail de l&rsquo;h\u00f4tel avec de la peinture orange \u00e0 l&rsquo;eau. Deux d&rsquo;entre elles, Rachel et Manon, ont \u00e9t\u00e9 condamn\u00e9es \u00e0 6 et 8\u00a0mois de prison ferme pour ces faits. Ces jeunes femmes sont aujourd&rsquo;hui menac\u00e9es de devoir rembourser 163\u00a0654,85 euros de dommages et\u00a0(\u2026)<\/p>\n<p>                    <a target=\"_blank\" href=\"https:\/\/reporterre.net\/163-000-euros-pour-un-jet-de-peinture-Matignon-veut-faire-payer-deux-ecologistes?utm_source=RSS&amp;utm_medium=RSS\">Lire la suite<\/a><\/p>\n<p>                    &#8211;<br \/>\n                        <a target=\"_blank\" href=\"https:\/\/reporterre.net\/Breves-20\" rel=\"directory\">En bref<\/a><\/p>\n<p>                    \/<br \/>\n                        <a target=\"_blank\" href=\"https:\/\/reporterre.net\/Luttes\" rel=\"tag\">Luttes<\/a><br \/>\n<br \/><br \/>\n<br \/><a href=\"https:\/\/reporterre.net\/163-000-euros-pour-un-jet-de-peinture-Matignon-veut-faire-payer-deux-ecologistes\" target=\"_blank\"\">Source link <\/a><\/p>\n","protected":false},"excerpt":{"rendered":"<p>163\u00a0654 euros\u00a0: c&rsquo;est le montant r\u00e9clam\u00e9 par Matignon aux militantes \u00e9cologistes de Derni\u00e8re R\u00e9novation pour indemniser les d\u00e9g\u00e2ts caus\u00e9s par une action non violente qui a eu lieu en novembre&hellip; <\/p>\n","protected":false},"author":1,"featured_media":0,"comment_status":"open","ping_status":"open","sticky":false,"template":"","format":"standard","meta":{"footnotes":""},"categories":[1],"tags":[],"class_list":["post-17828","post","type-post","status-publish","format-standard","hentry","category-non-classe"],"_links":{"self":[{"href":"https:\/\/monde25.info\/index.php\/wp-json\/wp\/v2\/posts\/17828","targetHints":{"allow":["GET"]}}],"collection":[{"href":"https:\/\/monde25.info\/index.php\/wp-json\/wp\/v2\/posts"}],"about":[{"href":"https:\/\/monde25.info\/index.php\/wp-json\/wp\/v2\/types\/post"}],"author":[{"embeddable":true,"href":"https:\/\/monde25.info\/index.php\/wp-json\/wp\/v2\/users\/1"}],"replies":[{"embeddable":true,"href":"https:\/\/monde25.info\/index.php\/wp-json\/wp\/v2\/comments?post=17828"}],"version-history":[{"count":0,"href":"https:\/\/monde25.info\/index.php\/wp-json\/wp\/v2\/posts\/17828\/revisions"}],"wp:attachment":[{"href":"https:\/\/monde25.info\/index.php\/wp-json\/wp\/v2\/media?parent=17828"}],"wp:term":[{"taxonomy":"category","embeddable":true,"href":"https:\/\/monde25.info\/index.php\/wp-json\/wp\/v2\/categories?post=17828"},{"taxonomy":"post_tag","embeddable":true,"href":"https:\/\/monde25.info\/index.php\/wp-json\/wp\/v2\/tags?post=17828"}],"curies":[{"name":"wp","href":"https:\/\/api.w.org\/{rel}","templated":true}]}}