{"id":17829,"date":"2025-10-17T20:11:37","date_gmt":"2025-10-17T18:11:37","guid":{"rendered":"https:\/\/monde25.info\/index.php\/2025\/10\/17\/la-non-existence-disrael-est-une-idee-dont-lheure-est-venue\/"},"modified":"2025-10-17T20:11:37","modified_gmt":"2025-10-17T18:11:37","slug":"la-non-existence-disrael-est-une-idee-dont-lheure-est-venue","status":"publish","type":"post","link":"https:\/\/monde25.info\/index.php\/2025\/10\/17\/la-non-existence-disrael-est-une-idee-dont-lheure-est-venue\/","title":{"rendered":"La non-existence d\u2019Isra\u00ebl est une id\u00e9e dont l\u2019heure est venue"},"content":{"rendered":"<p> <br \/>\n<\/p>\n<div>\n<ol class=\"campaign-loop campaign-list\">\n<li id=\"campaign-482494\" class=\"post-482494 campaign type-campaign status-publish hentry campaign-has-goal campaign-has-not-achieved-goal campaign-has-end-date campaign-has-not-ended\">\n\t<a target=\"_blank\" href=\"https:\/\/reseauinternational.net\/campaigns\/campagne-de-dons-septembre-octobre-2025\/\"><\/p>\n<h3>Campagne de dons Octobre 2025<\/h3>\n<p>\t\t\t<\/a><\/p>\n<p>\n\tAppel aux dons \u2013 Votre soutien nous est indispensable pour continuer \u00e0 vous fournir le meilleur de l\u2019information internationale alternative. C\u2019est gr\u00e2ce \u00e0 vos dons que nous pourrons maintenir le cap pour une information plurielle et r\u00e9ellement alternative. Nous comptons sur vous.<\/p>\n<p>\n<span class=\"amount\">11 500,87\u00a0\u20ac<\/span> de l\u2019objectif de <span class=\"goal-amount\">25 000,00\u00a0\u20ac<\/span> atteint<\/p>\n<\/li>\n<\/ol>\n<p>par <strong>John Wight<\/strong><\/p>\n<p>Les \u00c9tats apparaissent et disparaissent dans un cycle sans fin qui marque l\u2019histoire humaine depuis la naissance de l\u2019\u00c9tat-nation moderne avec la <a target=\"_blank\" href=\"https:\/\/www.britannica.com\/event\/Peace-of-Westphalia\">paix de Westphalie en 1648<\/a>. Depuis lors, d\u2019innombrables \u00c9tats qui se croyaient permanents et \u00e9ternels se sont effondr\u00e9s en raison des contradictions engendr\u00e9es par leur existence m\u00eame.<\/p>\n<p>Rien qu\u2019\u00e0 l\u2019\u00e9poque moderne, le monde a assist\u00e9 \u00e0 la disparition d\u2019une multitude d\u2019\u00c9tats, parmi lesquels l\u2019Union sovi\u00e9tique, la Tch\u00e9coslovaquie, la Yougoslavie et l\u2019\u00c9tat d\u2019apartheid d\u2019Afrique du Sud. Et ce que tous ces \u00c9tats ont en commun, c\u2019est que leur disparition s\u2019est faite sans g\u00e9nocide de tout un peuple.<\/p>\n<p>Ainsi, l\u2019id\u00e9e selon laquelle les \u00c9tats sont des entit\u00e9s immuables et permanentes, et qu\u2019ils ne peuvent \u00eatre dissous pacifiquement, est manifestement fausse. Ce qui est immuable \u2013 ou du moins ce qui devrait l\u2019\u00eatre \u2013 ce n\u2019est pas l\u2019existence d\u2019un \u00c9tat donn\u00e9, mais celle d\u2019un peuple donn\u00e9. Ce qui nous am\u00e8ne, \u00e0 notre \u00e9poque, \u00e0 l\u2019\u00c9tat d\u2019Isra\u00ebl.<\/p>\n<p>La brutalit\u00e9 et la sauvagerie inflig\u00e9es aux Palestiniens sont d\u00e9sormais si profondes et si vastes que m\u00eame une solution \u00e0 un seul \u00c9tat est impossible \u00e0 r\u00e9aliser, sans parler de la solution \u00e0 deux \u00c9tats qui est envisag\u00e9e depuis les accords d\u2019Oslo de 1993.<\/p>\n<p>Au contraire, la seule fa\u00e7on de mettre fin \u00e0 cette trag\u00e9die est d\u00e9sormais la dissolution compl\u00e8te et pacifique d\u2019Isra\u00ebl, le d\u00e9mant\u00e8lement de ses institutions de l\u2019\u00c9tat et la restitution de toutes les terres au peuple palestinien indig\u00e8ne. Dans ces circonstances, les citoyens isra\u00e9liens poss\u00e9dant un deuxi\u00e8me passeport auraient la possibilit\u00e9 de retourner dans leur pays d\u2019origine, tandis que ceux qui n\u2019en poss\u00e8dent pas pourraient \u00eatre accueillis par les pays occidentaux selon un syst\u00e8me de quotas.<\/p>\n<p>Ce raisonnement repose sur le constat que la grande majorit\u00e9 des Isra\u00e9liens, habitu\u00e9s \u00e0 \u00eatre les b\u00e9n\u00e9ficiaires suppos\u00e9s d\u2019un statu quo d\u2019apartheid supr\u00e9maciste, n\u2019auraient aucune envie de vivre dans un \u00c9tat unitaire fond\u00e9 sur l\u2019\u00e9galit\u00e9 des droits civils, sociaux et \u00e9conomiques avec une population palestinienne qu\u2019ils ont \u00e9t\u00e9 conditionn\u00e9s \u00e0 consid\u00e9rer comme inf\u00e9rieure en termes de caste et de caract\u00e8re.<\/p>\n<p>Bien s\u00fbr, les Palestiniens seraient \u00e0 juste titre les arbitres finaux des contours politiques et civils d\u2019un tel nouvel \u00c9tat palestinien, qui serait d\u00e9fini et d\u00e9velopp\u00e9 en collaboration avec les acteurs r\u00e9gionaux, l\u2019ensemble du Sud mondial et l\u2019ONU. Washington et ses satellites europ\u00e9ens ne devraient avoir aucune influence dans ce processus, compte tenu de leur complicit\u00e9 dans la barbarie inflig\u00e9e aux Palestiniens depuis la cr\u00e9ation d\u2019Isra\u00ebl sur la base d\u2019un programme de terrorisme de masse en 1948.<\/p>\n<p>En d\u2019autres termes, nous parlons d\u2019un renversement complet de la Nakba de 1948, impliquant le retour de tous les r\u00e9fugi\u00e9s palestiniens dans les maisons qui leur ont \u00e9t\u00e9 confisqu\u00e9es par les colons europ\u00e9ens blancs au nom du sionisme, qui, en tant qu\u2019id\u00e9ologie, est un sous-ensemble de la supr\u00e9matie blanche, une doctrine supr\u00e9maciste fond\u00e9e sur l\u2019oppression structurelle d\u2019un autre peuple au nom du principe \u00abla force fait le droit\u00bb. Ici, nous devons comprendre que la supr\u00e9matie blanche est plus qu\u2019une simple construction raciale, c\u2019est aussi une construction id\u00e9ologique.<\/p>\n<p>Cette \u00e9volution vers un renversement et une r\u00e9paration ne se produira clairement pas de sit\u00f4t. Mais compte tenu de l\u2019ampleur de la brutalit\u00e9 actuellement en cours et du fait qu\u2019elle ne fera qu\u2019inculquer la haine et la peur des deux c\u00f4t\u00e9s \u00e0 des niveaux sans pr\u00e9c\u00e9dent, c\u2019est la trajectoire sur laquelle nous nous trouvons actuellement.<\/p>\n<p>Isra\u00ebl est un \u00c9tat qui d\u00e9pend de l\u2019aide occidentale depuis sa cr\u00e9ation en 1948 sur des terres palestiniennes ethniquement nettoy\u00e9es. Il n\u2019a jamais joui d\u2019une ind\u00e9pendance \u00e9conomique ou politique totale au cours de son histoire. D\u2019abord les Britanniques \u2013 comme mentionn\u00e9, les auteurs originaux de ce crime colonialiste avec l\u2019adoption de la d\u00e9claration Balfour en 1917 \u2013 puis les Am\u00e9ricains ont \u00e9t\u00e9 ses ma\u00eetres imp\u00e9riaux. Sans le soutien \u00e9conomique, g\u00e9opolitique, militaire et diplomatique fourni en particulier par Washington, l\u2019existence de ce qui s\u2019apparente \u00e0 une exp\u00e9rience rat\u00e9e de supr\u00e9matie ethnique se serait av\u00e9r\u00e9e insoutenable.<\/p>\n<p>La triste ironie pour les citoyens juifs d\u2019Isra\u00ebl est qu\u2019un \u00c9tat fond\u00e9 sur le principe qu\u2019il leur offrirait un refuge s\u00fbr s\u2019est av\u00e9r\u00e9 \u00eatre tout sauf cela. En effet, il n\u2019y a pas et n\u2019y a jamais eu d\u2019endroit plus dangereux pour les juifs que l\u2019\u00c9tat d\u2019Isra\u00ebl, \u00e9tant donn\u00e9 que son existence repose sur la n\u00e9gation du peuple indig\u00e8ne qu\u2019il a d\u00e9poss\u00e9d\u00e9 et qui refuse obstin\u00e9ment de dispara\u00eetre dans la nuit de l\u2019histoire.<\/p>\n<h5 class=\"wp-block-heading\"><strong>Gaza aujourd\u2019hui<\/strong><\/h5>\n<p>L\u2019espoir r\u00e9side dans le fait que la violence et les massacres sans pr\u00e9c\u00e9dent inflig\u00e9s aux Palestiniens de Gaza et de Cisjordanie ont suscit\u00e9 un soutien sans pr\u00e9c\u00e9dent pour le peuple palestinien dans le monde entier. Les manifestations massives de solidarit\u00e9 avec la Palestine ont eu lieu malgr\u00e9 l\u2019opposition d\u2019une classe politique et m\u00e9diatique internationale qui n\u2019a jamais \u00e9t\u00e9 aussi discr\u00e9dit\u00e9e et d\u00e9nigr\u00e9e sur aucune autre question que celle d\u2019Isra\u00ebl\/Palestine. Cela marque en soi un tournant majeur dans les affaires humaines.<\/p>\n<p>Les r\u00e9gimes occidentaux, en particulier celui bas\u00e9 \u00e0 Washington, seront t\u00f4t ou tard contraints de prendre conscience du fait qu\u2019\u00e0 l\u2019\u00e8re du capitalisme avanc\u00e9 et du d\u00e9clin de l\u2019h\u00e9g\u00e9monie occidentale, Isra\u00ebl est un handicap strat\u00e9gique plut\u00f4t qu\u2019un atout strat\u00e9gique. Malgr\u00e9 les milliards de dollars vers\u00e9s \u00e0 Tel-Aviv, malgr\u00e9 le soutien militaire sans faille et malgr\u00e9 les efforts d\u00e9ploy\u00e9s par le lobby isra\u00e9lien pour influencer le discours, les d\u00e9s sont jet\u00e9s \u00e0 cet \u00e9gard.<\/p>\n<p>En fin de compte, tant que le drapeau palestinien ne flottera pas sur J\u00e9rusalem, Ha\u00effa, Tel-Aviv, Jaffa \u2013 sur chaque partie de la Palestine mandataire -, la barbarie de l\u2019occupation, la violence des colons et les punitions collectives se poursuivront.<\/p>\n<p>La racine de la crise ne r\u00e9side pas dans les actions d\u2019Isra\u00ebl, mais dans l\u2019existence m\u00eame d\u2019Isra\u00ebl. Comme nous l\u2019avons dit, il s\u2019agit d\u2019une exp\u00e9rience rat\u00e9e d\u2019ethno-supr\u00e9matie et de colonialisme de peuplement, qui doit prendre fin dans l\u2019int\u00e9r\u00eat du peuple palestinien qui souffre depuis longtemps, de la r\u00e9gion et, par extension, du monde entier.<\/p>\n<p>S\u2019il y a une justice dans ce monde, dans cinquante ans, les gens verront Isra\u00ebl de la m\u00eame mani\u00e8re que nous voyons aujourd\u2019hui la Conf\u00e9d\u00e9ration am\u00e9ricaine, la Rhod\u00e9sie blanche et l\u2019Afrique du Sud de l\u2019apartheid \u2013 c\u2019est-\u00e0-dire disparu, inexistant, rel\u00e9gu\u00e9 aux oubliettes de l\u2019histoire.<\/p>\n<p>Fin.<\/p>\n<p>source : <a target=\"_blank\" href=\"https:\/\/medium.com\/@johnwight1\/israels-non-existence-is-an-idea-whose-time-has-come-c1dd29c75ade\">Medium<\/a><\/p>\n<p>propos\u00e9 par <a target=\"_blank\" href=\"https:\/\/reseauinternational.net\/author\/MendelssohnMoses\/\">Mendelssohn Moses<\/a><\/p>\n<div class=\"sharedaddy sd-block sd-like jetpack-likes-widget-wrapper jetpack-likes-widget-unloaded\" id=\"like-post-wrapper-237719536-489098-68f27fa75afd9\" data-src=\"https:\/\/widgets.wp.com\/likes\/?ver=15.0.2#blog_id=237719536&amp;post_id=489098&amp;origin=reseauinternational.net&amp;obj_id=237719536-489098-68f27fa75afd9\" data-name=\"like-post-frame-237719536-489098-68f27fa75afd9\" data-title=\"Aimer ou rebloguer\">\n<h3 class=\"sd-title\">J\u2019aime \u00e7a\u00a0:<\/h3>\n<p><span class=\"button\"><span>J\u2019aime<\/span><\/span> <span class=\"loading\">chargement\u2026<\/span><\/p>\n<p><span class=\"sd-text-color\"\/><a target=\"_blank\" class=\"sd-link-color\"\/><\/div>\n<p><meta itemscope=\"\" itemprop=\"mainEntityOfPage\" itemtype=\"https:\/\/schema.org\/WebPage\" itemid=\"https:\/\/reseauinternational.net\/la-non-existence-disrael-est-une-idee-dont-lheure-est-venue\/\"\/><meta itemprop=\"headline\" content=\"La non-existence d\u2019Isra\u00ebl est une id\u00e9e dont l\u2019heure est venue\"\/><span style=\"display: none;\" itemprop=\"author\" itemscope=\"\" itemtype=\"https:\/\/schema.org\/Person\"><meta itemprop=\"name\" content=\"R\u00e9seau International\"\/><\/span><span style=\"display: none;\" itemprop=\"image\" itemscope=\"\" itemtype=\"https:\/\/schema.org\/ImageObject\"><meta itemprop=\"url\" content=\"https:\/\/i0.wp.com\/reseauinternational.net\/wp-content\/uploads\/2025\/10\/IMAGE-2025-10-17-173250.jpg?fit=800%2C467&amp;quality=100&amp;ssl=1\"\/><meta itemprop=\"width\" content=\"800\"\/><meta itemprop=\"height\" content=\"467\"\/><\/span><span style=\"display: none;\" itemprop=\"publisher\" itemscope=\"\" itemtype=\"https:\/\/schema.org\/Organization\"><span style=\"display: none;\" itemprop=\"logo\" itemscope=\"\" itemtype=\"https:\/\/schema.org\/ImageObject\"><meta itemprop=\"url\" content=\"https:\/\/reseauinternational.net\/wp-content\/uploads\/2022\/06\/Capture-de\u0301cran-2022-06-14-a\u0300-16.51.07.png\"\/><\/span><meta itemprop=\"name\" content=\"R\u00e9seau International\"\/><\/span><meta itemprop=\"datePublished\" content=\"2025-10-17T13:04:46+00:00\"\/><meta itemprop=\"dateModified\" content=\"2025-10-17T14:32:07+00:00\"\/><\/div>\n<p><br \/>\n<br \/><a href=\"https:\/\/reseauinternational.net\/la-non-existence-disrael-est-une-idee-dont-lheure-est-venue\/\" target=\"_blank\"\">Source link <\/a><\/p>\n","protected":false},"excerpt":{"rendered":"<p>Campagne de dons Octobre 2025 Appel aux dons \u2013 Votre soutien nous est indispensable pour continuer \u00e0 vous fournir le meilleur de l\u2019information internationale alternative. C\u2019est gr\u00e2ce \u00e0 vos dons&hellip; <\/p>\n","protected":false},"author":1,"featured_media":17830,"comment_status":"open","ping_status":"open","sticky":false,"template":"","format":"standard","meta":{"footnotes":""},"categories":[1],"tags":[],"class_list":["post-17829","post","type-post","status-publish","format-standard","has-post-thumbnail","hentry","category-non-classe"],"_links":{"self":[{"href":"https:\/\/monde25.info\/index.php\/wp-json\/wp\/v2\/posts\/17829","targetHints":{"allow":["GET"]}}],"collection":[{"href":"https:\/\/monde25.info\/index.php\/wp-json\/wp\/v2\/posts"}],"about":[{"href":"https:\/\/monde25.info\/index.php\/wp-json\/wp\/v2\/types\/post"}],"author":[{"embeddable":true,"href":"https:\/\/monde25.info\/index.php\/wp-json\/wp\/v2\/users\/1"}],"replies":[{"embeddable":true,"href":"https:\/\/monde25.info\/index.php\/wp-json\/wp\/v2\/comments?post=17829"}],"version-history":[{"count":0,"href":"https:\/\/monde25.info\/index.php\/wp-json\/wp\/v2\/posts\/17829\/revisions"}],"wp:featuredmedia":[{"embeddable":true,"href":"https:\/\/monde25.info\/index.php\/wp-json\/wp\/v2\/media\/17830"}],"wp:attachment":[{"href":"https:\/\/monde25.info\/index.php\/wp-json\/wp\/v2\/media?parent=17829"}],"wp:term":[{"taxonomy":"category","embeddable":true,"href":"https:\/\/monde25.info\/index.php\/wp-json\/wp\/v2\/categories?post=17829"},{"taxonomy":"post_tag","embeddable":true,"href":"https:\/\/monde25.info\/index.php\/wp-json\/wp\/v2\/tags?post=17829"}],"curies":[{"name":"wp","href":"https:\/\/api.w.org\/{rel}","templated":true}]}}