{"id":17837,"date":"2025-10-18T00:35:40","date_gmt":"2025-10-17T22:35:40","guid":{"rendered":"https:\/\/monde25.info\/index.php\/2025\/10\/18\/barrage-de-caussade-illegal-des-peines-maximales-requises-contre-les-agriculteurs\/"},"modified":"2025-10-18T00:35:40","modified_gmt":"2025-10-17T22:35:40","slug":"barrage-de-caussade-illegal-des-peines-maximales-requises-contre-les-agriculteurs","status":"publish","type":"post","link":"https:\/\/monde25.info\/index.php\/2025\/10\/18\/barrage-de-caussade-illegal-des-peines-maximales-requises-contre-les-agriculteurs\/","title":{"rendered":"Barrage de Caussade ill\u00e9gal\u00a0: des peines maximales requises contre les agriculteurs"},"content":{"rendered":"<p> <br \/>\n<br \/><img loading=\"lazy\" decoding=\"async\" src=\"https:\/\/reporterre.net\/local\/cache-vignettes\/L700xH467\/lac_de_caussade_-_vue_du_caussade_1_-9cf6b.jpg?1760713628\" class=\"spip_logo\" width=\"700\" height=\"467\" alt=\"\" \/><\/p>\n<p>Six mois de retenue de salaire\u00a0: telle est la peine requise \u00e0 l&rsquo;encontre de Serge Bousquet-Cassagne et Patrick Franken, deux anciens pr\u00e9sidents de la chambre d&rsquo;agriculture du Lot-et-Garonne, impliqu\u00e9s dans la construction ill\u00e9gale du barrage de Caussade. Cette r\u00e9quisition a \u00e9t\u00e9 prononc\u00e9e par la Cour des comptes, lors d&rsquo;une audience du 16\u00a0octobre. <br class=\"autobr\" \/><br \/>\nEn 2018-2019, ces deux anciens meneurs de la Coordination rurale se sont succ\u00e9d\u00e9 \u00e0 la pr\u00e9sidence de la chambre d&rsquo;agriculture du Lot-et-Garonne.\u00a0(\u2026)<\/p>\n<p>                    <a target=\"_blank\" href=\"https:\/\/reporterre.net\/Barrage-de-Caussade-illegal-des-peines-maximales-requises-contre-les-agriculteurs?utm_source=RSS&amp;utm_medium=RSS\">Lire la suite<\/a><\/p>\n<p>                    &#8211;<br \/>\n                        <a target=\"_blank\" href=\"https:\/\/reporterre.net\/Breves-20\" rel=\"directory\">En bref<\/a><\/p>\n<p>                    \/<br \/>\n                        <a target=\"_blank\" href=\"https:\/\/reporterre.net\/Justice\" rel=\"tag\">Justice<\/a><br \/>\n<br \/><br \/>\n<br \/><a href=\"https:\/\/reporterre.net\/Barrage-de-Caussade-illegal-des-peines-maximales-requises-contre-les-agriculteurs\" target=\"_blank\"\">Source link <\/a><\/p>\n","protected":false},"excerpt":{"rendered":"<p>Six mois de retenue de salaire\u00a0: telle est la peine requise \u00e0 l&rsquo;encontre de Serge Bousquet-Cassagne et Patrick Franken, deux anciens pr\u00e9sidents de la chambre d&rsquo;agriculture du Lot-et-Garonne, impliqu\u00e9s dans&hellip; <\/p>\n","protected":false},"author":1,"featured_media":0,"comment_status":"open","ping_status":"open","sticky":false,"template":"","format":"standard","meta":{"footnotes":""},"categories":[1],"tags":[],"class_list":["post-17837","post","type-post","status-publish","format-standard","hentry","category-non-classe"],"_links":{"self":[{"href":"https:\/\/monde25.info\/index.php\/wp-json\/wp\/v2\/posts\/17837","targetHints":{"allow":["GET"]}}],"collection":[{"href":"https:\/\/monde25.info\/index.php\/wp-json\/wp\/v2\/posts"}],"about":[{"href":"https:\/\/monde25.info\/index.php\/wp-json\/wp\/v2\/types\/post"}],"author":[{"embeddable":true,"href":"https:\/\/monde25.info\/index.php\/wp-json\/wp\/v2\/users\/1"}],"replies":[{"embeddable":true,"href":"https:\/\/monde25.info\/index.php\/wp-json\/wp\/v2\/comments?post=17837"}],"version-history":[{"count":0,"href":"https:\/\/monde25.info\/index.php\/wp-json\/wp\/v2\/posts\/17837\/revisions"}],"wp:attachment":[{"href":"https:\/\/monde25.info\/index.php\/wp-json\/wp\/v2\/media?parent=17837"}],"wp:term":[{"taxonomy":"category","embeddable":true,"href":"https:\/\/monde25.info\/index.php\/wp-json\/wp\/v2\/categories?post=17837"},{"taxonomy":"post_tag","embeddable":true,"href":"https:\/\/monde25.info\/index.php\/wp-json\/wp\/v2\/tags?post=17837"}],"curies":[{"name":"wp","href":"https:\/\/api.w.org\/{rel}","templated":true}]}}