{"id":17848,"date":"2025-10-18T05:32:47","date_gmt":"2025-10-18T03:32:47","guid":{"rendered":"https:\/\/monde25.info\/index.php\/2025\/10\/18\/souba-manoharane-brunel-lecolo-qui-veut-amener-les-femmes-a-la-table-des-decisions\/"},"modified":"2025-10-18T05:32:47","modified_gmt":"2025-10-18T03:32:47","slug":"souba-manoharane-brunel-lecolo-qui-veut-amener-les-femmes-a-la-table-des-decisions","status":"publish","type":"post","link":"https:\/\/monde25.info\/index.php\/2025\/10\/18\/souba-manoharane-brunel-lecolo-qui-veut-amener-les-femmes-a-la-table-des-decisions\/","title":{"rendered":"Souba Manoharane-Brunel, l&#039;\u00e9colo qui veut amener les femmes \u00e0 la table des d\u00e9cisions"},"content":{"rendered":"<p> <br \/>\n<br \/><img loading=\"lazy\" decoding=\"async\" src=\"https:\/\/reporterre.net\/local\/cache-vignettes\/L700xH467\/reporterre_2025-10-09_cha_gonzalez-8375-78474.jpg?1760710505\" class=\"spip_logo\" width=\"700\" height=\"467\" alt=\"\" \/><\/p>\n<p>Fille d&rsquo;immigr\u00e9s indiens, Souba Manoharane-Brunel a fond\u00e9 Les Impactrices pour que la justice sociale et l&rsquo;\u00e9galit\u00e9 des genres soient au centre de l&rsquo;\u00e9cologie. <br class=\"autobr\" \/><br \/>\nParis, reportage <br class=\"autobr\" \/><br \/>\nUn soleil doux d&rsquo;octobre glisse sur les vitres du bureau de Souba Manoharane-Brunel, \u00e0 deux pas de l&rsquo;H\u00f4tel de Ville de Paris. Dans quelques jours, samedi 18\u00a0octobre, son festival Le Printemps des Impactrices doit se tenir \u00e0 l&rsquo;Acad\u00e9mie du climat. Depuis cinq ans, ce rendez-vous explore la crise climatique \u00e0 travers\u00a0(\u2026)<\/p>\n<p>                    <a target=\"_blank\" href=\"https:\/\/reporterre.net\/Souba-Manoharane-Brunel-l-ecolo-qui-veut-amener-les-femmes-a-la-table-des-decisions?utm_source=RSS&amp;utm_medium=RSS\">Lire la suite<\/a><\/p>\n<p>                    &#8211;<br \/>\n                        <a target=\"_blank\" href=\"https:\/\/reporterre.net\/Portrait-158\" rel=\"directory\">Portrait<\/a><\/p>\n<p>                    \/<br \/>\n                        <a target=\"_blank\" href=\"https:\/\/reporterre.net\/Ecologie-et-quartiers-populaires\" rel=\"tag\">\u00c9cologies populaires<\/a><br \/>\n                    ,<br \/>\n                        <a target=\"_blank\" href=\"https:\/\/reporterre.net\/Feminisme\" rel=\"tag\">F\u00e9minisme<\/a><br \/>\n<br \/><br \/>\n<br \/><a href=\"https:\/\/reporterre.net\/Souba-Manoharane-Brunel-l-ecolo-qui-veut-amener-les-femmes-a-la-table-des-decisions\" target=\"_blank\"\">Source link <\/a><\/p>\n","protected":false},"excerpt":{"rendered":"<p>Fille d&rsquo;immigr\u00e9s indiens, Souba Manoharane-Brunel a fond\u00e9 Les Impactrices pour que la justice sociale et l&rsquo;\u00e9galit\u00e9 des genres soient au centre de l&rsquo;\u00e9cologie. Paris, reportage Un soleil doux d&rsquo;octobre glisse&hellip; <\/p>\n","protected":false},"author":1,"featured_media":0,"comment_status":"open","ping_status":"open","sticky":false,"template":"","format":"standard","meta":{"footnotes":""},"categories":[1],"tags":[],"class_list":["post-17848","post","type-post","status-publish","format-standard","hentry","category-non-classe"],"_links":{"self":[{"href":"https:\/\/monde25.info\/index.php\/wp-json\/wp\/v2\/posts\/17848","targetHints":{"allow":["GET"]}}],"collection":[{"href":"https:\/\/monde25.info\/index.php\/wp-json\/wp\/v2\/posts"}],"about":[{"href":"https:\/\/monde25.info\/index.php\/wp-json\/wp\/v2\/types\/post"}],"author":[{"embeddable":true,"href":"https:\/\/monde25.info\/index.php\/wp-json\/wp\/v2\/users\/1"}],"replies":[{"embeddable":true,"href":"https:\/\/monde25.info\/index.php\/wp-json\/wp\/v2\/comments?post=17848"}],"version-history":[{"count":0,"href":"https:\/\/monde25.info\/index.php\/wp-json\/wp\/v2\/posts\/17848\/revisions"}],"wp:attachment":[{"href":"https:\/\/monde25.info\/index.php\/wp-json\/wp\/v2\/media?parent=17848"}],"wp:term":[{"taxonomy":"category","embeddable":true,"href":"https:\/\/monde25.info\/index.php\/wp-json\/wp\/v2\/categories?post=17848"},{"taxonomy":"post_tag","embeddable":true,"href":"https:\/\/monde25.info\/index.php\/wp-json\/wp\/v2\/tags?post=17848"}],"curies":[{"name":"wp","href":"https:\/\/api.w.org\/{rel}","templated":true}]}}