{"id":17851,"date":"2025-10-18T06:38:39","date_gmt":"2025-10-18T04:38:39","guid":{"rendered":"https:\/\/monde25.info\/index.php\/2025\/10\/18\/strategie-lgbtiq-2030-leurope-ouvre-la-porte-a-lauto-identification-de-genre-des-lenfance\/"},"modified":"2025-10-18T06:38:39","modified_gmt":"2025-10-18T04:38:39","slug":"strategie-lgbtiq-2030-leurope-ouvre-la-porte-a-lauto-identification-de-genre-des-lenfance","status":"publish","type":"post","link":"https:\/\/monde25.info\/index.php\/2025\/10\/18\/strategie-lgbtiq-2030-leurope-ouvre-la-porte-a-lauto-identification-de-genre-des-lenfance\/","title":{"rendered":"Strat\u00e9gie LGBTIQ+ 2030 : l&rsquo;Europe ouvre la porte \u00e0 l&rsquo;auto-identification de genre d\u00e8s l&rsquo;enfance"},"content":{"rendered":"<p> <br \/>\n<\/p>\n<div>\n<p><strong>Le 8 octobre, la Commission europ\u00e9enne a d\u00e9voil\u00e9 sa strat\u00e9gie LGBTIQ+ 2026-2030, dont l&rsquo;un des volets pr\u00f4ne l&rsquo;auto-identification de genre d\u00e8s l&rsquo;enfance. Cette proposition, qui risque de perturber le d\u00e9velopper des enfants en engendrant des remises en question \u00e0 tout-va, suscite des critiques virulentes au sein du Parlement.<\/strong><\/p>\n<p>La strat\u00e9gie est soutenue par des fonds europ\u00e9ens massifs, visant \u00e0 renforcer les droits des personnes LGBTIQ+ d&rsquo;ici 2030. Parmi les objectifs principaux figure la promotion de l&rsquo;auto-identification de genre, sans restriction d&rsquo;\u00e2ge, pour les mineurs. Dans le <a target=\"_blank\" href=\"https:\/\/commission.europa.eu\/document\/b4952371-4308-47ad-b995-02c539b75dda_en\">texte publi\u00e9<\/a> par la Commission, il est \u00e9crit ce qui suit :\u00a0<\/p>\n<blockquote>\n<p>Les exigences en mati\u00e8re de reconnaissance juridique du genre varient consid\u00e9rablement d\u2019un \u00c9tat membre \u00e0 l\u2019autre. Alors que certains ont adopt\u00e9 des mod\u00e8les fond\u00e9s sur l\u2019autod\u00e9termination, d\u2019autres imposent des proc\u00e9dures m\u00e9dicales que la Cour europ\u00e9enne des droits de l\u2019homme a jug\u00e9es susceptibles de porter atteinte aux droits humains. La Commission facilitera les \u00e9changes de bonnes pratiques entre \u00c9tats membres afin de soutenir le d\u00e9veloppement de proc\u00e9dures de reconnaissance juridique du genre fond\u00e9es sur l\u2019autod\u00e9termination et exemptes de toute restriction li\u00e9e \u00e0 l\u2019\u00e2ge.<\/p>\n<\/blockquote>\n<p>Ce projet, qui s&rsquo;inscrit dans le cadre de la lutte contre les discriminations et les violences, suscite des remous dans le milieu politique europ\u00e9en. Si l&rsquo;initiative met en avant une \u00e9galit\u00e9 des droits et une reconnaissance des sp\u00e9cificit\u00e9s des jeunes, la question de l&rsquo;autonomie des mineurs face \u00e0 des choix aussi fondamentaux n&rsquo;est pas sans poser probl\u00e8me.<\/p>\n<p>D&rsquo;un c\u00f4t\u00e9, la Commission argue que cette approche permet de mieux r\u00e9pondre aux besoins des jeunes, notamment des mineurs \u00ab\u00a0intersexes\u00a0\u00bb, en prenant en compte une multitude de facteurs. De l&rsquo;autre, on parle volontiers de \u00ab\u00a0maltraitance id\u00e9ologique\u00a0\u00bb, estimant qu&rsquo;il s&rsquo;agit d&rsquo;une d\u00e9rive qui remplace la protection des enfants par un agenda politique. \u00ab\u00a0Les enfants n&rsquo;ont pas besoin d&rsquo;une strat\u00e9gie de genre\u00a0\u00bb, insiste le d\u00e9put\u00e9 n\u00e9erlandais Sebastian Kruis. Selon lui, l&rsquo;Union ne fait qu&rsquo;ouvrir la porte \u00e0 des exp\u00e9riences dangereuses, d\u2019autant plus que ce type de d\u00e9cision touche \u00e0 la sph\u00e8re personnelle la plus intime.<\/p>\n<blockquote>\n<p>Voir aussi : <a target=\"_blank\" href=\"https:\/\/www.francesoir.fr\/societe-sante\/gpa-marie-estelle-dupont-defend-l-interet-superieur-de-l-enfant\">GPA : Marie-Estelle Dupont d\u00e9fend l&rsquo;int\u00e9r\u00eat sup\u00e9rieur de l&rsquo;enfant<\/a><\/p>\n<\/blockquote>\n<p>Au-del\u00e0 des oppositions conservatrices, c&rsquo;est aussi l&rsquo;usage des fonds publics qui est mis en question. Comme le rapporte <em>The Epoch Times<\/em>, plusieurs m\u00e9dias soulignent que ce programme, financ\u00e9 par des milliards d&rsquo;euros en provenance des contribuables europ\u00e9ens, pourrait mener \u00e0 un investissement disproportionn\u00e9 dans des initiatives dont les r\u00e9sultats sont loin d&rsquo;\u00eatre garantis.\u00a0<\/p>\n<\/div>\n<p><script>(function(d, s, id) {  var js, fjs = d.getElementsByTagName(s)[0];  if (d.getElementById(id)) return;  js = d.createElement(s); js.id = id;  js.src = \"\/\/connect.facebook.net\/fr_FR\/sdk.js#xfbml=1&version=v2.3\";  fjs.parentNode.insertBefore(js, fjs);}(document, \"script\", \"facebook-jssdk\"));<\/script><br \/>\n<br \/><br \/>\n<br \/><a href=\"https:\/\/www.francesoir.fr\/politique-monde\/strategie-lgbtiq-2030-l-europe-ouvre-la-porte-l-auto-identification-de-genre-des-l\" target=\"_blank\"\">Source link <\/a><\/p>\n","protected":false},"excerpt":{"rendered":"<p>Le 8 octobre, la Commission europ\u00e9enne a d\u00e9voil\u00e9 sa strat\u00e9gie LGBTIQ+ 2026-2030, dont l&rsquo;un des volets pr\u00f4ne l&rsquo;auto-identification de genre d\u00e8s l&rsquo;enfance. Cette proposition, qui risque de perturber le d\u00e9velopper&hellip; <\/p>\n","protected":false},"author":1,"featured_media":17852,"comment_status":"open","ping_status":"open","sticky":false,"template":"","format":"standard","meta":{"footnotes":""},"categories":[1],"tags":[],"class_list":["post-17851","post","type-post","status-publish","format-standard","has-post-thumbnail","hentry","category-non-classe"],"_links":{"self":[{"href":"https:\/\/monde25.info\/index.php\/wp-json\/wp\/v2\/posts\/17851","targetHints":{"allow":["GET"]}}],"collection":[{"href":"https:\/\/monde25.info\/index.php\/wp-json\/wp\/v2\/posts"}],"about":[{"href":"https:\/\/monde25.info\/index.php\/wp-json\/wp\/v2\/types\/post"}],"author":[{"embeddable":true,"href":"https:\/\/monde25.info\/index.php\/wp-json\/wp\/v2\/users\/1"}],"replies":[{"embeddable":true,"href":"https:\/\/monde25.info\/index.php\/wp-json\/wp\/v2\/comments?post=17851"}],"version-history":[{"count":0,"href":"https:\/\/monde25.info\/index.php\/wp-json\/wp\/v2\/posts\/17851\/revisions"}],"wp:featuredmedia":[{"embeddable":true,"href":"https:\/\/monde25.info\/index.php\/wp-json\/wp\/v2\/media\/17852"}],"wp:attachment":[{"href":"https:\/\/monde25.info\/index.php\/wp-json\/wp\/v2\/media?parent=17851"}],"wp:term":[{"taxonomy":"category","embeddable":true,"href":"https:\/\/monde25.info\/index.php\/wp-json\/wp\/v2\/categories?post=17851"},{"taxonomy":"post_tag","embeddable":true,"href":"https:\/\/monde25.info\/index.php\/wp-json\/wp\/v2\/tags?post=17851"}],"curies":[{"name":"wp","href":"https:\/\/api.w.org\/{rel}","templated":true}]}}