{"id":17872,"date":"2025-10-18T13:14:37","date_gmt":"2025-10-18T11:14:37","guid":{"rendered":"https:\/\/monde25.info\/index.php\/2025\/10\/18\/le-changement-climatique-vu-par-mes-courgettes\/"},"modified":"2025-10-18T13:14:37","modified_gmt":"2025-10-18T11:14:37","slug":"le-changement-climatique-vu-par-mes-courgettes","status":"publish","type":"post","link":"https:\/\/monde25.info\/index.php\/2025\/10\/18\/le-changement-climatique-vu-par-mes-courgettes\/","title":{"rendered":"\u00ab\u00a0Le changement climatique vu par mes courgettes\u00a0\u00bb"},"content":{"rendered":"<p> <br \/>\n<br \/><img loading=\"lazy\" decoding=\"async\" src=\"https:\/\/reporterre.net\/local\/cache-vignettes\/L700xH467\/rechauffement_courgette4bassdef-72c3f.jpg?1760769603\" class=\"spip_logo\" width=\"700\" height=\"467\" alt=\"\" \/><\/p>\n<p>Les courgettes ont d\u00e9sormais trop chaud l&rsquo;\u00e9t\u00e9. Elles poussent mal dans le potager de notre journaliste, qui per\u00e7oit sur sa parcelle les effets directs du d\u00e9r\u00e8glement du climat. <br class=\"autobr\" \/> Notre journaliste Marie Astier a un grand potager, chez elle, dans les C\u00e9vennes. Dans cette chronique, qui para\u00eet d\u00e9sormais le troisi\u00e8me samedi de chaque mois, elle livre astuces et r\u00e9flexions, parce que jardiner\u2026 c&rsquo;est politique. <br class=\"autobr\" \/><br \/>\nC&rsquo;est \u00e9trange, plus d&rsquo;un an de chroniques jardin et pas une seule d\u00e9di\u00e9e \u00e0 la\u00a0(\u2026)<\/p>\n<p>                    <a target=\"_blank\" href=\"https:\/\/reporterre.net\/Le-changement-climatique-vu-par-mes-courgettes?utm_source=RSS&amp;utm_medium=RSS\">Lire la suite<\/a><\/p>\n<p>                    &#8211;<br \/>\n                        <a target=\"_blank\" href=\"https:\/\/reporterre.net\/CHRONIQUES-22\" rel=\"directory\">Chronique<\/a><\/p>\n<p>                    \/<br \/>\n                        <a target=\"_blank\" href=\"https:\/\/reporterre.net\/Potager-politique\" rel=\"tag\">Potager politique<\/a><br \/>\n<br \/><br \/>\n<br \/><a href=\"https:\/\/reporterre.net\/Le-changement-climatique-vu-par-mes-courgettes\" target=\"_blank\"\">Source link <\/a><\/p>\n","protected":false},"excerpt":{"rendered":"<p>Les courgettes ont d\u00e9sormais trop chaud l&rsquo;\u00e9t\u00e9. Elles poussent mal dans le potager de notre journaliste, qui per\u00e7oit sur sa parcelle les effets directs du d\u00e9r\u00e8glement du climat. Notre journaliste&hellip; <\/p>\n","protected":false},"author":1,"featured_media":0,"comment_status":"open","ping_status":"open","sticky":false,"template":"","format":"standard","meta":{"footnotes":""},"categories":[1],"tags":[],"class_list":["post-17872","post","type-post","status-publish","format-standard","hentry","category-non-classe"],"_links":{"self":[{"href":"https:\/\/monde25.info\/index.php\/wp-json\/wp\/v2\/posts\/17872","targetHints":{"allow":["GET"]}}],"collection":[{"href":"https:\/\/monde25.info\/index.php\/wp-json\/wp\/v2\/posts"}],"about":[{"href":"https:\/\/monde25.info\/index.php\/wp-json\/wp\/v2\/types\/post"}],"author":[{"embeddable":true,"href":"https:\/\/monde25.info\/index.php\/wp-json\/wp\/v2\/users\/1"}],"replies":[{"embeddable":true,"href":"https:\/\/monde25.info\/index.php\/wp-json\/wp\/v2\/comments?post=17872"}],"version-history":[{"count":0,"href":"https:\/\/monde25.info\/index.php\/wp-json\/wp\/v2\/posts\/17872\/revisions"}],"wp:attachment":[{"href":"https:\/\/monde25.info\/index.php\/wp-json\/wp\/v2\/media?parent=17872"}],"wp:term":[{"taxonomy":"category","embeddable":true,"href":"https:\/\/monde25.info\/index.php\/wp-json\/wp\/v2\/categories?post=17872"},{"taxonomy":"post_tag","embeddable":true,"href":"https:\/\/monde25.info\/index.php\/wp-json\/wp\/v2\/tags?post=17872"}],"curies":[{"name":"wp","href":"https:\/\/api.w.org\/{rel}","templated":true}]}}