{"id":17879,"date":"2025-10-18T15:26:39","date_gmt":"2025-10-18T13:26:39","guid":{"rendered":"https:\/\/monde25.info\/index.php\/2025\/10\/18\/ibrahim-traore-promeut-une-industrialisation-au-service-de-lindependance-et-de-la-souverainete-rt-en-francais\/"},"modified":"2025-10-18T15:26:39","modified_gmt":"2025-10-18T13:26:39","slug":"ibrahim-traore-promeut-une-industrialisation-au-service-de-lindependance-et-de-la-souverainete-rt-en-francais","status":"publish","type":"post","link":"https:\/\/monde25.info\/index.php\/2025\/10\/18\/ibrahim-traore-promeut-une-industrialisation-au-service-de-lindependance-et-de-la-souverainete-rt-en-francais\/","title":{"rendered":"Ibrahim Traor\u00e9 promeut une industrialisation au service de l\u2019ind\u00e9pendance et de la souverainet\u00e9 \u2014 RT en fran\u00e7ais"},"content":{"rendered":"<p> <br \/>\n<br \/><img decoding=\"async\" src=\"https:\/\/mf.b37mrtl.ru\/french\/images\/2025.10\/thumbnail\/68f38eca87f3ec614121af6d.jpg\" \/><\/p>\n<div>\n<p class=\"text__summary\">\n                                        Lors de sa visite au site d\u2019une usine sp\u00e9cialis\u00e9e dans la production de coton hydrophile m\u00e9dical, le chef de l&rsquo;\u00c9tat a fait part de sa vision et du soutien de son gouvernement \u00e0 l\u2019industrialisation et \u00e0 la transformation des ressources locales, dans le cadre g\u00e9n\u00e9ral de la souverainet\u00e9 \u00e9conomique du pays.\n                                    <\/p>\n<p>Le pr\u00e9sident du Burkina Faso Ibrahim Traor\u00e9 s\u2019est rendu dans la commune de Pabr\u00e9, dans le centre du pays, le 17 octobre, afin de visiter les locaux de la Soci\u00e9t\u00e9 de Fabrication de Coton Burkinab\u00e8 (SO.FA.CO-B) qui red\u00e9marre ses activit\u00e9s apr\u00e8s un arr\u00eat de plusieurs ann\u00e9es. Selon la presse locale, ce retour aux affaires est d\u00fb \u00e0 l\u2019engagement de la pr\u00e9sidence dans une politique volontariste d\u2019industrialisation et de souverainet\u00e9 \u00e9conomique.<\/p>\n<h2>Encourager les Burkinab\u00e8 \u00e0\u00a0\u00ab\u00a0cr\u00e9er et \u00e0 se mettre dans l&rsquo;industrialisation\u00a0\u00bb<\/h2>\n<p>La visite est l\u2019occasion pour le pr\u00e9sident du Burkina Faso d\u2019encourager et f\u00e9liciter la pers\u00e9v\u00e9rance de la promotrice de l\u2019usine, la Dr C\u00e9line Kontyar\u00e9 Kobean\u00e9, soulignant l\u2019importance de transformer la mati\u00e8re premi\u00e8re locale. \u00ab\u00a0Produire, transformer et consommer, et bient\u00f4t exporter\u00a0\u00bb, a d\u00e9clar\u00e9 Ibrahim Traor\u00e9, expliquant que \u00ab l\u2019industrialisation, c\u2019est le processus ultime pour notre ind\u00e9pendance et notre souverainet\u00e9 r\u00e9elles. Nous encourageons beaucoup les gens \u00e0 cr\u00e9er et \u00e0 se mettre dans l\u2019industrialisation\u00a0\u00bb. Des propos qui traduisent la vision gouvernementale pour la souverainet\u00e9 du Burkina Faso via\u00a0l\u2019industrialisation. S\u2019adressant aux entrepreneurs, il a d\u00e9clar\u00e9\u00a0: \u00ab\u00a0J&rsquo;encourage tous les op\u00e9rateurs \u00e9conomiques \u00e0 se lancer dans la transformation. Nous allons les accompagner et les soutenir comme nous l\u2019avons fait ici\u00a0\u00bb.<\/p>\n<h2>Une plateforme num\u00e9rique pour mettre en valeur les talents scientifiques, techniques et technologiques<\/h2>\n<p>Le chef d&rsquo;\u00c9tat burkinab\u00e8 a indiqu\u00e9 le lancement \u00e0 venir, en signe de soutien concret au processus d\u2019industrialisation, d\u2019une plateforme num\u00e9rique baptis\u00e9e Faso Andub\u00e8, dont la fonction sera de mettre en valeur les talents dans les domaines scientifique, technique et technologique. Apr\u00e8s leur inscription sur cette interface, les candidats seront orient\u00e9s vers un\u00a0\u00ab\u00a0incubateur en cours de construction\u00a0\u00bb \u00e0 Pabr\u00e9, a-t-il fait savoir, affirmant au terme de sa visite que \u00ab\u00a0l&rsquo;industrialisation, ce ne serait pas seulement importer les machines, c&rsquo;est fabriquer des machines\u00a0\u00bb.<\/p>\n<p>Le gouvernement du Burkina Faso mise sur la multiplication de ces initiatives locales pour r\u00e9pondre aux besoins du pays tout en stimulant la cr\u00e9ation d\u2019emplois et l\u2019innovation, mais aussi en transformant et en valorisant les ressources locales.<\/p>\n<\/div>\n<p><br \/>\n<br \/><a href=\"https:\/\/francais.rt.com\/afrique\/126483-burkina-faso-ibrahim-traore-promeut-industrialisation-au-service-independance-souverainete\" target=\"_blank\"\">Source link <\/a><\/p>\n","protected":false},"excerpt":{"rendered":"<p>Lors de sa visite au site d\u2019une usine sp\u00e9cialis\u00e9e dans la production de coton hydrophile m\u00e9dical, le chef de l&rsquo;\u00c9tat a fait part de sa vision et du soutien de&hellip; <\/p>\n","protected":false},"author":1,"featured_media":17880,"comment_status":"open","ping_status":"open","sticky":false,"template":"","format":"standard","meta":{"footnotes":""},"categories":[1],"tags":[],"class_list":["post-17879","post","type-post","status-publish","format-standard","has-post-thumbnail","hentry","category-non-classe"],"_links":{"self":[{"href":"https:\/\/monde25.info\/index.php\/wp-json\/wp\/v2\/posts\/17879","targetHints":{"allow":["GET"]}}],"collection":[{"href":"https:\/\/monde25.info\/index.php\/wp-json\/wp\/v2\/posts"}],"about":[{"href":"https:\/\/monde25.info\/index.php\/wp-json\/wp\/v2\/types\/post"}],"author":[{"embeddable":true,"href":"https:\/\/monde25.info\/index.php\/wp-json\/wp\/v2\/users\/1"}],"replies":[{"embeddable":true,"href":"https:\/\/monde25.info\/index.php\/wp-json\/wp\/v2\/comments?post=17879"}],"version-history":[{"count":0,"href":"https:\/\/monde25.info\/index.php\/wp-json\/wp\/v2\/posts\/17879\/revisions"}],"wp:featuredmedia":[{"embeddable":true,"href":"https:\/\/monde25.info\/index.php\/wp-json\/wp\/v2\/media\/17880"}],"wp:attachment":[{"href":"https:\/\/monde25.info\/index.php\/wp-json\/wp\/v2\/media?parent=17879"}],"wp:term":[{"taxonomy":"category","embeddable":true,"href":"https:\/\/monde25.info\/index.php\/wp-json\/wp\/v2\/categories?post=17879"},{"taxonomy":"post_tag","embeddable":true,"href":"https:\/\/monde25.info\/index.php\/wp-json\/wp\/v2\/tags?post=17879"}],"curies":[{"name":"wp","href":"https:\/\/api.w.org\/{rel}","templated":true}]}}