{"id":17886,"date":"2025-10-18T18:11:46","date_gmt":"2025-10-18T16:11:46","guid":{"rendered":"https:\/\/monde25.info\/index.php\/2025\/10\/18\/pourquoi-larmee-israelienne-na-pu-detecter-lemplacement-des-captifs-israeliens-dans-la-bande-de-gaza\/"},"modified":"2025-10-18T18:11:46","modified_gmt":"2025-10-18T16:11:46","slug":"pourquoi-larmee-israelienne-na-pu-detecter-lemplacement-des-captifs-israeliens-dans-la-bande-de-gaza","status":"publish","type":"post","link":"https:\/\/monde25.info\/index.php\/2025\/10\/18\/pourquoi-larmee-israelienne-na-pu-detecter-lemplacement-des-captifs-israeliens-dans-la-bande-de-gaza\/","title":{"rendered":"Pourquoi l\u2019arm\u00e9e isra\u00e9lienne n\u2019a pu d\u00e9tecter l\u2019emplacement des captifs isra\u00e9liens dans la bande de Gaza ?"},"content":{"rendered":"<p> <br \/>\n<\/p>\n<div>\n<ol class=\"campaign-loop campaign-list\">\n<li id=\"campaign-482494\" class=\"post-482494 campaign type-campaign status-publish hentry campaign-has-goal campaign-has-not-achieved-goal campaign-has-end-date campaign-has-not-ended\">\n\t<a target=\"_blank\" href=\"https:\/\/reseauinternational.net\/campaigns\/campagne-de-dons-septembre-octobre-2025\/\"><\/p>\n<h3>Campagne de dons Octobre 2025<\/h3>\n<p>\t\t\t<\/a><\/p>\n<p>\n\tAppel aux dons \u2013 Votre soutien nous est indispensable pour continuer \u00e0 vous fournir le meilleur de l\u2019information internationale alternative. C\u2019est gr\u00e2ce \u00e0 vos dons que nous pourrons maintenir le cap pour une information plurielle et r\u00e9ellement alternative. Nous comptons sur vous.<\/p>\n<p>\n<span class=\"amount\">11 550,87\u00a0\u20ac<\/span> de l\u2019objectif de <span class=\"goal-amount\">25 000,00\u00a0\u20ac<\/span> atteint<\/p>\n<\/li>\n<\/ol>\n<p>par <strong>Al-Manar<\/strong><\/p>\n<p>En d\u00e9pit de la guerre g\u00e9nocidaire de deux ans contre la bande de Gaza au cours de laquelle plus de 67 000 Palestiniens ont \u00e9t\u00e9 tu\u00e9s, l\u2019arm\u00e9e d\u2019occupation a essuy\u00e9 un revers indubitable pour la simple raison qu\u2019elle a \u00e9t\u00e9 incapable de r\u00e9aliser son objectif essentiel : r\u00e9cup\u00e9rer les captifs isra\u00e9liens fait prisonniers dans l\u2019attaque in\u00e9dite du Hamas dans l\u2019enveloppe de Gaza qui s\u2019est poursuivie pendant une semaine de traque et au cours de laquelle 1221 Isra\u00e9liens ont p\u00e9ri, des civils selon la version officielle isra\u00e9lienne.<\/p>\n<p>Pourtant, elle avait men\u00e9 plusieurs op\u00e9rations sp\u00e9ciales dans la bande de Gaza au cours des deux derni\u00e8res ann\u00e9es pour r\u00e9cup\u00e9rer ces captifs, rapporte\u00a0le journal isra\u00e9lien Yediot <em>Ahronoth<\/em>, citant une source de s\u00e9curit\u00e9 isra\u00e9lienne.<\/p>\n<p>Selon cette source, les informations des services de renseignements concernant l\u2019emplacement des captifs isra\u00e9liens qui \u00e9taient s\u00e9questr\u00e9s dans la bande de Gaza n\u2019\u00e9taient pas exactes \u00e0 100% et\u00a0les emplacements des captifs isra\u00e9liens \u00e9taient susceptibles de changer \u00e0 tout moment, m\u00eame quelques minutes avant les frappes a\u00e9riennes, entra\u00eenant la mort de certains d\u2019entre eux.<\/p>\n<p>\u00ab<em>Lors d\u2019une op\u00e9ration, l\u2019unit\u00e9 Sayeret Matkal s\u2019est infiltr\u00e9e dans une maison \u00e0 Khan Youn\u00e8s, au sud de Gaza, mais les combattants du Hamas ont r\u00e9agi rapidement, ce qui a fait des bless\u00e9s graves parmi les soldats isra\u00e9liens et la mort de l\u2019un des captifs, dont le corps a pu \u00eatre r\u00e9cup\u00e9r\u00e9 par le Hamas<\/em>\u00bb, rapporte la source.<\/p>\n<p>Le journaliste palestinien Fayez Abou Shmallaeh a expliqu\u00e9 les raisons pour lesquelles l\u2019arm\u00e9e d\u2019occupation n\u2019a pu parvenir \u00e0 d\u00e9tecter l\u2019emplacement des captifs.<\/p>\n<figure class=\"wp-block-embed is-type-rich is-provider-twitter wp-block-embed-twitter\">\n<div class=\"wp-block-embed__wrapper\">\n<div class=\"embed-twitter\">\n<blockquote class=\"twitter-tweet\" data-width=\"550\" data-dnt=\"true\">\n<p lang=\"ar\" dir=\"rtl\">\u0647\u0644 \u062a\u0647\u064f\u0632\u0645 \u0645\u062b\u0644 \u0647\u0630\u0647 \u0627\u0644\u0642\u064a\u0627\u062f\u0629\u061f<br \/>\u0627\u0633\u0645\u0639\u0648\u0627 \u0645\u0627 \u064a\u0642\u0648\u0644\u0647 \u0623\u062d\u062f \u0627\u0644\u062c\u0646\u0648\u062f \u0627\u0644\u0625\u0633\u0631\u0627\u0626\u064a\u0644\u064a\u064a\u0646 \u0627\u0644\u0630\u064a \u0643\u0627\u0646 \u0623\u0633\u064a\u0631\u0627\u064b \u0641\u064a \u063a\u0632\u0629!<br \/>\u064a\u0642\u0648\u0644:<br \/>\u0646\u0638\u0645\u062a \u0648\u062d\u062f\u0629 \u0627\u0644\u0638\u0644 \u0641\u064a \u0643\u062a\u0627\u0626\u0628 \u0627\u0644\u0642\u0633\u0627\u0645 \u0645\u0638\u0627\u0647\u0631\u0627\u062a \u0636\u062f \u0627\u0644\u062d\u0631\u0628\u060c \u0648\u0636\u062f \u062d\u0631\u0643\u0629 \u062d\u0645\u0627\u0633<br \/>\u0643\u0627\u0646 \u0630\u0644\u0643 \u0628\u062a\u0627\u0631\u064a\u062e 25 \u0645\u0627\u0631\u0633 \u0645\u0646 \u0647\u0630\u0647 \u0627\u0644\u0633\u0646\u0629.<br \/>\u0648\u0642\u062f \u0645\u0634\u064a\u0646\u0627 \u0646\u062d\u0646 \u0627\u0644\u062c\u0646\u0648\u062f \u0627\u0644\u0625\u0633\u0631\u0627\u0626\u064a\u0644\u064a\u064a\u0646 \u0627\u0644\u0623\u0633\u0631\u0649 \u0648\u0633\u0637 \u0627\u0644\u0645\u0638\u0627\u0647\u0631\u0627\u062a \u0627\u0644\u062a\u064a \u062a\u062d\u0631\u0643\u062a \u0645\u0646 \u0628\u064a\u062a \u0644\u0627\u0647\u064a\u0627\u2026 <a target=\"_blank\" href=\"https:\/\/t.co\/DaZTxW2o8i\">pic.twitter.com\/DaZTxW2o8i<\/a><\/p>\n<p>\u2014 \u062f. \u0641\u0627\u064a\u0632 \u0623\u0628\u0648 \u0634\u0645\u0627\u0644\u0629 (@FayezShamm18239) <a target=\"_blank\" href=\"https:\/\/twitter.com\/FayezShamm18239\/status\/1978345214566649968?ref_src=twsrc%5Etfw\">October 15, 2025<\/a><\/p><\/blockquote>\n<\/div>\n<\/div>\n<\/figure>\n<p>Sur X, il a rapport\u00e9 le 15 octobre dernier le t\u00e9moignage d\u2019un soldat isra\u00e9lien qui \u00e9tait retenu prisonnier \u00e0 Gaza et dans lequel il raconte comment le Hamas a d\u00e9plac\u00e9 les captifs de Beit Lahia au nord de la bande de Gaza \u00e0 Khan Younes au sud.<\/p>\n<p>Ceci a eu lieu lors \u00ab<em>de manifestations contre la guerre et contre le Hamas organis\u00e9es le 25 mars de cette ann\u00e9e par l\u2019unit\u00e9 fant\u00f4me des Brigades al-Qassam<\/em>\u00bb, a r\u00e9v\u00e9l\u00e9 ce soldat ex-captif dont l\u2019identit\u00e9 n\u2019a pas \u00e9t\u00e9 r\u00e9v\u00e9l\u00e9e par le journaliste palestinien.<\/p>\n<p>Et le soldat de poursuivre : \u00ab<em>Nous, les soldats isra\u00e9liens retenus captifs, avons march\u00e9 au milieu des manifestations, qui se sont d\u00e9plac\u00e9es de Beit Lahia, au nord, vers Beit Hanoun, puis vers Gaza et enfin vers Khan Younis, au sud<\/em>\u00bb.<\/p>\n<p>Selon Abou Shammaleh, les manifestations au cours desquelles \u00e9taient scandees des slogans contre la r\u00e9sistance, avaient r\u00e9joui les Isra\u00e9liens qui les ont pr\u00e9sent\u00e9es comme une victoire. \u00ab<em>En r\u00e9alit\u00e9, ces manifestations \u00e9taient l\u2019\u0153uvre des Brigades al-Qassam, et au cours de celles-ci, les soldats isra\u00e9liens retenus captifs ont \u00e9t\u00e9 transf\u00e9r\u00e9s du nord au sud, sous le regard vigilant de l\u2019aviation isra\u00e9lienne et des services de renseignement isra\u00e9liens, qui se sont r\u00e9jouis de cette manifestation contre le Hamas<\/em>\u00bb, ajoute-t-il sur X.<\/p>\n<p>Selon lui, le soldat isra\u00e9lien, \u00ab<em>lib\u00e9r\u00e9 il y a deux jours<\/em>\u00bb, le lundi 13 octobre, parmi les 20 derniers captifs vivants encore retenus \u00e0 Gaza, a dit\u00a0aussi : \u00ab<em>Nous ne nous attendions pas \u00e0 ce que le plan de transfert du nord au sud r\u00e9ussisse, d\u2019autant plus que les avions de reconnaissance nous survolaient sans nous reconna\u00eetre<\/em>\u00bb.<\/p>\n<p>Il a aussi dit : \u00ab<em>Plus \u00e9trange encore, les Brigades al-Qassam nous ont demand\u00e9 de mener les manifestations et nous ont appris les slogans que nous devions scander. Nous \u00e9tions port\u00e9s sur les \u00e9paules, scandant en arabe contre la r\u00e9sistance, tandis que les hommes des Brigades al-Qassam r\u00e9p\u00e9taient les slogans apr\u00e8s nous<\/em>\u00bb.<\/p>\n<p>Et l\u2019ex-soldat captif de conclure selon Abou Shammaleh : \u00ab<em>Nous sommes arriv\u00e9s sains et saufs \u00e0 Khan Youn\u00e8s, sous le nez des services de renseignements isra\u00e9liens, qui ne nous ont pas reconnus<\/em>\u00bb.<\/p>\n<p>Cette r\u00e9v\u00e9lation s\u2019ajoute au fiasco flagrant que l\u2019arm\u00e9e d\u2019occupation isra\u00e9lienne a subi d\u2019avoir \u00e9t\u00e9 incapable de lib\u00e9rer elle-m\u00eame ces captifs et que la guerre g\u00e9nocidaire et d\u00e9vastatrice de la bande de Gaza ne saurait \u00e9clipser. Elle n\u2019en a lib\u00e9r\u00e9 que 8 vivants sans accord d\u2019\u00e9change.<\/p>\n<p>Sur les 252 qui avaient \u00e9t\u00e9 faits prisonniers le 7 octobre 2023, 141 dont 8 morts avaient \u00e9t\u00e9 lib\u00e9r\u00e9s lors des deux tr\u00eaves conclues avec le Hamas en novembre 2023 et d\u00e9but 2025, en \u00e9change plus de 2000 prisonniers palestiniens. En d\u00e9cembre 2023, l\u2019arm\u00e9e isra\u00e9lienne a reconnu avoir tu\u00e9 \u00abpar erreur\u00bb 3 captifs isra\u00e9liens.<\/p>\n<p>En avril 2024, le Hamas a d\u00e9clar\u00e9 que 72 captifs isra\u00e9liens avaient trouv\u00e9 la mort dans les raids isra\u00e9liens sur Gaza dont une m\u00e8re et ses deux enfants de 10 mois et 4 ans.<\/p>\n<p>Autre fiasco pr\u00e9dominant, Isra\u00ebl a \u00e9t\u00e9 contraint de n\u00e9gocier avec son ennemi jur\u00e9, le Hamas pour obtenir ces lib\u00e9rations, alors qu\u2019il avait promis de l\u2019\u00e9liminer. De m\u00eame, c\u2019est aussi le Hamas qui a eu le dernier mot : depuis le d\u00e9but de la guerre, il stipulait que les captifs ne seraient remis que si elle s\u2019arr\u00eatait.<\/p>\n<p>source : <a target=\"_blank\" href=\"https:\/\/french.almanar.com.lb\/3422498\">Al-Manar<\/a><\/p>\n<div class=\"sharedaddy sd-block sd-like jetpack-likes-widget-wrapper jetpack-likes-widget-unloaded\" id=\"like-post-wrapper-237719536-489321-68f3a2003804d\" data-src=\"https:\/\/widgets.wp.com\/likes\/?ver=15.0.2#blog_id=237719536&amp;post_id=489321&amp;origin=reseauinternational.net&amp;obj_id=237719536-489321-68f3a2003804d\" data-name=\"like-post-frame-237719536-489321-68f3a2003804d\" data-title=\"Aimer ou rebloguer\">\n<h3 class=\"sd-title\">J\u2019aime \u00e7a\u00a0:<\/h3>\n<p><span class=\"button\"><span>J\u2019aime<\/span><\/span> <span class=\"loading\">chargement\u2026<\/span><\/p>\n<p><span class=\"sd-text-color\"\/><a target=\"_blank\" class=\"sd-link-color\"\/><\/div>\n<p><meta itemscope=\"\" itemprop=\"mainEntityOfPage\" itemtype=\"https:\/\/schema.org\/WebPage\" itemid=\"https:\/\/reseauinternational.net\/pourquoi-larmee-israelienne-na-pu-detecter-lemplacement-des-captifs-israeliens-dans-la-bande-de-gaza\/\"\/><meta itemprop=\"headline\" content=\"Pourquoi l\u2019arm\u00e9e isra\u00e9lienne n\u2019a pu d\u00e9tecter l\u2019emplacement des captifs isra\u00e9liens dans la bande de Gaza ?\"\/><span style=\"display: none;\" itemprop=\"author\" itemscope=\"\" itemtype=\"https:\/\/schema.org\/Person\"><meta itemprop=\"name\" content=\"R\u00e9seau International\"\/><\/span><span style=\"display: none;\" itemprop=\"image\" itemscope=\"\" itemtype=\"https:\/\/schema.org\/ImageObject\"><meta itemprop=\"url\" content=\"https:\/\/i0.wp.com\/reseauinternational.net\/wp-content\/uploads\/2025\/10\/Sans-titre-19-4.png?fit=800%2C467&amp;quality=100&amp;ssl=1\"\/><meta itemprop=\"width\" content=\"800\"\/><meta itemprop=\"height\" content=\"467\"\/><\/span><span style=\"display: none;\" itemprop=\"publisher\" itemscope=\"\" itemtype=\"https:\/\/schema.org\/Organization\"><span style=\"display: none;\" itemprop=\"logo\" itemscope=\"\" itemtype=\"https:\/\/schema.org\/ImageObject\"><meta itemprop=\"url\" content=\"https:\/\/reseauinternational.net\/wp-content\/uploads\/2022\/06\/Capture-de\u0301cran-2022-06-14-a\u0300-16.51.07.png\"\/><\/span><meta itemprop=\"name\" content=\"R\u00e9seau International\"\/><\/span><meta itemprop=\"datePublished\" content=\"2025-10-18T13:09:55+00:00\"\/><meta itemprop=\"dateModified\" content=\"2025-10-18T13:10:28+00:00\"\/><\/div>\n<p><script async src=\"\/\/platform.twitter.com\/widgets.js\" charset=\"utf-8\"><\/script><br \/>\n<br \/><br \/>\n<br \/><a href=\"https:\/\/reseauinternational.net\/pourquoi-larmee-israelienne-na-pu-detecter-lemplacement-des-captifs-israeliens-dans-la-bande-de-gaza\/\" target=\"_blank\"\">Source link <\/a><\/p>\n","protected":false},"excerpt":{"rendered":"<p>Campagne de dons Octobre 2025 Appel aux dons \u2013 Votre soutien nous est indispensable pour continuer \u00e0 vous fournir le meilleur de l\u2019information internationale alternative. C\u2019est gr\u00e2ce \u00e0 vos dons&hellip; <\/p>\n","protected":false},"author":1,"featured_media":17887,"comment_status":"open","ping_status":"open","sticky":false,"template":"","format":"standard","meta":{"footnotes":""},"categories":[1],"tags":[],"class_list":["post-17886","post","type-post","status-publish","format-standard","has-post-thumbnail","hentry","category-non-classe"],"_links":{"self":[{"href":"https:\/\/monde25.info\/index.php\/wp-json\/wp\/v2\/posts\/17886","targetHints":{"allow":["GET"]}}],"collection":[{"href":"https:\/\/monde25.info\/index.php\/wp-json\/wp\/v2\/posts"}],"about":[{"href":"https:\/\/monde25.info\/index.php\/wp-json\/wp\/v2\/types\/post"}],"author":[{"embeddable":true,"href":"https:\/\/monde25.info\/index.php\/wp-json\/wp\/v2\/users\/1"}],"replies":[{"embeddable":true,"href":"https:\/\/monde25.info\/index.php\/wp-json\/wp\/v2\/comments?post=17886"}],"version-history":[{"count":0,"href":"https:\/\/monde25.info\/index.php\/wp-json\/wp\/v2\/posts\/17886\/revisions"}],"wp:featuredmedia":[{"embeddable":true,"href":"https:\/\/monde25.info\/index.php\/wp-json\/wp\/v2\/media\/17887"}],"wp:attachment":[{"href":"https:\/\/monde25.info\/index.php\/wp-json\/wp\/v2\/media?parent=17886"}],"wp:term":[{"taxonomy":"category","embeddable":true,"href":"https:\/\/monde25.info\/index.php\/wp-json\/wp\/v2\/categories?post=17886"},{"taxonomy":"post_tag","embeddable":true,"href":"https:\/\/monde25.info\/index.php\/wp-json\/wp\/v2\/tags?post=17886"}],"curies":[{"name":"wp","href":"https:\/\/api.w.org\/{rel}","templated":true}]}}